{"id":90434,"date":"2019-03-31T09:27:22","date_gmt":"2019-03-31T12:27:22","guid":{"rendered":"http:\/\/www.hoymercedes.com.ar\/principal\/?p=90434"},"modified":"2019-03-30T23:53:59","modified_gmt":"2019-03-31T02:53:59","slug":"ultimando-detalles-para-la-fiesta-de-la-torta-frita","status":"publish","type":"post","link":"https:\/\/www.hoymercedes.com.ar\/principal\/2019\/03\/31\/ultimando-detalles-para-la-fiesta-de-la-torta-frita\/","title":{"rendered":"Ultimando detalles para la Fiesta de la Torta Frita"},"content":{"rendered":"\n<p>La vig\u00e9sima Fiesta Provincial de la Torta Frita est\u00e1 cada d\u00eda m\u00e1s cerca. Desde las 14 horas del s\u00e1bado 6 de abril continuando el d\u00eda domingo 7, la fiesta tendr\u00e1 m\u00fasica y bailes folcl\u00f3ricos adem\u00e1s de la Torta Frita gigante. Se vivir\u00e1n dos jornadas a pleno en el Parque Municipal Independencia, en esta nueva edici\u00f3n de la Fiesta Provincial de la Torta Frita. <\/p>\n\n\n\n<p>Ser\u00e1 un fin de semana &#8211; d\u00edas 6 y 7 de abril &#8211; que contar\u00e1 con diferentes espect\u00e1culos en su escenario principal, puestos de artesanos, puestos gastron\u00f3micos con las torteras locales inscriptas y se cocinar\u00e1 la torta frita m\u00e1s grande del mundo. <\/p>\n\n\n\n<figure class=\"wp-block-image\"><img loading=\"lazy\" decoding=\"async\" width=\"750\" height=\"750\" data-attachment-id=\"90437\" data-permalink=\"https:\/\/www.hoymercedes.com.ar\/principal\/2019\/03\/31\/ultimando-detalles-para-la-fiesta-de-la-torta-frita\/30-tortafrita-23\/#main\" data-orig-file=\"https:\/\/www.hoymercedes.com.ar\/principal\/wp-content\/uploads\/2019\/03\/30-TortaFrita.23.jpg\" data-orig-size=\"750,750\" data-comments-opened=\"0\" data-image-meta=\"{&quot;aperture&quot;:&quot;0&quot;,&quot;credit&quot;:&quot;&quot;,&quot;camera&quot;:&quot;&quot;,&quot;caption&quot;:&quot;&quot;,&quot;created_timestamp&quot;:&quot;0&quot;,&quot;copyright&quot;:&quot;&quot;,&quot;focal_length&quot;:&quot;0&quot;,&quot;iso&quot;:&quot;0&quot;,&quot;shutter_speed&quot;:&quot;0&quot;,&quot;title&quot;:&quot;&quot;,&quot;orientation&quot;:&quot;0&quot;}\" data-image-title=\"30 TortaFrita.23\" data-image-description=\"\" data-image-caption=\"\" data-large-file=\"https:\/\/www.hoymercedes.com.ar\/principal\/wp-content\/uploads\/2019\/03\/30-TortaFrita.23.jpg\" src=\"https:\/\/www.hoymercedes.com.ar\/principal\/wp-content\/uploads\/2019\/03\/30-TortaFrita.23.jpg\" alt=\"\" class=\"wp-image-90437\" srcset=\"https:\/\/www.hoymercedes.com.ar\/principal\/wp-content\/uploads\/2019\/03\/30-TortaFrita.23.jpg 750w, https:\/\/www.hoymercedes.com.ar\/principal\/wp-content\/uploads\/2019\/03\/30-TortaFrita.23-150x150.jpg 150w, https:\/\/www.hoymercedes.com.ar\/principal\/wp-content\/uploads\/2019\/03\/30-TortaFrita.23-620x620.jpg 620w, https:\/\/www.hoymercedes.com.ar\/principal\/wp-content\/uploads\/2019\/03\/30-TortaFrita.23-100x100.jpg 100w\" sizes=\"auto, (max-width: 750px) 100vw, 750px\" \/><\/figure>\n","protected":false},"excerpt":{"rendered":"<p>La vig\u00e9sima Fiesta Provincial de la Torta Frita est\u00e1 cada d\u00eda m\u00e1s cerca. Desde las 14 horas del s\u00e1bado 6 &#8230; <a title=\"Ultimando detalles para la Fiesta de la Torta Frita\" class=\"read-more\" href=\"https:\/\/www.hoymercedes.com.ar\/principal\/2019\/03\/31\/ultimando-detalles-para-la-fiesta-de-la-torta-frita\/\" aria-label=\"Leer m\u00e1s sobre Ultimando detalles para la Fiesta de la Torta Frita\">Leer m\u00e1s<\/a><\/p>\n","protected":false},"author":1,"featured_media":90436,"comment_status":"closed","ping_status":"open","sticky":false,"template":"","format":"standard","meta":{"_monsterinsights_skip_tracking":false,"_monsterinsights_sitenote_active":false,"_monsterinsights_sitenote_note":"","_monsterinsights_sitenote_category":0,"jetpack_post_was_ever_published":false,"_jetpack_newsletter_access":"","_jetpack_dont_email_post_to_subs":false,"_jetpack_newsletter_tier_id":0,"_jetpack_memberships_contains_paywalled_content":false,"_jetpack_memberships_contains_paid_content":false,"footnotes":"","jetpack_publicize_message":"","jetpack_publicize_feature_enabled":true,"jetpack_social_post_already_shared":true,"jetpack_social_options":{"image_generator_settings":{"template":"highway","default_image_id":0,"font":"","enabled":false},"version":2},"_wpas_customize_per_network":false},"categories":[30],"tags":[10014,2057],"class_list":["post-90434","post","type-post","status-publish","format-standard","has-post-thumbnail","hentry","category-municipio","tag-cultural","tag-fiesta-de-la-torta-frita","generate-columns","tablet-grid-50","mobile-grid-100","grid-parent","grid-50"],"jetpack_publicize_connections":[],"jetpack_featured_media_url":"https:\/\/www.hoymercedes.com.ar\/principal\/wp-content\/uploads\/2019\/03\/30-TortaFrita.3.jpg","wps_subtitle":"Programaci\u00f3n","jetpack_sharing_enabled":true,"_links":{"self":[{"href":"https:\/\/www.hoymercedes.com.ar\/principal\/wp-json\/wp\/v2\/posts\/90434","targetHints":{"allow":["GET"]}}],"collection":[{"href":"https:\/\/www.hoymercedes.com.ar\/principal\/wp-json\/wp\/v2\/posts"}],"about":[{"href":"https:\/\/www.hoymercedes.com.ar\/principal\/wp-json\/wp\/v2\/types\/post"}],"author":[{"embeddable":true,"href":"https:\/\/www.hoymercedes.com.ar\/principal\/wp-json\/wp\/v2\/users\/1"}],"replies":[{"embeddable":true,"href":"https:\/\/www.hoymercedes.com.ar\/principal\/wp-json\/wp\/v2\/comments?post=90434"}],"version-history":[{"count":0,"href":"https:\/\/www.hoymercedes.com.ar\/principal\/wp-json\/wp\/v2\/posts\/90434\/revisions"}],"wp:featuredmedia":[{"embeddable":true,"href":"https:\/\/www.hoymercedes.com.ar\/principal\/wp-json\/wp\/v2\/media\/90436"}],"wp:attachment":[{"href":"https:\/\/www.hoymercedes.com.ar\/principal\/wp-json\/wp\/v2\/media?parent=90434"}],"wp:term":[{"taxonomy":"category","embeddable":true,"href":"https:\/\/www.hoymercedes.com.ar\/principal\/wp-json\/wp\/v2\/categories?post=90434"},{"taxonomy":"post_tag","embeddable":true,"href":"https:\/\/www.hoymercedes.com.ar\/principal\/wp-json\/wp\/v2\/tags?post=90434"}],"curies":[{"name":"wp","href":"https:\/\/api.w.org\/{rel}","templated":true}]}}