{"id":9046,"date":"2011-11-12T18:24:54","date_gmt":"2011-11-12T18:24:54","guid":{"rendered":"http:\/\/www.hoymercedes.com.ar\/principal\/?p=9046"},"modified":"2011-11-12T18:43:41","modified_gmt":"2011-11-12T18:43:41","slug":"se-realiza-en-plaza-san-martin-la-feria-de-productores-artesanales","status":"publish","type":"post","link":"https:\/\/www.hoymercedes.com.ar\/principal\/2011\/11\/12\/se-realiza-en-plaza-san-martin-la-feria-de-productores-artesanales\/","title":{"rendered":"Se realiza en Plaza San Mart\u00edn la Feria de productores artesanales"},"content":{"rendered":"<p><a href=\"https:\/\/www.hoymercedes.com.ar\/principal\/wp-content\/uploads\/2011\/11\/Artesanos-Mercedes-jpg.jpg\"><img loading=\"lazy\" decoding=\"async\" data-attachment-id=\"9056\" data-permalink=\"https:\/\/www.hoymercedes.com.ar\/principal\/2011\/11\/12\/se-realiza-en-plaza-san-martin-la-feria-de-productores-artesanales\/artesanos-mercedes-jpg\/#main\" data-orig-file=\"https:\/\/www.hoymercedes.com.ar\/principal\/wp-content\/uploads\/2011\/11\/Artesanos-Mercedes-jpg.jpg\" data-orig-size=\"612,459\" data-comments-opened=\"1\" data-image-meta=\"{&quot;aperture&quot;:&quot;2.8&quot;,&quot;credit&quot;:&quot;&quot;,&quot;camera&quot;:&quot;COOLPIX L10&quot;,&quot;caption&quot;:&quot;&quot;,&quot;created_timestamp&quot;:&quot;1320827488&quot;,&quot;copyright&quot;:&quot;Copyright 2006&quot;,&quot;focal_length&quot;:&quot;6.2&quot;,&quot;iso&quot;:&quot;64&quot;,&quot;shutter_speed&quot;:&quot;0.0043610989969472&quot;,&quot;title&quot;:&quot;&quot;}\" data-image-title=\"Artesanos-Mercedes-jpg\" data-image-description=\"\" data-image-caption=\"\" data-large-file=\"https:\/\/www.hoymercedes.com.ar\/principal\/wp-content\/uploads\/2011\/11\/Artesanos-Mercedes-jpg.jpg\" class=\"aligncenter size-full wp-image-9056\" title=\"Artesanos-Mercedes-jpg\" src=\"https:\/\/www.hoymercedes.com.ar\/principal\/wp-content\/uploads\/2011\/11\/Artesanos-Mercedes-jpg.jpg\" alt=\"\" width=\"612\" height=\"459\" \/><\/a><\/p>\n<p>Para la jornada de hoy est\u00e1 prevista la participaci\u00f3n de diferentes m\u00fasicos y grupos de bailes que participan de la selecci\u00f3n Pre Cosquin 2012 en el Teatro Julio C\u00e9sar Gioscio<\/p>\n<p>Con una aceptable cantidad de productores y artesanos comenz\u00f3 ayer en horas de la ma\u00f1ana la tradicional feria mensual que organiza la Direcci\u00f3n de Planeamiento y producci\u00f3n de la Municipalidad a trav\u00e9s de la gesti\u00f3n que lleva adelante el \u00c1rea de Programaci\u00f3n de la Econom\u00eda Social (APES) cuyos responsables sostuvieron \u201ccomo ya es costumbre una vez por mes nos instalamos en la Plaza San Mart\u00edn con nuestros artesanos y peque\u00f1os emprendedores para mostrar los trabajos que se realizan y al mismo tiempo poder tener un lugar m\u00e1s para ofrecer dichos productos.<\/p>\n<p>Como pueden observar de a poco se van cubri\u00e9ndolos espacios reservados y teniendo en cuenta que es viernes y reci\u00e9n estamos en el mediod\u00eda, es interesante la cantidad de expositores que han armado sus stands y ya est\u00e1n trabajando de manera especial con las personas que circulan por la Plaza para dirigirse a Tribunales o bien al propio Palacio Municipal, pero sabemos muy bien que la mayor cantidad estar\u00e1 presente durante el atardecer de este viernes y desde ya a lo largo de toda la jornada del s\u00e1bado, d\u00eda en que vamos a tener de acuerdo al ofrecimiento que nos efectuara la Direcci\u00f3n de Cultura la presencia de una serie de int\u00e9rpretes y grupos de danzas que participan en la selecci\u00f3n para el Pre Cosqu\u00edn que se hace en el Teatro Argentino quienes har\u00e1n se alguna manera junto a nosotros el ensayo final antes de subir al escenario\u201d.<\/p>\n<p>Ayer a la ma\u00f1ana casi una decena de stands ya se encontraban trabajando en la plaza entre ellos los que ofrec\u00edan tejidos, trabajos en cuero, plata, vidrio, vinos, alimentos y una amplia variedad en art\u00edculos de acero quir\u00fargico como anillos y pulseras o bien los cl\u00e1sicos de alpaca y hasta de plata.<\/p>\n<p>Los organizadores del evento conf\u00edan en lo que al menos hasta el momento se est\u00e1 dando, que el tiempo acompa\u00f1e el esfuerzo que realizan los productores para poder mostrar y vender lo que producen.<\/p>\n","protected":false},"excerpt":{"rendered":"<p>Para la jornada de hoy est\u00e1 prevista la participaci\u00f3n de diferentes m\u00fasicos y grupos de bailes que participan de la &#8230; <a title=\"Se realiza en Plaza San Mart\u00edn la Feria de productores artesanales\" class=\"read-more\" href=\"https:\/\/www.hoymercedes.com.ar\/principal\/2011\/11\/12\/se-realiza-en-plaza-san-martin-la-feria-de-productores-artesanales\/\" aria-label=\"Leer m\u00e1s sobre Se realiza en Plaza San Mart\u00edn la Feria de productores artesanales\">Leer m\u00e1s<\/a><\/p>\n","protected":false},"author":1,"featured_media":0,"comment_status":"open","ping_status":"open","sticky":false,"template":"","format":"standard","meta":{"_monsterinsights_skip_tracking":false,"_monsterinsights_sitenote_active":false,"_monsterinsights_sitenote_note":"","_monsterinsights_sitenote_category":0,"jetpack_post_was_ever_published":false,"_jetpack_newsletter_access":"","_jetpack_dont_email_post_to_subs":false,"_jetpack_newsletter_tier_id":0,"_jetpack_memberships_contains_paywalled_content":false,"_jetpack_memberships_contains_paid_content":false,"footnotes":"","jetpack_publicize_message":"","jetpack_publicize_feature_enabled":true,"jetpack_social_post_already_shared":false,"jetpack_social_options":{"image_generator_settings":{"template":"highway","default_image_id":0,"font":"","enabled":false},"version":2},"_wpas_customize_per_network":false},"categories":[8],"tags":[224],"class_list":["post-9046","post","type-post","status-publish","format-standard","hentry","category-sociedad","tag-artesanos-mercedes","generate-columns","tablet-grid-50","mobile-grid-100","grid-parent","grid-50"],"jetpack_publicize_connections":[],"jetpack_featured_media_url":"","wps_subtitle":"","jetpack_sharing_enabled":true,"_links":{"self":[{"href":"https:\/\/www.hoymercedes.com.ar\/principal\/wp-json\/wp\/v2\/posts\/9046","targetHints":{"allow":["GET"]}}],"collection":[{"href":"https:\/\/www.hoymercedes.com.ar\/principal\/wp-json\/wp\/v2\/posts"}],"about":[{"href":"https:\/\/www.hoymercedes.com.ar\/principal\/wp-json\/wp\/v2\/types\/post"}],"author":[{"embeddable":true,"href":"https:\/\/www.hoymercedes.com.ar\/principal\/wp-json\/wp\/v2\/users\/1"}],"replies":[{"embeddable":true,"href":"https:\/\/www.hoymercedes.com.ar\/principal\/wp-json\/wp\/v2\/comments?post=9046"}],"version-history":[{"count":0,"href":"https:\/\/www.hoymercedes.com.ar\/principal\/wp-json\/wp\/v2\/posts\/9046\/revisions"}],"wp:attachment":[{"href":"https:\/\/www.hoymercedes.com.ar\/principal\/wp-json\/wp\/v2\/media?parent=9046"}],"wp:term":[{"taxonomy":"category","embeddable":true,"href":"https:\/\/www.hoymercedes.com.ar\/principal\/wp-json\/wp\/v2\/categories?post=9046"},{"taxonomy":"post_tag","embeddable":true,"href":"https:\/\/www.hoymercedes.com.ar\/principal\/wp-json\/wp\/v2\/tags?post=9046"}],"curies":[{"name":"wp","href":"https:\/\/api.w.org\/{rel}","templated":true}]}}