{"id":90490,"date":"2019-04-01T07:37:47","date_gmt":"2019-04-01T10:37:47","guid":{"rendered":"http:\/\/www.hoymercedes.com.ar\/principal\/?p=90490"},"modified":"2019-03-31T20:43:21","modified_gmt":"2019-03-31T23:43:21","slug":"rap-y-freestyle-en-la-trocha","status":"publish","type":"post","link":"https:\/\/www.hoymercedes.com.ar\/principal\/2019\/04\/01\/rap-y-freestyle-en-la-trocha\/","title":{"rendered":"Rap y Freestyle en La Trocha"},"content":{"rendered":"\n<p>Una nueva jornada de Rap y Freestyle se llev\u00f3 a cabo con gran asistencia de j\u00f3venes mercedinos. Hubo 28 cantantes-raperos que son parte de esta nueva \u201cola\u201d cultural que se viene desplegando en la ciudad y tiene el acompa\u00f1amiento de la Coordinaci\u00f3n de Pol\u00edticas Juveniles. \u201cGonem\u201d, \u201cMistar Base\u201d y \u201cConex\u201d se llevaron los primeros 3 puestos.<\/p>\n\n\n\n<figure class=\"wp-block-image\"><img loading=\"lazy\" decoding=\"async\" width=\"750\" height=\"500\" data-attachment-id=\"90491\" data-permalink=\"https:\/\/www.hoymercedes.com.ar\/principal\/2019\/04\/01\/rap-y-freestyle-en-la-trocha\/01-free-style\/#main\" data-orig-file=\"https:\/\/www.hoymercedes.com.ar\/principal\/wp-content\/uploads\/2019\/03\/01-free-style.jpeg\" data-orig-size=\"750,500\" data-comments-opened=\"0\" data-image-meta=\"{&quot;aperture&quot;:&quot;0&quot;,&quot;credit&quot;:&quot;&quot;,&quot;camera&quot;:&quot;&quot;,&quot;caption&quot;:&quot;&quot;,&quot;created_timestamp&quot;:&quot;0&quot;,&quot;copyright&quot;:&quot;&quot;,&quot;focal_length&quot;:&quot;0&quot;,&quot;iso&quot;:&quot;0&quot;,&quot;shutter_speed&quot;:&quot;0&quot;,&quot;title&quot;:&quot;&quot;,&quot;orientation&quot;:&quot;0&quot;}\" data-image-title=\"01 free style\" data-image-description=\"\" data-image-caption=\"\" data-large-file=\"https:\/\/www.hoymercedes.com.ar\/principal\/wp-content\/uploads\/2019\/03\/01-free-style.jpeg\" src=\"https:\/\/www.hoymercedes.com.ar\/principal\/wp-content\/uploads\/2019\/03\/01-free-style.jpeg\" alt=\"\" class=\"wp-image-90491\" srcset=\"https:\/\/www.hoymercedes.com.ar\/principal\/wp-content\/uploads\/2019\/03\/01-free-style.jpeg 750w, https:\/\/www.hoymercedes.com.ar\/principal\/wp-content\/uploads\/2019\/03\/01-free-style-150x100.jpeg 150w, https:\/\/www.hoymercedes.com.ar\/principal\/wp-content\/uploads\/2019\/03\/01-free-style-630x420.jpeg 630w, https:\/\/www.hoymercedes.com.ar\/principal\/wp-content\/uploads\/2019\/03\/01-free-style-720x480.jpeg 720w, https:\/\/www.hoymercedes.com.ar\/principal\/wp-content\/uploads\/2019\/03\/01-free-style-360x240.jpeg 360w\" sizes=\"auto, (max-width: 750px) 100vw, 750px\" \/><\/figure>\n\n\n\n<p>Para Eugenia C\u00f3dega \u201ceste tipo de encuentros son muy importantes. Exponen las nuevas expresiones juveniles es un marco de respecto, intercambio y socializaci\u00f3n\u201d que \u201cno s\u00f3lo incluye a los much\u00edsimos j\u00f3venes mercedinos que practican y disfrutan de esta actividad sino tambi\u00e9n desde otras localidades dejando en claro que Mercedes tiene siempre algo para hacer y no vive recortes en cultura, gracias al constante apoyo de nuestro intendente, seguimos siendo una referencia regional\u201d<\/p>\n\n\n\n<p>En esta ocasi\u00f3n participaron 28 j\u00f3venes raperos y adherentes a la movida del frestyle para un gran marco de adolescentes presentes, siendo los ganadores beneficiados con horas de grabaci\u00f3n en un estudio profesional, parlantes bluetooth y auriculares de primera calidad.<\/p>\n\n\n\n<p>El intendente Ustarroz que particip\u00f3 de la movida agradeci\u00f3 a los j\u00f3venes presentes por \u201cexpresar esta novedosa propuesta, con un respeto y calidad humana destacable, sin problemas, revalorizando el encuentro, el intercambio y el pasar sanamente horas junto a la m\u00fasica, con amigos y aprovechando este hermoso predio recuperado para toda la familia\u201d, entre otros conceptos invit\u00e1ndolos a que \u201csigan adelante, esto es sencillamente maravilloso\u201d&nbsp;<br><\/p>\n","protected":false},"excerpt":{"rendered":"<p>Una nueva jornada de Rap y Freestyle se llev\u00f3 a cabo con gran asistencia de j\u00f3venes mercedinos. Hubo 28 cantantes-raperos &#8230; <a title=\"Rap y Freestyle en La Trocha\" class=\"read-more\" href=\"https:\/\/www.hoymercedes.com.ar\/principal\/2019\/04\/01\/rap-y-freestyle-en-la-trocha\/\" aria-label=\"Leer m\u00e1s sobre Rap y Freestyle en La Trocha\">Leer m\u00e1s<\/a><\/p>\n","protected":false},"author":1,"featured_media":90491,"comment_status":"closed","ping_status":"open","sticky":false,"template":"","format":"standard","meta":{"_monsterinsights_skip_tracking":false,"_monsterinsights_sitenote_active":false,"_monsterinsights_sitenote_note":"","_monsterinsights_sitenote_category":0,"jetpack_post_was_ever_published":false,"_jetpack_newsletter_access":"","_jetpack_dont_email_post_to_subs":false,"_jetpack_newsletter_tier_id":0,"_jetpack_memberships_contains_paywalled_content":false,"_jetpack_memberships_contains_paid_content":false,"footnotes":"","jetpack_publicize_message":"","jetpack_publicize_feature_enabled":true,"jetpack_social_post_already_shared":true,"jetpack_social_options":{"image_generator_settings":{"template":"highway","default_image_id":0,"font":"","enabled":false},"version":2},"_wpas_customize_per_network":false},"categories":[104],"tags":[7805,10292,3959,244,14756],"class_list":["post-90490","post","type-post","status-publish","format-standard","has-post-thumbnail","hentry","category-cultura","tag-cultura","tag-freestyle","tag-la-trocha","tag-municipio-2","tag-rap","generate-columns","tablet-grid-50","mobile-grid-100","grid-parent","grid-50"],"jetpack_publicize_connections":[],"jetpack_featured_media_url":"https:\/\/www.hoymercedes.com.ar\/principal\/wp-content\/uploads\/2019\/03\/01-free-style.jpeg","wps_subtitle":"Durante el fin de semana","jetpack_sharing_enabled":true,"_links":{"self":[{"href":"https:\/\/www.hoymercedes.com.ar\/principal\/wp-json\/wp\/v2\/posts\/90490","targetHints":{"allow":["GET"]}}],"collection":[{"href":"https:\/\/www.hoymercedes.com.ar\/principal\/wp-json\/wp\/v2\/posts"}],"about":[{"href":"https:\/\/www.hoymercedes.com.ar\/principal\/wp-json\/wp\/v2\/types\/post"}],"author":[{"embeddable":true,"href":"https:\/\/www.hoymercedes.com.ar\/principal\/wp-json\/wp\/v2\/users\/1"}],"replies":[{"embeddable":true,"href":"https:\/\/www.hoymercedes.com.ar\/principal\/wp-json\/wp\/v2\/comments?post=90490"}],"version-history":[{"count":0,"href":"https:\/\/www.hoymercedes.com.ar\/principal\/wp-json\/wp\/v2\/posts\/90490\/revisions"}],"wp:featuredmedia":[{"embeddable":true,"href":"https:\/\/www.hoymercedes.com.ar\/principal\/wp-json\/wp\/v2\/media\/90491"}],"wp:attachment":[{"href":"https:\/\/www.hoymercedes.com.ar\/principal\/wp-json\/wp\/v2\/media?parent=90490"}],"wp:term":[{"taxonomy":"category","embeddable":true,"href":"https:\/\/www.hoymercedes.com.ar\/principal\/wp-json\/wp\/v2\/categories?post=90490"},{"taxonomy":"post_tag","embeddable":true,"href":"https:\/\/www.hoymercedes.com.ar\/principal\/wp-json\/wp\/v2\/tags?post=90490"}],"curies":[{"name":"wp","href":"https:\/\/api.w.org\/{rel}","templated":true}]}}