{"id":90497,"date":"2019-04-01T13:53:19","date_gmt":"2019-04-01T16:53:19","guid":{"rendered":"http:\/\/www.hoymercedes.com.ar\/principal\/?p=90497"},"modified":"2019-04-01T15:02:10","modified_gmt":"2019-04-01T18:02:10","slug":"apuntan-a-capacitacion-de-bomberos-regional-con-sede-en-nuestra-ciudad","status":"publish","type":"post","link":"https:\/\/www.hoymercedes.com.ar\/principal\/2019\/04\/01\/apuntan-a-capacitacion-de-bomberos-regional-con-sede-en-nuestra-ciudad\/","title":{"rendered":"Apuntan a capacitaci\u00f3n de bomberos regional con sede en nuestra ciudad"},"content":{"rendered":"\n<p>As\u00ed lo confirm\u00f3 el subsecretario de Reducci\u00f3n del Riesgo de Desastres de la Secretar\u00eda de Protecci\u00f3n Civil del Ministerio de Seguridad de la Naci\u00f3n, Marcelo Rozas Garay en su visita a la ciudad. Se reuni\u00f3 con las autoridades del Cuerpo local para dise\u00f1ar las labores en futuras capacitaciones.<\/p>\n\n\n\n<figure class=\"wp-block-image\"><img loading=\"lazy\" decoding=\"async\" width=\"750\" height=\"500\" data-attachment-id=\"90498\" data-permalink=\"https:\/\/www.hoymercedes.com.ar\/principal\/2019\/04\/01\/apuntan-a-capacitacion-de-bomberos-regional-con-sede-en-nuestra-ciudad\/01-bomberos-subs-nacion\/#main\" data-orig-file=\"https:\/\/www.hoymercedes.com.ar\/principal\/wp-content\/uploads\/2019\/04\/01-bomberos-subs-nacion.jpg\" data-orig-size=\"750,500\" data-comments-opened=\"0\" data-image-meta=\"{&quot;aperture&quot;:&quot;0&quot;,&quot;credit&quot;:&quot;&quot;,&quot;camera&quot;:&quot;&quot;,&quot;caption&quot;:&quot;&quot;,&quot;created_timestamp&quot;:&quot;0&quot;,&quot;copyright&quot;:&quot;&quot;,&quot;focal_length&quot;:&quot;0&quot;,&quot;iso&quot;:&quot;0&quot;,&quot;shutter_speed&quot;:&quot;0&quot;,&quot;title&quot;:&quot;&quot;,&quot;orientation&quot;:&quot;0&quot;}\" data-image-title=\"01 bomberos subs nacion\" data-image-description=\"\" data-image-caption=\"\" data-large-file=\"https:\/\/www.hoymercedes.com.ar\/principal\/wp-content\/uploads\/2019\/04\/01-bomberos-subs-nacion.jpg\" src=\"https:\/\/www.hoymercedes.com.ar\/principal\/wp-content\/uploads\/2019\/04\/01-bomberos-subs-nacion.jpg\" alt=\"\" class=\"wp-image-90498\" srcset=\"https:\/\/www.hoymercedes.com.ar\/principal\/wp-content\/uploads\/2019\/04\/01-bomberos-subs-nacion.jpg 750w, https:\/\/www.hoymercedes.com.ar\/principal\/wp-content\/uploads\/2019\/04\/01-bomberos-subs-nacion-150x100.jpg 150w, https:\/\/www.hoymercedes.com.ar\/principal\/wp-content\/uploads\/2019\/04\/01-bomberos-subs-nacion-630x420.jpg 630w, https:\/\/www.hoymercedes.com.ar\/principal\/wp-content\/uploads\/2019\/04\/01-bomberos-subs-nacion-720x480.jpg 720w, https:\/\/www.hoymercedes.com.ar\/principal\/wp-content\/uploads\/2019\/04\/01-bomberos-subs-nacion-360x240.jpg 360w\" sizes=\"auto, (max-width: 750px) 100vw, 750px\" \/><\/figure>\n\n\n\n<p>El subsecretario de Reducci\u00f3n del Riesgo de Desastres de la Secretar\u00eda de Protecci\u00f3n Civil del Ministerio de Seguridad de la Naci\u00f3n, Marcelo Rozas Garay, estuvo en la ciudad el pasado jueves. Su visita tuvo como motivo reunirse con las autoridades del Cuerpo de Bomberos Voluntarios local.<br> Previo a ello, junto a la concejal Evangelina Cabral mantuvo un encuentro con la prensa donde dialog\u00f3 sobre las pol\u00edticas de seguridad y protecci\u00f3n civil que lleva adelante ese Ministerio.<\/p>\n\n\n\n<p>\u201cNosotros somos la autoridad de aplicaci\u00f3n de los Cuerpos de Bomberos de todo el pa\u00eds y esta la segunda visita que realizamos al cuartel de Mercedes. La visita de hoy est\u00e1 enfocada en un proceso de incrementar las capacidades que tiene el sistema. Es un proceso de certificaci\u00f3n que hemos iniciados, y considerando la magnitud del Cuartel de Mercedes, creemos que deber\u00eda ser l\u00edder en la regi\u00f3n en estos temas\u201d, indic\u00f3 Rozas Garay y agreg\u00f3: \u201cvenimos de un sistema, que despu\u00e9s de tres a\u00f1os de trabajo, hemos logrado que los Ministerio de Educaci\u00f3n \u2013como dice la ley \u2013 determine qu\u00e9 es un bombero voluntario y c\u00f3mo debe capacitarse. Esto est\u00e1 siendo votado ahora en el Consejo Federal. Antiguamente, el bombero voluntario surg\u00eda del trabajo del Cuartel y cursos cuyas curr\u00edculas no eran las adecuadas. Ahora hemos normalizado ese sistema y apuntamos a trabajar en cinco capacidades espec\u00edficas: la b\u00fasqueda de personas, con binomio hombre-perro que queremos incorporar, el rescate acu\u00e1tico, incendios forestales, y trabajo en estructuras colapsadas\u201d.<br><\/p>\n\n\n\n<p>Por otro lado indic\u00f3 que el inter\u00e9s no es solo formar a los bomberos locales, sino que adem\u00e1s sean referentes en la regi\u00f3n. Tambi\u00e9n se refiri\u00f3 al subsidio otorgado d\u00edas atr\u00e1s, que est\u00e1 orientado para lograr un mejor equipamiento y mantenimiento del Cuartel.<\/p>\n\n\n\n<figure class=\"wp-block-image\"><img loading=\"lazy\" decoding=\"async\" width=\"750\" height=\"500\" data-attachment-id=\"90499\" data-permalink=\"https:\/\/www.hoymercedes.com.ar\/principal\/2019\/04\/01\/apuntan-a-capacitacion-de-bomberos-regional-con-sede-en-nuestra-ciudad\/01-bomberos-subs-nacion2\/#main\" data-orig-file=\"https:\/\/www.hoymercedes.com.ar\/principal\/wp-content\/uploads\/2019\/04\/01-bomberos-subs-nacion2.jpg\" data-orig-size=\"750,500\" data-comments-opened=\"0\" data-image-meta=\"{&quot;aperture&quot;:&quot;2&quot;,&quot;credit&quot;:&quot;&quot;,&quot;camera&quot;:&quot;Moto G (5S) Plus&quot;,&quot;caption&quot;:&quot;&quot;,&quot;created_timestamp&quot;:&quot;1553773388&quot;,&quot;copyright&quot;:&quot;&quot;,&quot;focal_length&quot;:&quot;3.59&quot;,&quot;iso&quot;:&quot;400&quot;,&quot;shutter_speed&quot;:&quot;0.0012919896640827&quot;,&quot;title&quot;:&quot;&quot;,&quot;orientation&quot;:&quot;1&quot;}\" data-image-title=\"01 bomberos subs nacion2\" data-image-description=\"\" data-image-caption=\"\" data-large-file=\"https:\/\/www.hoymercedes.com.ar\/principal\/wp-content\/uploads\/2019\/04\/01-bomberos-subs-nacion2.jpg\" src=\"https:\/\/www.hoymercedes.com.ar\/principal\/wp-content\/uploads\/2019\/04\/01-bomberos-subs-nacion2.jpg\" alt=\"\" class=\"wp-image-90499\" srcset=\"https:\/\/www.hoymercedes.com.ar\/principal\/wp-content\/uploads\/2019\/04\/01-bomberos-subs-nacion2.jpg 750w, https:\/\/www.hoymercedes.com.ar\/principal\/wp-content\/uploads\/2019\/04\/01-bomberos-subs-nacion2-150x100.jpg 150w, https:\/\/www.hoymercedes.com.ar\/principal\/wp-content\/uploads\/2019\/04\/01-bomberos-subs-nacion2-630x420.jpg 630w, https:\/\/www.hoymercedes.com.ar\/principal\/wp-content\/uploads\/2019\/04\/01-bomberos-subs-nacion2-720x480.jpg 720w, https:\/\/www.hoymercedes.com.ar\/principal\/wp-content\/uploads\/2019\/04\/01-bomberos-subs-nacion2-360x240.jpg 360w\" sizes=\"auto, (max-width: 750px) 100vw, 750px\" \/><\/figure>\n\n\n\n<p><strong>Visita al cuartel<\/strong><br>Finalmente, el funcionario se dirigi\u00f3 a las instalaciones del Cuartel de Bomberos Voluntarios, en calle 22 y 15, donde tuvo un encuentro con los jefes del Cuerpo Activo y miembros de la Cooperadora.<\/p>\n\n\n\n<p>El presidente de la Cooperadora de Bomberos, Pedro Di Cecco, se\u00f1al\u00f3 tras la visita: \u201cLa reuni\u00f3n fue muy buena. Charlamos sobre el subsidio recibido y una serie de proyectos para hacer cursos con los bomberos nuestros y de la regi\u00f3n. Ello se va a ir elaborando y trabajando, y a medida que se vaya trabajando seguramente desde el Cuerpo se podr\u00e1 dar mayor informaci\u00f3n. <\/p>\n\n\n\n<p>En principio nos quedamos con el compromiso de que continuar\u00e1 trabajando con los bomberos de Mercedes, y a su vez este trabajo regional de capacitaci\u00f3n que se buscan implementar\u201d.<\/p>\n\n\n\n<p>Colaboraci\u00f3n: Yesica Landola<\/p>\n","protected":false},"excerpt":{"rendered":"<p>As\u00ed lo confirm\u00f3 el subsecretario de Reducci\u00f3n del Riesgo de Desastres de la Secretar\u00eda de Protecci\u00f3n Civil del Ministerio de &#8230; <a title=\"Apuntan a capacitaci\u00f3n de bomberos regional con sede en nuestra ciudad\" class=\"read-more\" href=\"https:\/\/www.hoymercedes.com.ar\/principal\/2019\/04\/01\/apuntan-a-capacitacion-de-bomberos-regional-con-sede-en-nuestra-ciudad\/\" aria-label=\"Leer m\u00e1s sobre Apuntan a capacitaci\u00f3n de bomberos regional con sede en nuestra ciudad\">Leer m\u00e1s<\/a><\/p>\n","protected":false},"author":1,"featured_media":90498,"comment_status":"closed","ping_status":"open","sticky":false,"template":"","format":"standard","meta":{"_monsterinsights_skip_tracking":false,"_monsterinsights_sitenote_active":false,"_monsterinsights_sitenote_note":"","_monsterinsights_sitenote_category":0,"jetpack_post_was_ever_published":false,"_jetpack_newsletter_access":"","_jetpack_dont_email_post_to_subs":false,"_jetpack_newsletter_tier_id":0,"_jetpack_memberships_contains_paywalled_content":false,"_jetpack_memberships_contains_paid_content":false,"footnotes":"","jetpack_publicize_message":"","jetpack_publicize_feature_enabled":true,"jetpack_social_post_already_shared":true,"jetpack_social_options":{"image_generator_settings":{"template":"highway","default_image_id":0,"font":"","enabled":false},"version":2},"_wpas_customize_per_network":false},"categories":[5210],"tags":[865,8656,14759,14758],"class_list":["post-90497","post","type-post","status-publish","format-standard","has-post-thumbnail","hentry","category-politica-nacional","tag-bomberos-voluntarios","tag-capacitacion","tag-seguridad-nacional","tag-subsidio-nacional","generate-columns","tablet-grid-50","mobile-grid-100","grid-parent","grid-50"],"jetpack_publicize_connections":[],"jetpack_featured_media_url":"https:\/\/www.hoymercedes.com.ar\/principal\/wp-content\/uploads\/2019\/04\/01-bomberos-subs-nacion.jpg","wps_subtitle":"Funcionario nacional visit\u00f3 el Cuartel","jetpack_sharing_enabled":true,"_links":{"self":[{"href":"https:\/\/www.hoymercedes.com.ar\/principal\/wp-json\/wp\/v2\/posts\/90497","targetHints":{"allow":["GET"]}}],"collection":[{"href":"https:\/\/www.hoymercedes.com.ar\/principal\/wp-json\/wp\/v2\/posts"}],"about":[{"href":"https:\/\/www.hoymercedes.com.ar\/principal\/wp-json\/wp\/v2\/types\/post"}],"author":[{"embeddable":true,"href":"https:\/\/www.hoymercedes.com.ar\/principal\/wp-json\/wp\/v2\/users\/1"}],"replies":[{"embeddable":true,"href":"https:\/\/www.hoymercedes.com.ar\/principal\/wp-json\/wp\/v2\/comments?post=90497"}],"version-history":[{"count":0,"href":"https:\/\/www.hoymercedes.com.ar\/principal\/wp-json\/wp\/v2\/posts\/90497\/revisions"}],"wp:featuredmedia":[{"embeddable":true,"href":"https:\/\/www.hoymercedes.com.ar\/principal\/wp-json\/wp\/v2\/media\/90498"}],"wp:attachment":[{"href":"https:\/\/www.hoymercedes.com.ar\/principal\/wp-json\/wp\/v2\/media?parent=90497"}],"wp:term":[{"taxonomy":"category","embeddable":true,"href":"https:\/\/www.hoymercedes.com.ar\/principal\/wp-json\/wp\/v2\/categories?post=90497"},{"taxonomy":"post_tag","embeddable":true,"href":"https:\/\/www.hoymercedes.com.ar\/principal\/wp-json\/wp\/v2\/tags?post=90497"}],"curies":[{"name":"wp","href":"https:\/\/api.w.org\/{rel}","templated":true}]}}