{"id":9050,"date":"2011-11-12T18:25:39","date_gmt":"2011-11-12T18:25:39","guid":{"rendered":"http:\/\/www.hoymercedes.com.ar\/principal\/?p=9050"},"modified":"2011-11-12T18:44:43","modified_gmt":"2011-11-12T18:44:43","slug":"la-camara-economica-informo-sobre-un-curso-y-un-concurso","status":"publish","type":"post","link":"https:\/\/www.hoymercedes.com.ar\/principal\/2011\/11\/12\/la-camara-economica-informo-sobre-un-curso-y-un-concurso\/","title":{"rendered":"La C\u00e1mara Econ\u00f3mica  inform\u00f3  sobre un curso y un concurso"},"content":{"rendered":"<p><a href=\"https:\/\/www.hoymercedes.com.ar\/principal\/wp-content\/uploads\/2011\/11\/Villareal-CEM.jpg\"><img loading=\"lazy\" decoding=\"async\" data-attachment-id=\"9058\" data-permalink=\"https:\/\/www.hoymercedes.com.ar\/principal\/2011\/11\/12\/la-camara-economica-informo-sobre-un-curso-y-un-concurso\/villareal-cem\/#main\" data-orig-file=\"https:\/\/www.hoymercedes.com.ar\/principal\/wp-content\/uploads\/2011\/11\/Villareal-CEM.jpg\" data-orig-size=\"612,459\" data-comments-opened=\"1\" data-image-meta=\"{&quot;aperture&quot;:&quot;3.8&quot;,&quot;credit&quot;:&quot;&quot;,&quot;camera&quot;:&quot;COOLPIX L10&quot;,&quot;caption&quot;:&quot;&quot;,&quot;created_timestamp&quot;:&quot;1320825551&quot;,&quot;copyright&quot;:&quot;Copyright 2006&quot;,&quot;focal_length&quot;:&quot;10.7&quot;,&quot;iso&quot;:&quot;200&quot;,&quot;shutter_speed&quot;:&quot;0.033333333333333&quot;,&quot;title&quot;:&quot;&quot;}\" data-image-title=\"Villareal-CEM\" data-image-description=\"\" data-image-caption=\"\" data-large-file=\"https:\/\/www.hoymercedes.com.ar\/principal\/wp-content\/uploads\/2011\/11\/Villareal-CEM.jpg\" class=\"aligncenter size-full wp-image-9058\" title=\"Villareal-CEM\" src=\"https:\/\/www.hoymercedes.com.ar\/principal\/wp-content\/uploads\/2011\/11\/Villareal-CEM.jpg\" alt=\"\" width=\"612\" height=\"459\" \/><\/a><\/p>\n<p>Integrantes de la nueva Comisi\u00f3n directiva de la C\u00e1mara Econ\u00f3mica que preside Jorge Cont\u00edn dieron a conocer ayer a trav\u00e9s de una conferencia de prensa la realizaci\u00f3n de un curso sobre vidrieras y al mismo tiempo un concurso preparado para todos los comercios de nuestra ciudad que tiene que ver con la ornamentaci\u00f3n del mismo.<\/p>\n<p>Luego de concluida la rueda de prensa, Jorge Villarreal junto a la responsable de la Comisi\u00f3n de Damas Silvia Gils Carb\u00f3 expresaron \u201cen primer t\u00e9rmino vamos a hablar acerca del curso que se estar\u00e1 dictando en nuestra sede que tiene que ver con las vidrieras y su preparaci\u00f3n teniendo en cuenta las pr\u00f3ximas fiestas.<\/p>\n<p>El 25 de este mes aproximadamente desde las 20.00 estaremos contando en Mercedes con la presencia de la Arquitecta Titina Castro quien ya no visitara en otras oportunidades, para dentro de su tarea espec\u00edfica como consultora docente del Programa PROCOM\/CAME, dar\u00e1 en nuestra sede un curso de vidrieras que introducir\u00e1 a los participantes en el marco de conocimientos relativos a las herramientas indispensables a la hora de armar una vidriera, teniendo en cuenta que en las actuales \u00e9pocas sonlas vidrieras las que deben adaptarse a las nuevas exigencias y dar respuestas a las necesidades que a diario presentan una amplia gama de clientes en cualquier tipo de comercio transform\u00e1ndose de esa manera en una nueva y verdadera herramienta de marketing.<\/p>\n<p>El curso est\u00e1 dirigido especialmente a todas las personas que deseen capacitarse en el desarrollo de la imagen de marca y vidrieras, tanto en locales comerciales como en paseos de compras tratando de incluir desde luego los ejes de la identidad local, estrategias de comunicaci\u00f3n y el fortalecimiento del comercio local.<\/p>\n<p>La inscripci\u00f3n tiene un costo por persona de cuarenta pesos ($ 40) para todos aquellos que no socios de la C\u00e1mara ya que los mismo pueden hacerlo de manera gratuita pero lo que si pedimos es que venga una sola persona por comercio ya que no queremos cien personas sino cien empresas\u201d. Las isncr4ociones pueden efectuarse n la sede de la C\u00e1mara o v\u00eda mail a info@camaraeconomica.com.ar<\/p>\n<p><strong>El concurso de Ambientaci\u00f3n Navide\u00f1a<\/strong><\/p>\n<p>Posteriormente Villarreal y Gils Carb\u00f3 se refirieron al concurso que se llevar\u00e1 a cabo en ambientaci\u00f3n navide\u00f1a entre comercios de toda la ciudad sosteniendo \u201cqueda en claro que se trata no solo para los tradicionales comercios del radio c\u00e9ntrico, es decir los de 24, 25, \u00f3 27 sino para los de toda la ciudad.<\/p>\n<p>La idea es que no piensen \u00fanicamente en las vidrieras, una estaci\u00f3n de servicios no cuenta con dicho elemento, pero si puede realizar perfectamente una ambientaci\u00f3n, una ornamentaci\u00f3n relacionada con la Navidad que seguramente le dar\u00e1 otro impulso a su tarea.<\/p>\n<p>Queremos recuperar aquel esp\u00edritu navide\u00f1o que siempre acompa\u00f1\u00f3 al comerciante mercedino por lo cual el concurso se pondr\u00e1 en marcha oficialmente el 25 de este mes, concurso que la CEM realiza junto a la Municipalidad de Mercedes.<\/p>\n<p>La inscripci\u00f3n se extender\u00e1 hasta el d\u00eda 15 de diciembre inclusive y la decisi\u00f3n de cuales fueron los locales comerciales mejor presentados estar\u00e1 a cargo de un jurado cuyos integrantes se dar\u00e1 a conocer una vez que se confirme a todos sus integrantes, quienes deber\u00e1n recorrer cada uno de los comercios que se hayan inscriptos para comprobar si realmente han cumplido con las pautas dadas desde esta C\u00e1mara y el resultado junto a la entrega de los premios se estar\u00eda dando a conocer creemos que el 23 de diciembre dentro du un espect\u00e1culo especial que estaremos organizando\u201d.<\/p>\n","protected":false},"excerpt":{"rendered":"<p>Integrantes de la nueva Comisi\u00f3n directiva de la C\u00e1mara Econ\u00f3mica que preside Jorge Cont\u00edn dieron a conocer ayer a trav\u00e9s &#8230; <a title=\"La C\u00e1mara Econ\u00f3mica  inform\u00f3  sobre un curso y un concurso\" class=\"read-more\" href=\"https:\/\/www.hoymercedes.com.ar\/principal\/2011\/11\/12\/la-camara-economica-informo-sobre-un-curso-y-un-concurso\/\" aria-label=\"Leer m\u00e1s sobre La C\u00e1mara Econ\u00f3mica  inform\u00f3  sobre un curso y un concurso\">Leer m\u00e1s<\/a><\/p>\n","protected":false},"author":1,"featured_media":0,"comment_status":"open","ping_status":"open","sticky":false,"template":"","format":"standard","meta":{"_monsterinsights_skip_tracking":false,"_monsterinsights_sitenote_active":false,"_monsterinsights_sitenote_note":"","_monsterinsights_sitenote_category":0,"jetpack_post_was_ever_published":false,"_jetpack_newsletter_access":"","_jetpack_dont_email_post_to_subs":false,"_jetpack_newsletter_tier_id":0,"_jetpack_memberships_contains_paywalled_content":false,"_jetpack_memberships_contains_paid_content":false,"footnotes":"","jetpack_publicize_message":"","jetpack_publicize_feature_enabled":true,"jetpack_social_post_already_shared":false,"jetpack_social_options":{"image_generator_settings":{"template":"highway","default_image_id":0,"font":"","enabled":false},"version":2},"_wpas_customize_per_network":false},"categories":[8],"tags":[1271],"class_list":["post-9050","post","type-post","status-publish","format-standard","hentry","category-sociedad","tag-camara-economica","generate-columns","tablet-grid-50","mobile-grid-100","grid-parent","grid-50"],"jetpack_publicize_connections":[],"jetpack_featured_media_url":"","wps_subtitle":"","jetpack_sharing_enabled":true,"_links":{"self":[{"href":"https:\/\/www.hoymercedes.com.ar\/principal\/wp-json\/wp\/v2\/posts\/9050","targetHints":{"allow":["GET"]}}],"collection":[{"href":"https:\/\/www.hoymercedes.com.ar\/principal\/wp-json\/wp\/v2\/posts"}],"about":[{"href":"https:\/\/www.hoymercedes.com.ar\/principal\/wp-json\/wp\/v2\/types\/post"}],"author":[{"embeddable":true,"href":"https:\/\/www.hoymercedes.com.ar\/principal\/wp-json\/wp\/v2\/users\/1"}],"replies":[{"embeddable":true,"href":"https:\/\/www.hoymercedes.com.ar\/principal\/wp-json\/wp\/v2\/comments?post=9050"}],"version-history":[{"count":0,"href":"https:\/\/www.hoymercedes.com.ar\/principal\/wp-json\/wp\/v2\/posts\/9050\/revisions"}],"wp:attachment":[{"href":"https:\/\/www.hoymercedes.com.ar\/principal\/wp-json\/wp\/v2\/media?parent=9050"}],"wp:term":[{"taxonomy":"category","embeddable":true,"href":"https:\/\/www.hoymercedes.com.ar\/principal\/wp-json\/wp\/v2\/categories?post=9050"},{"taxonomy":"post_tag","embeddable":true,"href":"https:\/\/www.hoymercedes.com.ar\/principal\/wp-json\/wp\/v2\/tags?post=9050"}],"curies":[{"name":"wp","href":"https:\/\/api.w.org\/{rel}","templated":true}]}}