{"id":90503,"date":"2019-04-01T15:18:01","date_gmt":"2019-04-01T18:18:01","guid":{"rendered":"http:\/\/www.hoymercedes.com.ar\/principal\/?p=90503"},"modified":"2019-04-01T15:17:30","modified_gmt":"2019-04-01T18:17:30","slug":"vuelve-samba-esquina-tango","status":"publish","type":"post","link":"https:\/\/www.hoymercedes.com.ar\/principal\/2019\/04\/01\/vuelve-samba-esquina-tango\/","title":{"rendered":"Vuelve Samba Esquina Tango"},"content":{"rendered":"\n<p>Tras su exitoso <a rel=\"noreferrer noopener\" aria-label=\"debut en 2018 (opens in a new tab)\" href=\"https:\/\/www.hoymercedes.com.ar\/principal\/2018\/10\/21\/samba-esquina-tango-una-cita-benefica-con-musica-y-danza\/\" target=\"_blank\">debut en 2018<\/a>, vuelve esta original propuesta art\u00edstica. Ser\u00e1 el s\u00e1bado 13 de abril en el Centro Cultural Teatro Argentino \u00abJulio C. Gioscio\u00bb. Mar\u00eda Luna y Eduardo Cirillo, al frente de numerosos m\u00fasicos y bailarines, dar\u00e1n vida a un \u201cEntrevero de Canciones Porte\u00f1as y Cariocas\u201d <\/p>\n\n\n\n<figure class=\"wp-block-image\"><img loading=\"lazy\" decoding=\"async\" width=\"750\" height=\"500\" data-attachment-id=\"82826\" data-permalink=\"https:\/\/www.hoymercedes.com.ar\/principal\/2018\/10\/21\/samba-esquina-tango-una-cita-benefica-con-musica-y-danza\/21-lujan-luna-1\/#main\" data-orig-file=\"https:\/\/www.hoymercedes.com.ar\/principal\/wp-content\/uploads\/2018\/10\/21-lujan-luna-1.jpg\" data-orig-size=\"750,500\" data-comments-opened=\"0\" data-image-meta=\"{&quot;aperture&quot;:&quot;2&quot;,&quot;credit&quot;:&quot;&quot;,&quot;camera&quot;:&quot;Moto G (5S) Plus&quot;,&quot;caption&quot;:&quot;&quot;,&quot;created_timestamp&quot;:&quot;1540072260&quot;,&quot;copyright&quot;:&quot;&quot;,&quot;focal_length&quot;:&quot;3.59&quot;,&quot;iso&quot;:&quot;400&quot;,&quot;shutter_speed&quot;:&quot;0.0625&quot;,&quot;title&quot;:&quot;&quot;,&quot;orientation&quot;:&quot;1&quot;}\" data-image-title=\"21 lujan luna 1\" data-image-description=\"\" data-image-caption=\"&lt;p&gt;Foto de Archivo&lt;\/p&gt;\n\" data-large-file=\"https:\/\/www.hoymercedes.com.ar\/principal\/wp-content\/uploads\/2018\/10\/21-lujan-luna-1.jpg\" src=\"https:\/\/www.hoymercedes.com.ar\/principal\/wp-content\/uploads\/2018\/10\/21-lujan-luna-1.jpg\" alt=\"\" class=\"wp-image-82826\" srcset=\"https:\/\/www.hoymercedes.com.ar\/principal\/wp-content\/uploads\/2018\/10\/21-lujan-luna-1.jpg 750w, https:\/\/www.hoymercedes.com.ar\/principal\/wp-content\/uploads\/2018\/10\/21-lujan-luna-1-150x100.jpg 150w, https:\/\/www.hoymercedes.com.ar\/principal\/wp-content\/uploads\/2018\/10\/21-lujan-luna-1-630x420.jpg 630w\" sizes=\"auto, (max-width: 750px) 100vw, 750px\" \/><figcaption>Foto de Archivo<\/figcaption><\/figure>\n\n\n\n<p>\u201cEl espect\u00e1culo\nquiere mostrar puntos de contacto entre el Samba y el Tango, dos g\u00e9neros\nmusicales aparentemente muy distintos pero con mucho en com\u00fan: Por ejemplo,\nambos surgieron de ra\u00edces africanas en contacto con la cultura de Am\u00e9rica. Se\ngestaron en los arrabales y fueron m\u00fasicas marginales, consideradas bajas y\nhasta prohibidas, pero con el tiempo se elevaron a la categor\u00eda de ritmos\nnacionales, representativos de la identidad de Argentina y Brasil,\nrespectivamente\u201d afirma con gran entusiasmo la cantante Mar\u00eda Luna, creadora de\nesta propuesta que el a\u00f1o pasado se present\u00f3 en el Auditorio del Colegio\nNacional con excelente repercusi\u00f3n. <\/p>\n\n\n\n<p><strong>Samba esquina Tango <\/strong>ofrece unEntrevero de Canciones porte\u00f1as y cariocas interpretadas por un s\u00f3lido grupo de m\u00fasicos, con direcci\u00f3n y arreglos de Eduardo Cirillo. Una narraci\u00f3n acompa\u00f1ada de elementos teatrales enlaza las canciones y los cuadros de danza coordinados por Mirian Salanueva les aportan movimiento y riqueza visual. De modo que un importante equipo de talentosos artistas y t\u00e9cnicos -responsables del vestuario y utiler\u00eda, la gr\u00e1fica y la puesta en escena- han trabajado en cada detalle del espect\u00e1culo, bajo la mirada atenta de Gabriela Linardi, su Productora Ejecutiva.<\/p>\n\n\n\n<p>La Direcci\u00f3n de\nCultura de la Municipalidad de Mercedes y el Colegio de Escribanos de Mercedes auspician este evento, que subir\u00e1 al escenario del Teatro Argentino\n\u201cJulio C\u00e9sar Gioscio\u201d el s\u00e1bado 13 de abril a la hora 21. Las entradas son\nnumeradas, su precio es de $200, y est\u00e1n a la venta con en la Boleter\u00eda del\nTeatro \u2013calle 27 entre 24 y 26- por la ma\u00f1ana de 9 a 12, y por la tarde y de 17\na 21. Tambi\u00e9n pueden solicitarse al tel\u00e9fono 011 15 39280111.<\/p>\n","protected":false},"excerpt":{"rendered":"<p>Tras su exitoso debut en 2018, vuelve esta original propuesta art\u00edstica. Ser\u00e1 el s\u00e1bado 13 de abril en el Centro &#8230; <a title=\"Vuelve Samba Esquina Tango\" class=\"read-more\" href=\"https:\/\/www.hoymercedes.com.ar\/principal\/2019\/04\/01\/vuelve-samba-esquina-tango\/\" aria-label=\"Leer m\u00e1s sobre Vuelve Samba Esquina Tango\">Leer m\u00e1s<\/a><\/p>\n","protected":false},"author":1,"featured_media":90504,"comment_status":"closed","ping_status":"open","sticky":false,"template":"","format":"standard","meta":{"_monsterinsights_skip_tracking":false,"_monsterinsights_sitenote_active":false,"_monsterinsights_sitenote_note":"","_monsterinsights_sitenote_category":0,"jetpack_post_was_ever_published":false,"_jetpack_newsletter_access":"","_jetpack_dont_email_post_to_subs":false,"_jetpack_newsletter_tier_id":0,"_jetpack_memberships_contains_paywalled_content":false,"_jetpack_memberships_contains_paid_content":false,"footnotes":"","jetpack_publicize_message":"","jetpack_publicize_feature_enabled":true,"jetpack_social_post_already_shared":true,"jetpack_social_options":{"image_generator_settings":{"template":"highway","default_image_id":0,"font":"","enabled":false},"version":2},"_wpas_customize_per_network":false},"categories":[104],"tags":[7805,13751,13890,8539,13750,1362],"class_list":["post-90503","post","type-post","status-publish","format-standard","has-post-thumbnail","hentry","category-cultura","tag-cultura","tag-eduardo-cirillo","tag-maria-luna","tag-musica","tag-samba","tag-tango","generate-columns","tablet-grid-50","mobile-grid-100","grid-parent","grid-50"],"jetpack_publicize_connections":[],"jetpack_featured_media_url":"https:\/\/www.hoymercedes.com.ar\/principal\/wp-content\/uploads\/2019\/04\/01-maria-luna.jpg","wps_subtitle":"Para agendar","jetpack_sharing_enabled":true,"_links":{"self":[{"href":"https:\/\/www.hoymercedes.com.ar\/principal\/wp-json\/wp\/v2\/posts\/90503","targetHints":{"allow":["GET"]}}],"collection":[{"href":"https:\/\/www.hoymercedes.com.ar\/principal\/wp-json\/wp\/v2\/posts"}],"about":[{"href":"https:\/\/www.hoymercedes.com.ar\/principal\/wp-json\/wp\/v2\/types\/post"}],"author":[{"embeddable":true,"href":"https:\/\/www.hoymercedes.com.ar\/principal\/wp-json\/wp\/v2\/users\/1"}],"replies":[{"embeddable":true,"href":"https:\/\/www.hoymercedes.com.ar\/principal\/wp-json\/wp\/v2\/comments?post=90503"}],"version-history":[{"count":0,"href":"https:\/\/www.hoymercedes.com.ar\/principal\/wp-json\/wp\/v2\/posts\/90503\/revisions"}],"wp:featuredmedia":[{"embeddable":true,"href":"https:\/\/www.hoymercedes.com.ar\/principal\/wp-json\/wp\/v2\/media\/90504"}],"wp:attachment":[{"href":"https:\/\/www.hoymercedes.com.ar\/principal\/wp-json\/wp\/v2\/media?parent=90503"}],"wp:term":[{"taxonomy":"category","embeddable":true,"href":"https:\/\/www.hoymercedes.com.ar\/principal\/wp-json\/wp\/v2\/categories?post=90503"},{"taxonomy":"post_tag","embeddable":true,"href":"https:\/\/www.hoymercedes.com.ar\/principal\/wp-json\/wp\/v2\/tags?post=90503"}],"curies":[{"name":"wp","href":"https:\/\/api.w.org\/{rel}","templated":true}]}}