{"id":90508,"date":"2019-04-01T16:55:58","date_gmt":"2019-04-01T19:55:58","guid":{"rendered":"http:\/\/www.hoymercedes.com.ar\/principal\/?p=90508"},"modified":"2019-04-01T15:36:16","modified_gmt":"2019-04-01T18:36:16","slug":"ciclo-de-cine-homenaje-a-martin-luther-king","status":"publish","type":"post","link":"https:\/\/www.hoymercedes.com.ar\/principal\/2019\/04\/01\/ciclo-de-cine-homenaje-a-martin-luther-king\/","title":{"rendered":"Ciclo de Cine homenaje a Martin Luther King"},"content":{"rendered":"\n<p>A 51 a\u00f1os del asesinato de Martin Luther King, el Museo de Arte \u00abMunicipalidad de Mercedes\u00bb realiza un homenaje proyectando pel\u00edculas con la historia y lucha del l\u00edder estadounidense a mediados del siglo XX. El ciclo de cine del MAMM de abril se titula \u00abI have Abril\u00bb. Las pel\u00edculas se proyectan los jueves a partir de la hora 20 con entrada libre y gratuita. <\/p>\n\n\n\n<p>En homenaje a uno de los l\u00edderes m\u00e1s influyentes del siglo pasado, Martin Luther King, quien luchara por la igualdad de derechos civiles en la Norteam\u00e9rica racista y segregada de los 50\u2019s y 60\u2019s, y que fue asesinado un 4 de abril de 1968 en Memphis (EE.UU), el Museo prepara un ciclo que busca reflejar a trav\u00e9s del cine su esp\u00edritu de lucha, y el de los movimientos que cambiaron la historia de opresi\u00f3n e injusticia racial que se viv\u00eda en esta convulsionada sociedad. <\/p>\n\n\n\n<p>\u00abSiguiendo la frase de su famoso discurso \u201cI have a dream (Yo tengo un sue\u00f1o)\u201d es que decimos \u201cYo tengo Abril\u201d, para recordarlo, para pensar, deseando que alg\u00fan d\u00eda su visi\u00f3n se cumpla verdaderamente\u00bb, expresan desde el MAMM.<br><\/p>\n\n\n\n<p>Cronograma de T\u00edtulos:<br>04 \u2013 \u201cSelma\u201d, de Ava Duvernay (2014)<br>11 \u2013 \u201cMississippi Burning\u201d, de Alan Parker (1988)<br>18 \u2013 \u201cMalcolm X\u201d, de Spike Lee (1992)<br>25 \u2013 \u201cThe Help\u201d, de Tate Taylor (2011)\u00a0<\/p>\n\n\n\n<figure class=\"wp-block-image\"><img loading=\"lazy\" decoding=\"async\" width=\"636\" height=\"750\" data-attachment-id=\"90509\" data-permalink=\"https:\/\/www.hoymercedes.com.ar\/principal\/2019\/04\/01\/ciclo-de-cine-homenaje-a-martin-luther-king\/01-cine-abirl-mamm\/#main\" data-orig-file=\"https:\/\/www.hoymercedes.com.ar\/principal\/wp-content\/uploads\/2019\/04\/01-cine-abirl-mamm.jpg\" data-orig-size=\"636,750\" data-comments-opened=\"0\" data-image-meta=\"{&quot;aperture&quot;:&quot;0&quot;,&quot;credit&quot;:&quot;&quot;,&quot;camera&quot;:&quot;&quot;,&quot;caption&quot;:&quot;&quot;,&quot;created_timestamp&quot;:&quot;0&quot;,&quot;copyright&quot;:&quot;&quot;,&quot;focal_length&quot;:&quot;0&quot;,&quot;iso&quot;:&quot;0&quot;,&quot;shutter_speed&quot;:&quot;0&quot;,&quot;title&quot;:&quot;&quot;,&quot;orientation&quot;:&quot;0&quot;}\" data-image-title=\"01 cine abirl mamm\" data-image-description=\"\" data-image-caption=\"\" data-large-file=\"https:\/\/www.hoymercedes.com.ar\/principal\/wp-content\/uploads\/2019\/04\/01-cine-abirl-mamm.jpg\" src=\"https:\/\/www.hoymercedes.com.ar\/principal\/wp-content\/uploads\/2019\/04\/01-cine-abirl-mamm.jpg\" alt=\"\" class=\"wp-image-90509\" srcset=\"https:\/\/www.hoymercedes.com.ar\/principal\/wp-content\/uploads\/2019\/04\/01-cine-abirl-mamm.jpg 636w, https:\/\/www.hoymercedes.com.ar\/principal\/wp-content\/uploads\/2019\/04\/01-cine-abirl-mamm-127x150.jpg 127w, https:\/\/www.hoymercedes.com.ar\/principal\/wp-content\/uploads\/2019\/04\/01-cine-abirl-mamm-526x620.jpg 526w\" sizes=\"auto, (max-width: 636px) 100vw, 636px\" \/><\/figure>\n","protected":false},"excerpt":{"rendered":"<p>A 51 a\u00f1os del asesinato de Martin Luther King, el Museo de Arte \u00abMunicipalidad de Mercedes\u00bb realiza un homenaje proyectando &#8230; <a title=\"Ciclo de Cine homenaje a Martin Luther King\" class=\"read-more\" href=\"https:\/\/www.hoymercedes.com.ar\/principal\/2019\/04\/01\/ciclo-de-cine-homenaje-a-martin-luther-king\/\" aria-label=\"Leer m\u00e1s sobre Ciclo de Cine homenaje a Martin Luther King\">Leer m\u00e1s<\/a><\/p>\n","protected":false},"author":1,"featured_media":90509,"comment_status":"closed","ping_status":"open","sticky":false,"template":"","format":"standard","meta":{"_monsterinsights_skip_tracking":false,"_monsterinsights_sitenote_active":false,"_monsterinsights_sitenote_note":"","_monsterinsights_sitenote_category":0,"jetpack_post_was_ever_published":false,"_jetpack_newsletter_access":"","_jetpack_dont_email_post_to_subs":false,"_jetpack_newsletter_tier_id":0,"_jetpack_memberships_contains_paywalled_content":false,"_jetpack_memberships_contains_paid_content":false,"footnotes":"","jetpack_publicize_message":"","jetpack_publicize_feature_enabled":true,"jetpack_social_post_already_shared":true,"jetpack_social_options":{"image_generator_settings":{"template":"highway","default_image_id":0,"font":"","enabled":false},"version":2},"_wpas_customize_per_network":false},"categories":[104],"tags":[10181,5273,7805,8674],"class_list":["post-90508","post","type-post","status-publish","format-standard","has-post-thumbnail","hentry","category-cultura","tag-ciclo-de-cine","tag-cine","tag-cultura","tag-mamm","generate-columns","tablet-grid-50","mobile-grid-100","grid-parent","grid-50"],"jetpack_publicize_connections":[],"jetpack_featured_media_url":"https:\/\/www.hoymercedes.com.ar\/principal\/wp-content\/uploads\/2019\/04\/01-cine-abirl-mamm.jpg","wps_subtitle":"Cine en el MAMM","jetpack_sharing_enabled":true,"_links":{"self":[{"href":"https:\/\/www.hoymercedes.com.ar\/principal\/wp-json\/wp\/v2\/posts\/90508","targetHints":{"allow":["GET"]}}],"collection":[{"href":"https:\/\/www.hoymercedes.com.ar\/principal\/wp-json\/wp\/v2\/posts"}],"about":[{"href":"https:\/\/www.hoymercedes.com.ar\/principal\/wp-json\/wp\/v2\/types\/post"}],"author":[{"embeddable":true,"href":"https:\/\/www.hoymercedes.com.ar\/principal\/wp-json\/wp\/v2\/users\/1"}],"replies":[{"embeddable":true,"href":"https:\/\/www.hoymercedes.com.ar\/principal\/wp-json\/wp\/v2\/comments?post=90508"}],"version-history":[{"count":0,"href":"https:\/\/www.hoymercedes.com.ar\/principal\/wp-json\/wp\/v2\/posts\/90508\/revisions"}],"wp:featuredmedia":[{"embeddable":true,"href":"https:\/\/www.hoymercedes.com.ar\/principal\/wp-json\/wp\/v2\/media\/90509"}],"wp:attachment":[{"href":"https:\/\/www.hoymercedes.com.ar\/principal\/wp-json\/wp\/v2\/media?parent=90508"}],"wp:term":[{"taxonomy":"category","embeddable":true,"href":"https:\/\/www.hoymercedes.com.ar\/principal\/wp-json\/wp\/v2\/categories?post=90508"},{"taxonomy":"post_tag","embeddable":true,"href":"https:\/\/www.hoymercedes.com.ar\/principal\/wp-json\/wp\/v2\/tags?post=90508"}],"curies":[{"name":"wp","href":"https:\/\/api.w.org\/{rel}","templated":true}]}}