{"id":90519,"date":"2019-04-01T20:29:52","date_gmt":"2019-04-01T23:29:52","guid":{"rendered":"http:\/\/www.hoymercedes.com.ar\/principal\/?p=90519"},"modified":"2019-04-01T20:30:00","modified_gmt":"2019-04-01T23:30:00","slug":"ahora-se-podra-hacer-tramite-de-licencias-de-conducir-en-1h-y-el-carnet-en-24hs","status":"publish","type":"post","link":"https:\/\/www.hoymercedes.com.ar\/principal\/2019\/04\/01\/ahora-se-podra-hacer-tramite-de-licencias-de-conducir-en-1h-y-el-carnet-en-24hs\/","title":{"rendered":"Ahora se podr\u00e1 hacer tr\u00e1mite de licencias de conducir en 1h y el carnet en 24hs"},"content":{"rendered":"\n<figure class=\"wp-block-image\"><img loading=\"lazy\" decoding=\"async\" width=\"938\" height=\"625\" data-attachment-id=\"90520\" data-permalink=\"https:\/\/www.hoymercedes.com.ar\/principal\/2019\/04\/01\/ahora-se-podra-hacer-tramite-de-licencias-de-conducir-en-1h-y-el-carnet-en-24hs\/centro-de-impresion\/#main\" data-orig-file=\"https:\/\/www.hoymercedes.com.ar\/principal\/wp-content\/uploads\/2019\/04\/Centro.de_.Impresi\u00f3n.jpg\" data-orig-size=\"938,625\" data-comments-opened=\"0\" data-image-meta=\"{&quot;aperture&quot;:&quot;0&quot;,&quot;credit&quot;:&quot;&quot;,&quot;camera&quot;:&quot;&quot;,&quot;caption&quot;:&quot;&quot;,&quot;created_timestamp&quot;:&quot;0&quot;,&quot;copyright&quot;:&quot;&quot;,&quot;focal_length&quot;:&quot;0&quot;,&quot;iso&quot;:&quot;0&quot;,&quot;shutter_speed&quot;:&quot;0&quot;,&quot;title&quot;:&quot;&quot;,&quot;orientation&quot;:&quot;0&quot;}\" data-image-title=\"Centro.de.Impresi\u00f3n\" data-image-description=\"\" data-image-caption=\"\" data-large-file=\"https:\/\/www.hoymercedes.com.ar\/principal\/wp-content\/uploads\/2019\/04\/Centro.de_.Impresi\u00f3n.jpg\" src=\"https:\/\/www.hoymercedes.com.ar\/principal\/wp-content\/uploads\/2019\/04\/Centro.de_.Impresi\u00f3n.jpg\" alt=\"\" class=\"wp-image-90520\" srcset=\"https:\/\/www.hoymercedes.com.ar\/principal\/wp-content\/uploads\/2019\/04\/Centro.de_.Impresi\u00f3n.jpg 938w, https:\/\/www.hoymercedes.com.ar\/principal\/wp-content\/uploads\/2019\/04\/Centro.de_.Impresi\u00f3n-150x100.jpg 150w, https:\/\/www.hoymercedes.com.ar\/principal\/wp-content\/uploads\/2019\/04\/Centro.de_.Impresi\u00f3n-630x420.jpg 630w, https:\/\/www.hoymercedes.com.ar\/principal\/wp-content\/uploads\/2019\/04\/Centro.de_.Impresi\u00f3n-720x480.jpg 720w, https:\/\/www.hoymercedes.com.ar\/principal\/wp-content\/uploads\/2019\/04\/Centro.de_.Impresi\u00f3n-360x240.jpg 360w\" sizes=\"auto, (max-width: 938px) 100vw, 938px\" \/><\/figure>\n\n\n\n<p>El intendente Ustarroz present\u00f3\nel nuevo centro de impresi\u00f3n de licencias. El tr\u00e1mite ahora se realiza en menos\nde una hora y el carnet se entrega en 24hs. En caso de estar vencido para dar\nsoluci\u00f3n r\u00e1pida al vecino ser\u00e1 en el d\u00eda, cont\u00f3 el jefe comunal en la presentaci\u00f3n\njunto a los responsables de la secretar\u00eda de seguridad, Josefina Kelly y Clara\nZunino. <\/p>\n\n\n\n<p><strong>Tecnolog\u00eda<\/strong><\/p>\n\n\n\n<p>El Municipio de Mercedes present\u00f3\nen el \u00e1rea de tr\u00e1nsito tecnolog\u00eda que ser\u00e1 parte del nuevo Centro de Impresi\u00f3n\nde Licencias. La misma permitir\u00e1 efectuar un tr\u00e1mite de renovaci\u00f3n entre 45m y\n1h, gesti\u00f3n que antes tardaba 5 horas. Esto es gracias a un trabajo\nplanificado, tanto a nivel estructural \u2013remodelaci\u00f3n y ampliaci\u00f3n del edificio-\ny reordenamiento de todo lo referente a lo administrativo. \u201cQuiero felicitar al\n\u00e1rea por este gran avance, los cuales adem\u00e1s, son muchos, que redundan en un\nbeneficio concreto para el contribuyente\u201d recalc\u00f3 el intendente Juan Ignacio Ustarroz.\n<\/p>\n\n\n\n<p><strong>Rapidez <\/strong><\/p>\n\n\n\n<p>A su vez, el Jefe comunal el Dr.\nUstarroz expres\u00f3 \u201choy se har\u00e1 una renovaci\u00f3n de un carnet en 45 minutos, esto\nes important\u00edsimo porque antes ten\u00edamos la demanda de la gente cuando perd\u00eda\ntoda una ma\u00f1ana para poder realizar este tr\u00e1mite\u201d y subray\u00f3 \u201ces real y est\u00e1 a\nla vista todas las transformaciones que se fueron ideando y llevando adelante\npensando en el vecino\u201d.<\/p>\n\n\n\n<p>Este sistema, que sustancialmente\nes m\u00e1s eficiente y efectivo, baja el tiempo y permite que tanto el trabajador\ncomo qui\u00e9n realiza el tr\u00e1mite se sientan m\u00e1s a gusto al momento de la gesti\u00f3n. Esto\nno s\u00f3lo permite una mayor celeridad en el tr\u00e1mite, sino que adem\u00e1s, reduce\nsustancialmente el costo administrativo para el Estado Municipal.<\/p>\n\n\n\n<figure class=\"wp-block-image\"><img loading=\"lazy\" decoding=\"async\" width=\"1024\" height=\"541\" data-attachment-id=\"90521\" data-permalink=\"https:\/\/www.hoymercedes.com.ar\/principal\/2019\/04\/01\/ahora-se-podra-hacer-tramite-de-licencias-de-conducir-en-1h-y-el-carnet-en-24hs\/centro-de-impresion-2\/#main\" data-orig-file=\"https:\/\/www.hoymercedes.com.ar\/principal\/wp-content\/uploads\/2019\/04\/Centro.de_.Impresi\u00f3n.2.jpg\" data-orig-size=\"1183,625\" data-comments-opened=\"0\" data-image-meta=\"{&quot;aperture&quot;:&quot;0&quot;,&quot;credit&quot;:&quot;&quot;,&quot;camera&quot;:&quot;&quot;,&quot;caption&quot;:&quot;&quot;,&quot;created_timestamp&quot;:&quot;0&quot;,&quot;copyright&quot;:&quot;&quot;,&quot;focal_length&quot;:&quot;0&quot;,&quot;iso&quot;:&quot;0&quot;,&quot;shutter_speed&quot;:&quot;0&quot;,&quot;title&quot;:&quot;&quot;,&quot;orientation&quot;:&quot;0&quot;}\" data-image-title=\"Centro.de.Impresi\u00f3n.2\" data-image-description=\"\" data-image-caption=\"\" data-large-file=\"https:\/\/www.hoymercedes.com.ar\/principal\/wp-content\/uploads\/2019\/04\/Centro.de_.Impresi\u00f3n.2-1024x541.jpg\" src=\"https:\/\/www.hoymercedes.com.ar\/principal\/wp-content\/uploads\/2019\/04\/Centro.de_.Impresi\u00f3n.2-1024x541.jpg\" alt=\"\" class=\"wp-image-90521\" srcset=\"https:\/\/www.hoymercedes.com.ar\/principal\/wp-content\/uploads\/2019\/04\/Centro.de_.Impresi\u00f3n.2-1024x541.jpg 1024w, https:\/\/www.hoymercedes.com.ar\/principal\/wp-content\/uploads\/2019\/04\/Centro.de_.Impresi\u00f3n.2-150x79.jpg 150w, https:\/\/www.hoymercedes.com.ar\/principal\/wp-content\/uploads\/2019\/04\/Centro.de_.Impresi\u00f3n.2-630x333.jpg 630w, https:\/\/www.hoymercedes.com.ar\/principal\/wp-content\/uploads\/2019\/04\/Centro.de_.Impresi\u00f3n.2.jpg 1183w\" sizes=\"auto, (max-width: 1024px) 100vw, 1024px\" \/><\/figure>\n\n\n\n<p><strong>Originalidad <\/strong><\/p>\n\n\n\n<p>Asimismo, el intendente Ustarroz\nsostuvo \u201ceste es uno de los pocos municipios que tiene este dispositivo\ninstalado, funcionando y con todas las normas de seguridad\u201d y a\u00f1adi\u00f3 \u201cesto es\nun gran avance en pol\u00edticas p\u00fablicas que es lo central, y el motivo por el\ncual, todos los d\u00edas vamos planificando acciones que tienden a mejorar los\nservicios\u201d. En este sentido, es importante recalcar que los vecinos festejan\nestas iniciativas y lo reconocen p\u00fablicamente.<\/p>\n\n\n\n<p><strong>Municipales <\/strong><\/p>\n\n\n\n<p>La Secretaria de Seguridad\nJosefina Kelly, por su parte indic\u00f3 \u201cse vino trabajando fuertemente en la gesti\u00f3n\nde este nuevo dispositivo, mismo que es gracias al gran trabajo que vienen\nefectuando los compa\u00f1eros municipales desde todas las \u00e1reas, sumado a ser parte\ndel observatorio vial \u2013gesti\u00f3n que se hizo hace dos a\u00f1os- tiene como resultado\nesto que es beneficioso para todos los mercedinos\u201d.<\/p>\n\n\n\n<p>La sub secretar\u00eda de seguridad,\nla Dra. Clara Zunino se\u00f1al\u00f3 \u201ctenemos una nueva incorporaci\u00f3n, muy importante en\nlo que se refiere licencias de conducir, estamos presentando el Centro de\nImpresi\u00f3n de Licencias\u201d y agreg\u00f3 \u201cMercedes est\u00e1 incluido por la direcci\u00f3n\nprovincial, en un nuevo centro regional de impresi\u00f3n, lo cual implica que\npodremos hacer las licencias en nuestra ciudad\u201d.<\/p>\n\n\n\n<p>\u201cEsto permite que en 24 horas la\npersona podr\u00e1 llevarse su licencia \u2013hoy por correo tarda entre una semana y\ndiez d\u00edas- y las vencidas podr\u00e1n hacerse en el mismo d\u00eda para que el vecino\npueda circular\u201d remarc\u00f3 la Dra. Zunino.<\/p>\n\n\n\n<p>De esta manera, la comuna realiza una incorporaci\u00f3n tecnol\u00f3gica significativa que conlleva una mejora en el tiempo, y se suma al progreso y ampliaci\u00f3n del espacio f\u00edsico en esta \u00e1rea. <\/p>\n\n\n\n<p>Fuente: Sec. Seguridad<\/p>\n","protected":false},"excerpt":{"rendered":"<p>El intendente Ustarroz present\u00f3 el nuevo centro de impresi\u00f3n de licencias. El tr\u00e1mite ahora se realiza en menos de una &#8230; <a title=\"Ahora se podr\u00e1 hacer tr\u00e1mite de licencias de conducir en 1h y el carnet en 24hs\" class=\"read-more\" href=\"https:\/\/www.hoymercedes.com.ar\/principal\/2019\/04\/01\/ahora-se-podra-hacer-tramite-de-licencias-de-conducir-en-1h-y-el-carnet-en-24hs\/\" aria-label=\"Leer m\u00e1s sobre Ahora se podr\u00e1 hacer tr\u00e1mite de licencias de conducir en 1h y el carnet en 24hs\">Leer m\u00e1s<\/a><\/p>\n","protected":false},"author":1,"featured_media":90520,"comment_status":"closed","ping_status":"open","sticky":false,"template":"","format":"standard","meta":{"_monsterinsights_skip_tracking":false,"_monsterinsights_sitenote_active":false,"_monsterinsights_sitenote_note":"","_monsterinsights_sitenote_category":0,"jetpack_post_was_ever_published":false,"_jetpack_newsletter_access":"","_jetpack_dont_email_post_to_subs":false,"_jetpack_newsletter_tier_id":0,"_jetpack_memberships_contains_paywalled_content":false,"_jetpack_memberships_contains_paid_content":false,"footnotes":"","jetpack_publicize_message":"","jetpack_publicize_feature_enabled":true,"jetpack_social_post_already_shared":true,"jetpack_social_options":{"image_generator_settings":{"template":"highway","default_image_id":0,"font":"","enabled":false},"version":2},"_wpas_customize_per_network":false},"categories":[30],"tags":[14762,14760,8437],"class_list":["post-90519","post","type-post","status-publish","format-standard","has-post-thumbnail","hentry","category-municipio","tag-carnet-de-conducir","tag-centro-de-licencias","tag-josefina-kelly","generate-columns","tablet-grid-50","mobile-grid-100","grid-parent","grid-50"],"jetpack_publicize_connections":[],"jetpack_featured_media_url":"https:\/\/www.hoymercedes.com.ar\/principal\/wp-content\/uploads\/2019\/04\/Centro.de_.Impresi\u00f3n.jpg","wps_subtitle":"Gesti\u00f3n municipal ","jetpack_sharing_enabled":true,"_links":{"self":[{"href":"https:\/\/www.hoymercedes.com.ar\/principal\/wp-json\/wp\/v2\/posts\/90519","targetHints":{"allow":["GET"]}}],"collection":[{"href":"https:\/\/www.hoymercedes.com.ar\/principal\/wp-json\/wp\/v2\/posts"}],"about":[{"href":"https:\/\/www.hoymercedes.com.ar\/principal\/wp-json\/wp\/v2\/types\/post"}],"author":[{"embeddable":true,"href":"https:\/\/www.hoymercedes.com.ar\/principal\/wp-json\/wp\/v2\/users\/1"}],"replies":[{"embeddable":true,"href":"https:\/\/www.hoymercedes.com.ar\/principal\/wp-json\/wp\/v2\/comments?post=90519"}],"version-history":[{"count":0,"href":"https:\/\/www.hoymercedes.com.ar\/principal\/wp-json\/wp\/v2\/posts\/90519\/revisions"}],"wp:featuredmedia":[{"embeddable":true,"href":"https:\/\/www.hoymercedes.com.ar\/principal\/wp-json\/wp\/v2\/media\/90520"}],"wp:attachment":[{"href":"https:\/\/www.hoymercedes.com.ar\/principal\/wp-json\/wp\/v2\/media?parent=90519"}],"wp:term":[{"taxonomy":"category","embeddable":true,"href":"https:\/\/www.hoymercedes.com.ar\/principal\/wp-json\/wp\/v2\/categories?post=90519"},{"taxonomy":"post_tag","embeddable":true,"href":"https:\/\/www.hoymercedes.com.ar\/principal\/wp-json\/wp\/v2\/tags?post=90519"}],"curies":[{"name":"wp","href":"https:\/\/api.w.org\/{rel}","templated":true}]}}