{"id":90571,"date":"2019-04-01T21:10:23","date_gmt":"2019-04-02T00:10:23","guid":{"rendered":"http:\/\/www.hoymercedes.com.ar\/principal\/?p=90571"},"modified":"2019-04-01T21:13:05","modified_gmt":"2019-04-02T00:13:05","slug":"independiente-de-chivilcoy-sera-el-rival-de-club-mercedes-en-octavos","status":"publish","type":"post","link":"https:\/\/www.hoymercedes.com.ar\/principal\/2019\/04\/01\/independiente-de-chivilcoy-sera-el-rival-de-club-mercedes-en-octavos\/","title":{"rendered":"Independiente de Chivilcoy ser\u00e1 el rival de Club Mercedes en octavos"},"content":{"rendered":"\n<p>Tal cual lo anunci\u00f3 el Consejo Federal, en la noche de este lunes se dio a conocer c\u00f3mo ser\u00e1n los cruces en busca del ganador de la Regi\u00f3n Pampeana Norte en busca de un ascenso al Federal A. El que salga victorioso de esta parte del pa\u00eds, se medir\u00e1 ante el ganador de Cuyo, de donde saldr\u00e1 el campe\u00f3n.<\/p>\n\n\n\n<p>Club Mercedes clasific\u00f3 como el mejor tercero de las Zonas de 5 equipos, con lo que la l\u00f3gica era que le tocara alguno de los mejores primeros y las posibilidades eran inequ\u00edvocas: Independiente de Chivilcoy o El Linque\u00f1o, ya que ambos conjuntos eran con los que m\u00e1s puntos hab\u00edan obtenido, con 24 y 25 unidades respectivamente.<\/p>\n\n\n\n<p>Teniendo en cuenta que los cruces se arman por cercan\u00eda, m\u00e1s all\u00e1 de c\u00f3mo clasificaron, el Rojo, al que enfrent\u00f3 en el Federal B 2017 y en el recordado Argentino B 2012, es el rival de turno. Claramente un equipo de peso con serias aspiraciones de ascender.<\/p>\n\n\n\n<p>La particularidad que tienen las llaves es que de Mercedes pasar, podr\u00eda volver a medirse ante Bragado Club, si es que supera a Monterrey de Derqui y de seguir camino, a El Front\u00f3n en semifinales, mientras que para la final deber\u00e1 viajar al norte de la provincia de Buenos Aires.<\/p>\n\n\n\n<p>De acuerdo a lo que pudo averiguar HoyMercedes.com, el partido de ida, que ser\u00e1 en Mercedes (la vuelta en Chivilcoy) se jugar\u00e1 el pr\u00f3ximo domingo, en cancha de la Liga Mercedina.<\/p>\n\n\n\n<figure class=\"wp-block-image\"><img loading=\"lazy\" decoding=\"async\" width=\"1024\" height=\"623\" data-attachment-id=\"90572\" data-permalink=\"https:\/\/www.hoymercedes.com.ar\/principal\/2019\/04\/01\/independiente-de-chivilcoy-sera-el-rival-de-club-mercedes-en-octavos\/playoff-mercedes\/#main\" data-orig-file=\"https:\/\/www.hoymercedes.com.ar\/principal\/wp-content\/uploads\/2019\/04\/Playoff-mercedes.jpg\" data-orig-size=\"1103,671\" data-comments-opened=\"0\" data-image-meta=\"{&quot;aperture&quot;:&quot;0&quot;,&quot;credit&quot;:&quot;&quot;,&quot;camera&quot;:&quot;&quot;,&quot;caption&quot;:&quot;&quot;,&quot;created_timestamp&quot;:&quot;0&quot;,&quot;copyright&quot;:&quot;&quot;,&quot;focal_length&quot;:&quot;0&quot;,&quot;iso&quot;:&quot;0&quot;,&quot;shutter_speed&quot;:&quot;0&quot;,&quot;title&quot;:&quot;&quot;,&quot;orientation&quot;:&quot;0&quot;}\" data-image-title=\"Playoff mercedes\" data-image-description=\"\" data-image-caption=\"\" data-large-file=\"https:\/\/www.hoymercedes.com.ar\/principal\/wp-content\/uploads\/2019\/04\/Playoff-mercedes-1024x623.jpg\" src=\"https:\/\/www.hoymercedes.com.ar\/principal\/wp-content\/uploads\/2019\/04\/Playoff-mercedes-1024x623.jpg\" alt=\"\" class=\"wp-image-90572\" srcset=\"https:\/\/www.hoymercedes.com.ar\/principal\/wp-content\/uploads\/2019\/04\/Playoff-mercedes-1024x623.jpg 1024w, https:\/\/www.hoymercedes.com.ar\/principal\/wp-content\/uploads\/2019\/04\/Playoff-mercedes-150x91.jpg 150w, https:\/\/www.hoymercedes.com.ar\/principal\/wp-content\/uploads\/2019\/04\/Playoff-mercedes-630x383.jpg 630w, https:\/\/www.hoymercedes.com.ar\/principal\/wp-content\/uploads\/2019\/04\/Playoff-mercedes.jpg 1103w\" sizes=\"auto, (max-width: 1024px) 100vw, 1024px\" \/><\/figure>\n\n\n\n<p><br><\/p>\n","protected":false},"excerpt":{"rendered":"<p>Tal cual lo anunci\u00f3 el Consejo Federal, en la noche de este lunes se dio a conocer c\u00f3mo ser\u00e1n los &#8230; <a title=\"Independiente de Chivilcoy ser\u00e1 el rival de Club Mercedes en octavos\" class=\"read-more\" href=\"https:\/\/www.hoymercedes.com.ar\/principal\/2019\/04\/01\/independiente-de-chivilcoy-sera-el-rival-de-club-mercedes-en-octavos\/\" aria-label=\"Leer m\u00e1s sobre Independiente de Chivilcoy ser\u00e1 el rival de Club Mercedes en octavos\">Leer m\u00e1s<\/a><\/p>\n","protected":false},"author":1,"featured_media":90572,"comment_status":"closed","ping_status":"open","sticky":false,"template":"","format":"standard","meta":{"_monsterinsights_skip_tracking":false,"_monsterinsights_sitenote_active":false,"_monsterinsights_sitenote_note":"","_monsterinsights_sitenote_category":0,"jetpack_post_was_ever_published":false,"_jetpack_newsletter_access":"","_jetpack_dont_email_post_to_subs":false,"_jetpack_newsletter_tier_id":0,"_jetpack_memberships_contains_paywalled_content":false,"_jetpack_memberships_contains_paid_content":false,"footnotes":"","jetpack_publicize_message":"","jetpack_publicize_feature_enabled":true,"jetpack_social_post_already_shared":true,"jetpack_social_options":{"image_generator_settings":{"template":"highway","default_image_id":0,"font":"","enabled":false},"version":2},"_wpas_customize_per_network":false},"categories":[21],"tags":[9672],"class_list":["post-90571","post","type-post","status-publish","format-standard","has-post-thumbnail","hentry","category-deportes","tag-independiente-chivilcoy","generate-columns","tablet-grid-50","mobile-grid-100","grid-parent","grid-50"],"jetpack_publicize_connections":[],"jetpack_featured_media_url":"https:\/\/www.hoymercedes.com.ar\/principal\/wp-content\/uploads\/2019\/04\/Playoff-mercedes.jpg","wps_subtitle":"Regional Amateur","jetpack_sharing_enabled":true,"_links":{"self":[{"href":"https:\/\/www.hoymercedes.com.ar\/principal\/wp-json\/wp\/v2\/posts\/90571","targetHints":{"allow":["GET"]}}],"collection":[{"href":"https:\/\/www.hoymercedes.com.ar\/principal\/wp-json\/wp\/v2\/posts"}],"about":[{"href":"https:\/\/www.hoymercedes.com.ar\/principal\/wp-json\/wp\/v2\/types\/post"}],"author":[{"embeddable":true,"href":"https:\/\/www.hoymercedes.com.ar\/principal\/wp-json\/wp\/v2\/users\/1"}],"replies":[{"embeddable":true,"href":"https:\/\/www.hoymercedes.com.ar\/principal\/wp-json\/wp\/v2\/comments?post=90571"}],"version-history":[{"count":0,"href":"https:\/\/www.hoymercedes.com.ar\/principal\/wp-json\/wp\/v2\/posts\/90571\/revisions"}],"wp:featuredmedia":[{"embeddable":true,"href":"https:\/\/www.hoymercedes.com.ar\/principal\/wp-json\/wp\/v2\/media\/90572"}],"wp:attachment":[{"href":"https:\/\/www.hoymercedes.com.ar\/principal\/wp-json\/wp\/v2\/media?parent=90571"}],"wp:term":[{"taxonomy":"category","embeddable":true,"href":"https:\/\/www.hoymercedes.com.ar\/principal\/wp-json\/wp\/v2\/categories?post=90571"},{"taxonomy":"post_tag","embeddable":true,"href":"https:\/\/www.hoymercedes.com.ar\/principal\/wp-json\/wp\/v2\/tags?post=90571"}],"curies":[{"name":"wp","href":"https:\/\/api.w.org\/{rel}","templated":true}]}}