{"id":90586,"date":"2019-04-02T02:53:31","date_gmt":"2019-04-02T05:53:31","guid":{"rendered":"http:\/\/www.hoymercedes.com.ar\/principal\/?p=90586"},"modified":"2019-04-02T02:53:36","modified_gmt":"2019-04-02T05:53:36","slug":"vigilia-de-malvinas-con-un-gran-marco-de-publico-artistas-y-nuestros-heroes-%ef%bb%bf","status":"publish","type":"post","link":"https:\/\/www.hoymercedes.com.ar\/principal\/2019\/04\/02\/vigilia-de-malvinas-con-un-gran-marco-de-publico-artistas-y-nuestros-heroes-%ef%bb%bf\/","title":{"rendered":"Vigilia de Malvinas con un gran marco de p\u00fablico, artistas y nuestros h\u00e9roes. \ufeff"},"content":{"rendered":"\n<p><br><\/p>\n\n\n\n<figure class=\"wp-block-image\"><img loading=\"lazy\" decoding=\"async\" width=\"1024\" height=\"682\" data-attachment-id=\"90587\" data-permalink=\"https:\/\/www.hoymercedes.com.ar\/principal\/2019\/04\/02\/vigilia-de-malvinas-con-un-gran-marco-de-publico-artistas-y-nuestros-heroes-%ef%bb%bf\/vigilia4\/#main\" data-orig-file=\"https:\/\/www.hoymercedes.com.ar\/principal\/wp-content\/uploads\/2019\/04\/vigilia4.jpeg\" data-orig-size=\"1280,853\" data-comments-opened=\"0\" data-image-meta=\"{&quot;aperture&quot;:&quot;0&quot;,&quot;credit&quot;:&quot;&quot;,&quot;camera&quot;:&quot;&quot;,&quot;caption&quot;:&quot;&quot;,&quot;created_timestamp&quot;:&quot;0&quot;,&quot;copyright&quot;:&quot;&quot;,&quot;focal_length&quot;:&quot;0&quot;,&quot;iso&quot;:&quot;0&quot;,&quot;shutter_speed&quot;:&quot;0&quot;,&quot;title&quot;:&quot;&quot;,&quot;orientation&quot;:&quot;0&quot;}\" data-image-title=\"vigilia4\" data-image-description=\"\" data-image-caption=\"\" data-large-file=\"https:\/\/www.hoymercedes.com.ar\/principal\/wp-content\/uploads\/2019\/04\/vigilia4-1024x682.jpeg\" src=\"https:\/\/www.hoymercedes.com.ar\/principal\/wp-content\/uploads\/2019\/04\/vigilia4-1024x682.jpeg\" alt=\"\" class=\"wp-image-90587\" srcset=\"https:\/\/www.hoymercedes.com.ar\/principal\/wp-content\/uploads\/2019\/04\/vigilia4-1024x682.jpeg 1024w, https:\/\/www.hoymercedes.com.ar\/principal\/wp-content\/uploads\/2019\/04\/vigilia4-150x100.jpeg 150w, https:\/\/www.hoymercedes.com.ar\/principal\/wp-content\/uploads\/2019\/04\/vigilia4-630x420.jpeg 630w, https:\/\/www.hoymercedes.com.ar\/principal\/wp-content\/uploads\/2019\/04\/vigilia4-720x480.jpeg 720w, https:\/\/www.hoymercedes.com.ar\/principal\/wp-content\/uploads\/2019\/04\/vigilia4-360x240.jpeg 360w, https:\/\/www.hoymercedes.com.ar\/principal\/wp-content\/uploads\/2019\/04\/vigilia4.jpeg 1280w\" sizes=\"auto, (max-width: 1024px) 100vw, 1024px\" \/><\/figure>\n\n\n\n<p>Una multitudinaria vigilia del 2\nde abril se vivi\u00f3 en La Trocha. A beneficio de los Veteranos por la \u201cCasa de Malvinas\u201d\ncientos de vecinos dijeron presente. Grandes artistas sobre el escenario.\nSolidaridad, Amigos Pe\u00f1eros y una noche que fue la primera \u201cpero lleg\u00f3 para\nquedarse, porque es en honor y homenaje esta pe\u00f1a a nuestros h\u00e9roes\u201d, manifest\u00f3\nUstarroz. <\/p>\n\n\n\n<p>A la hora de tomar la palabra,\nsiendo medianoche e inicio del 2 de abril, jornada en que se conmemora el D\u00eda\ndel Veterano y de los Ca\u00eddos en la Guerra de Malvinas, el primero en expresarse\npor parte de la Comisi\u00f3n de Veteranos de Mercedes fue Fabi\u00e1n Solimandi.<\/p>\n\n\n\n<p>&nbsp;\u201cGracias por acompa\u00f1arnos. Es simplemente para\ndecir gracias a mis compa\u00f1eros\u201d coment\u00f3 y afirm\u00f3 que \u201cme fui siendo compa\u00f1ero\nde ellos y volv\u00ed de Malvinas siendo su hermano\u201d y expres\u00f3 que \u201ctambi\u00e9n quiero\nagradecer a los Amigos Pe\u00f1eros que confraternizaron con nosotros y nos trajeron\nesta idea de hacer la pe\u00f1a que como ven es todo un \u00e9xito&nbsp; y a ustedes porque si no ser\u00eda imposible este\nmarco\u201d sin dejar de \u201cdecir gracias al intendente municipal, Juani Ustarroz, porque\nse comprometi\u00f3 con nosotros a construir la Casa del Veterano de Guerra, un\nanhelo, que se est\u00e1 haciendo realidad\u201d afirm\u00f3 ante el p\u00fablico presente para\nremarcar que \u201cm\u00e1s all\u00e1 de las ideas pol\u00edtica debemos reconocer los hechos\ncuando se cumplen y Ustarroz cumpli\u00f3, nos llama y nos tiene en cuenta siempre\u201d\npara finalizar subrayando que \u201ctambi\u00e9n a Mat\u00edas Dematei y a todos los que nos\nacompa\u00f1an sin olvidar a Gendarmer\u00eda Nacional, que es una fuerza que colabora con\nnosotros y el Centro de Veteranos, a su comandante y todo el personal muchas\ngracias\u201d <\/p>\n\n\n\n<figure class=\"wp-block-image\"><img loading=\"lazy\" decoding=\"async\" width=\"1024\" height=\"682\" data-attachment-id=\"90588\" data-permalink=\"https:\/\/www.hoymercedes.com.ar\/principal\/2019\/04\/02\/vigilia-de-malvinas-con-un-gran-marco-de-publico-artistas-y-nuestros-heroes-%ef%bb%bf\/vigilia1\/#main\" data-orig-file=\"https:\/\/www.hoymercedes.com.ar\/principal\/wp-content\/uploads\/2019\/04\/Vigilia1.jpeg\" data-orig-size=\"1280,853\" data-comments-opened=\"0\" data-image-meta=\"{&quot;aperture&quot;:&quot;0&quot;,&quot;credit&quot;:&quot;&quot;,&quot;camera&quot;:&quot;&quot;,&quot;caption&quot;:&quot;&quot;,&quot;created_timestamp&quot;:&quot;0&quot;,&quot;copyright&quot;:&quot;&quot;,&quot;focal_length&quot;:&quot;0&quot;,&quot;iso&quot;:&quot;0&quot;,&quot;shutter_speed&quot;:&quot;0&quot;,&quot;title&quot;:&quot;&quot;,&quot;orientation&quot;:&quot;0&quot;}\" data-image-title=\"Vigilia1\" data-image-description=\"\" data-image-caption=\"\" data-large-file=\"https:\/\/www.hoymercedes.com.ar\/principal\/wp-content\/uploads\/2019\/04\/Vigilia1-1024x682.jpeg\" src=\"https:\/\/www.hoymercedes.com.ar\/principal\/wp-content\/uploads\/2019\/04\/Vigilia1-1024x682.jpeg\" alt=\"\" class=\"wp-image-90588\" srcset=\"https:\/\/www.hoymercedes.com.ar\/principal\/wp-content\/uploads\/2019\/04\/Vigilia1-1024x682.jpeg 1024w, https:\/\/www.hoymercedes.com.ar\/principal\/wp-content\/uploads\/2019\/04\/Vigilia1-150x100.jpeg 150w, https:\/\/www.hoymercedes.com.ar\/principal\/wp-content\/uploads\/2019\/04\/Vigilia1-630x420.jpeg 630w, https:\/\/www.hoymercedes.com.ar\/principal\/wp-content\/uploads\/2019\/04\/Vigilia1-720x480.jpeg 720w, https:\/\/www.hoymercedes.com.ar\/principal\/wp-content\/uploads\/2019\/04\/Vigilia1-360x240.jpeg 360w, https:\/\/www.hoymercedes.com.ar\/principal\/wp-content\/uploads\/2019\/04\/Vigilia1.jpeg 1280w\" sizes=\"auto, (max-width: 1024px) 100vw, 1024px\" \/><\/figure>\n\n\n\n<p><strong>Sue\u00f1o<\/strong><\/p>\n\n\n\n<p>\u201cCon su colaboraci\u00f3n este sue\u00f1o ser\u00e1\nuna realidad. Por todos los compa\u00f1eros ca\u00eddos y los que partieron en la post\nguerra y los que est\u00e1n a mi lado manteniendo viva la memoria, viva la patria,\nviva Malvinas\u201d, finaliz\u00f3 Fabi\u00e1n Solimandi. <\/p>\n\n\n\n<p><strong>Orgullo<\/strong><\/p>\n\n\n\n<p>Por su parte el intendente\nmunicipal, Juan Ignacio Ustarroz, afirm\u00f3 que \u201ces un orgullo estar con ustedes\nesta noche. Lo importante est\u00e1 pasando ahora, y es que todo el pueblo est\u00e9 ac\u00e1\npresente con esta gran iniciativa de los Amigos Pe\u00f1eros, respaldando la memoria\nde nuestros ca\u00eddos, el coraje de nuestros h\u00e9roes de Malvinas\u201d y afirm\u00f3 que \u201ctenemos\nque tomar estos ejemplos y replicarlos, la llama est\u00e1 siempre encendida. La\nCasa ser\u00e1 muy importante porque ser\u00e1 un especio que todo Mercedes les dar\u00e1 a\nnuestros Veteranos y a la memoria de los que no pudieron volver y est\u00e1n\ncustodiando las Malvinas\u201d mencionando que \u201cpor ellos viendo este gran marco, es\nla primera vigilia, de pe\u00f1a en las v\u00edsperas del aniversario de Malvinas, pero\nvino para quedarse, para tener memoria, unidad como pueblo y siempre en alto el\nreclamo por nuestras islas y seres queridos ca\u00eddos durante y despu\u00e9s de la guerra.\nMuch\u00edsimas gracias, son un ejemplo para toda la sociedad<\/p>\n\n\n\n<figure class=\"wp-block-image\"><img loading=\"lazy\" decoding=\"async\" width=\"1024\" height=\"682\" data-attachment-id=\"90589\" data-permalink=\"https:\/\/www.hoymercedes.com.ar\/principal\/2019\/04\/02\/vigilia-de-malvinas-con-un-gran-marco-de-publico-artistas-y-nuestros-heroes-%ef%bb%bf\/vigilia2\/#main\" data-orig-file=\"https:\/\/www.hoymercedes.com.ar\/principal\/wp-content\/uploads\/2019\/04\/Vigilia2.jpeg\" data-orig-size=\"1280,853\" data-comments-opened=\"0\" data-image-meta=\"{&quot;aperture&quot;:&quot;0&quot;,&quot;credit&quot;:&quot;&quot;,&quot;camera&quot;:&quot;&quot;,&quot;caption&quot;:&quot;&quot;,&quot;created_timestamp&quot;:&quot;0&quot;,&quot;copyright&quot;:&quot;&quot;,&quot;focal_length&quot;:&quot;0&quot;,&quot;iso&quot;:&quot;0&quot;,&quot;shutter_speed&quot;:&quot;0&quot;,&quot;title&quot;:&quot;&quot;,&quot;orientation&quot;:&quot;0&quot;}\" data-image-title=\"Vigilia2\" data-image-description=\"\" data-image-caption=\"\" data-large-file=\"https:\/\/www.hoymercedes.com.ar\/principal\/wp-content\/uploads\/2019\/04\/Vigilia2-1024x682.jpeg\" src=\"https:\/\/www.hoymercedes.com.ar\/principal\/wp-content\/uploads\/2019\/04\/Vigilia2-1024x682.jpeg\" alt=\"\" class=\"wp-image-90589\" srcset=\"https:\/\/www.hoymercedes.com.ar\/principal\/wp-content\/uploads\/2019\/04\/Vigilia2-1024x682.jpeg 1024w, https:\/\/www.hoymercedes.com.ar\/principal\/wp-content\/uploads\/2019\/04\/Vigilia2-150x100.jpeg 150w, https:\/\/www.hoymercedes.com.ar\/principal\/wp-content\/uploads\/2019\/04\/Vigilia2-630x420.jpeg 630w, https:\/\/www.hoymercedes.com.ar\/principal\/wp-content\/uploads\/2019\/04\/Vigilia2-720x480.jpeg 720w, https:\/\/www.hoymercedes.com.ar\/principal\/wp-content\/uploads\/2019\/04\/Vigilia2-360x240.jpeg 360w, https:\/\/www.hoymercedes.com.ar\/principal\/wp-content\/uploads\/2019\/04\/Vigilia2.jpeg 1280w\" sizes=\"auto, (max-width: 1024px) 100vw, 1024px\" \/><\/figure>\n\n\n\n<p><strong>En conjunto <\/strong><\/p>\n\n\n\n<p>Guillermo Vola, presidente de\nAmigos Pe\u00f1eros, afirm\u00f3 que \u201cquiero agradecer a todos mis compa\u00f1eros que\ndesinteresadamente trabajaron en esta pe\u00f1a para unir a la familia y hoy\naportamos un granito para estar al lado de nuestros h\u00e9roes y es un gran orgullo\u201d\ny que \u201cla persona gaucha la veo como alguien que tiende una mano con quien la\nnecesita y eso me pasa con el Dr. Ustarroz que no lo conoc\u00eda, le presentamos un\nproyecto y hoy se est\u00e1n dando, estamos haciendo con distintas generaciones actividades\nfamiliares, para la gente, por eso gracias\u201d sin dejar de mencionar que \u201cquiero\nagradecer fundamentalmente a nuestros h\u00e9roes por este lugarcito &nbsp;<\/p>\n\n\n\n<figure class=\"wp-block-image\"><img loading=\"lazy\" decoding=\"async\" width=\"1024\" height=\"682\" data-attachment-id=\"90590\" data-permalink=\"https:\/\/www.hoymercedes.com.ar\/principal\/2019\/04\/02\/vigilia-de-malvinas-con-un-gran-marco-de-publico-artistas-y-nuestros-heroes-%ef%bb%bf\/vigilia5\/#main\" data-orig-file=\"https:\/\/www.hoymercedes.com.ar\/principal\/wp-content\/uploads\/2019\/04\/vigilia5.jpeg\" data-orig-size=\"1280,853\" data-comments-opened=\"0\" data-image-meta=\"{&quot;aperture&quot;:&quot;0&quot;,&quot;credit&quot;:&quot;&quot;,&quot;camera&quot;:&quot;&quot;,&quot;caption&quot;:&quot;&quot;,&quot;created_timestamp&quot;:&quot;0&quot;,&quot;copyright&quot;:&quot;&quot;,&quot;focal_length&quot;:&quot;0&quot;,&quot;iso&quot;:&quot;0&quot;,&quot;shutter_speed&quot;:&quot;0&quot;,&quot;title&quot;:&quot;&quot;,&quot;orientation&quot;:&quot;0&quot;}\" data-image-title=\"vigilia5\" data-image-description=\"\" data-image-caption=\"\" data-large-file=\"https:\/\/www.hoymercedes.com.ar\/principal\/wp-content\/uploads\/2019\/04\/vigilia5-1024x682.jpeg\" src=\"https:\/\/www.hoymercedes.com.ar\/principal\/wp-content\/uploads\/2019\/04\/vigilia5-1024x682.jpeg\" alt=\"\" class=\"wp-image-90590\" srcset=\"https:\/\/www.hoymercedes.com.ar\/principal\/wp-content\/uploads\/2019\/04\/vigilia5-1024x682.jpeg 1024w, https:\/\/www.hoymercedes.com.ar\/principal\/wp-content\/uploads\/2019\/04\/vigilia5-150x100.jpeg 150w, https:\/\/www.hoymercedes.com.ar\/principal\/wp-content\/uploads\/2019\/04\/vigilia5-630x420.jpeg 630w, https:\/\/www.hoymercedes.com.ar\/principal\/wp-content\/uploads\/2019\/04\/vigilia5-720x480.jpeg 720w, https:\/\/www.hoymercedes.com.ar\/principal\/wp-content\/uploads\/2019\/04\/vigilia5-360x240.jpeg 360w, https:\/\/www.hoymercedes.com.ar\/principal\/wp-content\/uploads\/2019\/04\/vigilia5.jpeg 1280w\" sizes=\"auto, (max-width: 1024px) 100vw, 1024px\" \/><\/figure>\n\n\n\n<p><strong>Artistas<\/strong><\/p>\n\n\n\n<p>Sobre el escenario y sonando para\nla gran pista de baile del galp\u00f3n mayor del C. C La Trocha se pudo disfrutar de\nGonzalo Jes\u00fas, Fernando Pazos, Tr\u00edo Los Amigos, Sachapampa, Semilla Agreste,\nLos L\u00f3pez Heredia, Isat Vastar, Ballet Ayek\u00e1n, Ballet Municipal Estrella del\nSur, Ballet A\u00f1oranza de mi Tierra y Ballet Santa Cecilia.<\/p>\n\n\n\n<p>La velada arranc\u00f3 a las 20hs y termin\u00f3 iniciado el martes feriado 2 de abril, con mucho sentimiento, amor a la patria y reconocimiento sincero a nuestros h\u00e9roes locales, los Veteranos y Ca\u00eddos de Malvinas<\/p>\n\n\n\n<p>Fuente: Dir. Cultura<\/p>\n","protected":false},"excerpt":{"rendered":"<p>Una multitudinaria vigilia del 2 de abril se vivi\u00f3 en La Trocha. A beneficio de los Veteranos por la \u201cCasa &#8230; <a title=\"Vigilia de Malvinas con un gran marco de p\u00fablico, artistas y nuestros h\u00e9roes. \ufeff\" class=\"read-more\" href=\"https:\/\/www.hoymercedes.com.ar\/principal\/2019\/04\/02\/vigilia-de-malvinas-con-un-gran-marco-de-publico-artistas-y-nuestros-heroes-%ef%bb%bf\/\" aria-label=\"Leer m\u00e1s sobre Vigilia de Malvinas con un gran marco de p\u00fablico, artistas y nuestros h\u00e9roes. \ufeff\">Leer m\u00e1s<\/a><\/p>\n","protected":false},"author":1,"featured_media":90587,"comment_status":"closed","ping_status":"open","sticky":false,"template":"","format":"standard","meta":{"_monsterinsights_skip_tracking":false,"_monsterinsights_sitenote_active":false,"_monsterinsights_sitenote_note":"","_monsterinsights_sitenote_category":0,"jetpack_post_was_ever_published":false,"_jetpack_newsletter_access":"","_jetpack_dont_email_post_to_subs":false,"_jetpack_newsletter_tier_id":0,"_jetpack_memberships_contains_paywalled_content":false,"_jetpack_memberships_contains_paid_content":false,"footnotes":"","jetpack_publicize_message":"","jetpack_publicize_feature_enabled":true,"jetpack_social_post_already_shared":true,"jetpack_social_options":{"image_generator_settings":{"template":"highway","default_image_id":0,"font":"","enabled":false},"version":2},"_wpas_customize_per_network":false},"categories":[104,30],"tags":[],"class_list":["post-90586","post","type-post","status-publish","format-standard","has-post-thumbnail","hentry","category-cultura","category-municipio","generate-columns","tablet-grid-50","mobile-grid-100","grid-parent","grid-50"],"jetpack_publicize_connections":[],"jetpack_featured_media_url":"https:\/\/www.hoymercedes.com.ar\/principal\/wp-content\/uploads\/2019\/04\/vigilia4.jpeg","wps_subtitle":"Malvinas Argentinas ","jetpack_sharing_enabled":true,"_links":{"self":[{"href":"https:\/\/www.hoymercedes.com.ar\/principal\/wp-json\/wp\/v2\/posts\/90586","targetHints":{"allow":["GET"]}}],"collection":[{"href":"https:\/\/www.hoymercedes.com.ar\/principal\/wp-json\/wp\/v2\/posts"}],"about":[{"href":"https:\/\/www.hoymercedes.com.ar\/principal\/wp-json\/wp\/v2\/types\/post"}],"author":[{"embeddable":true,"href":"https:\/\/www.hoymercedes.com.ar\/principal\/wp-json\/wp\/v2\/users\/1"}],"replies":[{"embeddable":true,"href":"https:\/\/www.hoymercedes.com.ar\/principal\/wp-json\/wp\/v2\/comments?post=90586"}],"version-history":[{"count":0,"href":"https:\/\/www.hoymercedes.com.ar\/principal\/wp-json\/wp\/v2\/posts\/90586\/revisions"}],"wp:featuredmedia":[{"embeddable":true,"href":"https:\/\/www.hoymercedes.com.ar\/principal\/wp-json\/wp\/v2\/media\/90587"}],"wp:attachment":[{"href":"https:\/\/www.hoymercedes.com.ar\/principal\/wp-json\/wp\/v2\/media?parent=90586"}],"wp:term":[{"taxonomy":"category","embeddable":true,"href":"https:\/\/www.hoymercedes.com.ar\/principal\/wp-json\/wp\/v2\/categories?post=90586"},{"taxonomy":"post_tag","embeddable":true,"href":"https:\/\/www.hoymercedes.com.ar\/principal\/wp-json\/wp\/v2\/tags?post=90586"}],"curies":[{"name":"wp","href":"https:\/\/api.w.org\/{rel}","templated":true}]}}