{"id":90593,"date":"2019-04-02T12:04:53","date_gmt":"2019-04-02T15:04:53","guid":{"rendered":"http:\/\/www.hoymercedes.com.ar\/principal\/?p=90593"},"modified":"2019-04-05T12:39:17","modified_gmt":"2019-04-05T15:39:17","slug":"acto-homenaje-a-37-anos-de-la-guerra-en-islas-malvinas","status":"publish","type":"post","link":"https:\/\/www.hoymercedes.com.ar\/principal\/2019\/04\/02\/acto-homenaje-a-37-anos-de-la-guerra-en-islas-malvinas\/","title":{"rendered":"Acto homenaje a 37 a\u00f1os de la Guerra en Islas Malvinas"},"content":{"rendered":"\n<p>En la intersecci\u00f3n de 29 y 50 se llev\u00f3 adelante el acto por el D\u00eda del Veterano de Guerra de Malvinas. Alrededor del monumento que recuerda a los ca\u00eddos en la contienda de 1982 en las Islas Malvinas.<\/p>\n\n\n\n<figure class=\"wp-block-image\"><img loading=\"lazy\" decoding=\"async\" width=\"800\" height=\"613\" data-attachment-id=\"90594\" data-permalink=\"https:\/\/www.hoymercedes.com.ar\/principal\/2019\/04\/02\/acto-homenaje-a-37-anos-de-la-guerra-en-islas-malvinas\/02-malvinas13\/#main\" data-orig-file=\"https:\/\/www.hoymercedes.com.ar\/principal\/wp-content\/uploads\/2019\/04\/02-Malvinas13.jpeg\" data-orig-size=\"800,613\" data-comments-opened=\"0\" data-image-meta=\"{&quot;aperture&quot;:&quot;0&quot;,&quot;credit&quot;:&quot;&quot;,&quot;camera&quot;:&quot;&quot;,&quot;caption&quot;:&quot;&quot;,&quot;created_timestamp&quot;:&quot;0&quot;,&quot;copyright&quot;:&quot;&quot;,&quot;focal_length&quot;:&quot;0&quot;,&quot;iso&quot;:&quot;0&quot;,&quot;shutter_speed&quot;:&quot;0&quot;,&quot;title&quot;:&quot;&quot;,&quot;orientation&quot;:&quot;0&quot;}\" data-image-title=\"02 Malvinas13\" data-image-description=\"\" data-image-caption=\"\" data-large-file=\"https:\/\/www.hoymercedes.com.ar\/principal\/wp-content\/uploads\/2019\/04\/02-Malvinas13.jpeg\" src=\"https:\/\/www.hoymercedes.com.ar\/principal\/wp-content\/uploads\/2019\/04\/02-Malvinas13.jpeg\" alt=\"\" class=\"wp-image-90594\" srcset=\"https:\/\/www.hoymercedes.com.ar\/principal\/wp-content\/uploads\/2019\/04\/02-Malvinas13.jpeg 800w, https:\/\/www.hoymercedes.com.ar\/principal\/wp-content\/uploads\/2019\/04\/02-Malvinas13-150x115.jpeg 150w, https:\/\/www.hoymercedes.com.ar\/principal\/wp-content\/uploads\/2019\/04\/02-Malvinas13-630x483.jpeg 630w\" sizes=\"auto, (max-width: 800px) 100vw, 800px\" \/><\/figure>\n\n\n\n<p>Tras la entonaci\u00f3n del Himno Nacional Argentino se procedi\u00f3 a la colocaci\u00f3n de ofrendas florales. Las palmas colocadas en memoria de los ca\u00eddos fueron en nombre del Municipio, del Centro de Veteranos, Madres de Veteranos, Hijos de Veteranos,  Concejo Deliberante, Gendarmer\u00eda Nacional, Mesa Sindical, UOM, UEB, Escuela de Educaci\u00f3n Especial Vamos Creciendo, la Sociedad Rural, Colegio de Escribanos, C\u00e1mara Econ\u00f3mica, LALCEC, Sociedad Espa\u00f1ola, la Alianza Francesa, Consejo Pastoral, las Agrupaciones Gauchas, Instituto J. M. de Rosas, UCR, y Unidad Ciudadana.<\/p>\n\n\n\n<p>Un minuto de silencio termin\u00f3 con una suelta de palomas y la bendici\u00f3n del P\u00e1rroco de la Iglesia San Jos\u00e9, Marcelo Abrey. El sacerdote brind\u00f3 una Oraci\u00f3n por la Patria que parte el p\u00fablico repiti\u00f3 junto a \u00e9l.<\/p>\n\n\n\n<figure class=\"wp-block-image\"><img loading=\"lazy\" decoding=\"async\" width=\"800\" height=\"600\" data-attachment-id=\"90595\" data-permalink=\"https:\/\/www.hoymercedes.com.ar\/principal\/2019\/04\/02\/acto-homenaje-a-37-anos-de-la-guerra-en-islas-malvinas\/02-malvinas600\/#main\" data-orig-file=\"https:\/\/www.hoymercedes.com.ar\/principal\/wp-content\/uploads\/2019\/04\/02-Malvinas600.jpg\" data-orig-size=\"800,600\" data-comments-opened=\"0\" data-image-meta=\"{&quot;aperture&quot;:&quot;0&quot;,&quot;credit&quot;:&quot;&quot;,&quot;camera&quot;:&quot;&quot;,&quot;caption&quot;:&quot;&quot;,&quot;created_timestamp&quot;:&quot;0&quot;,&quot;copyright&quot;:&quot;&quot;,&quot;focal_length&quot;:&quot;0&quot;,&quot;iso&quot;:&quot;0&quot;,&quot;shutter_speed&quot;:&quot;0&quot;,&quot;title&quot;:&quot;&quot;,&quot;orientation&quot;:&quot;0&quot;}\" data-image-title=\"02 Malvinas600\" data-image-description=\"\" data-image-caption=\"\" data-large-file=\"https:\/\/www.hoymercedes.com.ar\/principal\/wp-content\/uploads\/2019\/04\/02-Malvinas600.jpg\" src=\"https:\/\/www.hoymercedes.com.ar\/principal\/wp-content\/uploads\/2019\/04\/02-Malvinas600.jpg\" alt=\"\" class=\"wp-image-90595\" srcset=\"https:\/\/www.hoymercedes.com.ar\/principal\/wp-content\/uploads\/2019\/04\/02-Malvinas600.jpg 800w, https:\/\/www.hoymercedes.com.ar\/principal\/wp-content\/uploads\/2019\/04\/02-Malvinas600-150x113.jpg 150w, https:\/\/www.hoymercedes.com.ar\/principal\/wp-content\/uploads\/2019\/04\/02-Malvinas600-630x473.jpg 630w, https:\/\/www.hoymercedes.com.ar\/principal\/wp-content\/uploads\/2019\/04\/02-Malvinas600-320x240.jpg 320w, https:\/\/www.hoymercedes.com.ar\/principal\/wp-content\/uploads\/2019\/04\/02-Malvinas600-100x75.jpg 100w\" sizes=\"auto, (max-width: 800px) 100vw, 800px\" \/><\/figure>\n\n\n\n<p>Seguidamente y antes de las palabras alusivas, el Moviento Evita entreg\u00f3 un obsequio realizado por la organizaci\u00f3n pol\u00edtica. El Veterano Marcelo De Cunto fue el responsable de hablar en nombre de los ex combatientes. <\/p>\n\n\n\n<p>En su discurso, Marcelo dio cuenta de lo vivido en la postguerra y el proceso de desmalvinizaci\u00f3n. \u00abSe nos di\u00f3 la espalda, nos dejaron en el olvido. Nos doli\u00f3 que nuestra Patria nos haya culpado por la derrota. Mientras que los brit\u00e1nicos nos reconocieron por verse sorprendidos por la respuesta nuestra\u00bb, expres\u00f3 el Veterano. <\/p>\n\n\n\n<p>Asimismo, destac\u00f3 la construcci\u00f3n de nuestra casa que reci\u00e9n se inicia. Agradeci\u00f3 as\u00ed a la Comuna por el proyecto y al Colegio de Escribanos por cederles el espacio para la muestra del viernes y s\u00e1bado. Por \u00faltimo, en consenso con los Veteranos repudi\u00f3 la actitud de qui\u00e9nes piden los mismos derechos que los ex combatientes en las Islas por haber estado en el continente durante el conflicto b\u00e9lico.<\/p>\n\n\n\n<figure class=\"wp-block-image\"><img loading=\"lazy\" decoding=\"async\" width=\"800\" height=\"600\" data-attachment-id=\"90596\" data-permalink=\"https:\/\/www.hoymercedes.com.ar\/principal\/2019\/04\/02\/acto-homenaje-a-37-anos-de-la-guerra-en-islas-malvinas\/02-malvinasx600\/#main\" data-orig-file=\"https:\/\/www.hoymercedes.com.ar\/principal\/wp-content\/uploads\/2019\/04\/02-Malvinasx600.jpg\" data-orig-size=\"800,600\" data-comments-opened=\"0\" data-image-meta=\"{&quot;aperture&quot;:&quot;0&quot;,&quot;credit&quot;:&quot;&quot;,&quot;camera&quot;:&quot;&quot;,&quot;caption&quot;:&quot;&quot;,&quot;created_timestamp&quot;:&quot;0&quot;,&quot;copyright&quot;:&quot;&quot;,&quot;focal_length&quot;:&quot;0&quot;,&quot;iso&quot;:&quot;0&quot;,&quot;shutter_speed&quot;:&quot;0&quot;,&quot;title&quot;:&quot;&quot;,&quot;orientation&quot;:&quot;0&quot;}\" data-image-title=\"02 Malvinasx600\" data-image-description=\"\" data-image-caption=\"\" data-large-file=\"https:\/\/www.hoymercedes.com.ar\/principal\/wp-content\/uploads\/2019\/04\/02-Malvinasx600.jpg\" src=\"https:\/\/www.hoymercedes.com.ar\/principal\/wp-content\/uploads\/2019\/04\/02-Malvinasx600.jpg\" alt=\"\" class=\"wp-image-90596\" srcset=\"https:\/\/www.hoymercedes.com.ar\/principal\/wp-content\/uploads\/2019\/04\/02-Malvinasx600.jpg 800w, https:\/\/www.hoymercedes.com.ar\/principal\/wp-content\/uploads\/2019\/04\/02-Malvinasx600-150x113.jpg 150w, https:\/\/www.hoymercedes.com.ar\/principal\/wp-content\/uploads\/2019\/04\/02-Malvinasx600-630x473.jpg 630w, https:\/\/www.hoymercedes.com.ar\/principal\/wp-content\/uploads\/2019\/04\/02-Malvinasx600-320x240.jpg 320w, https:\/\/www.hoymercedes.com.ar\/principal\/wp-content\/uploads\/2019\/04\/02-Malvinasx600-100x75.jpg 100w\" sizes=\"auto, (max-width: 800px) 100vw, 800px\" \/><\/figure>\n\n\n\n<p>Esther Gomez y Miguel Cordone bailaron ante los presentes antes de las palabras finales del Intendente Municipal Juan Ignacio Ustarroz que refiri\u00f3 a las palabras del Veterano y ley\u00f3 el libro del Profesor Ricardo Tabossi donde define lo que es \u00abtener memoria\u00bb. \u00abLos ex Combatientes tienen esa mochila pesada de recordar permanentemente lo que pas\u00f3. Necesitan de esas caricias cada vez que van a una escuela, o presentan una exposici\u00f3n\u2026 La memoria sirve para proyectar ese futuro y para eso hay que seguir caminando con los Veteranos y tener en la memoria los ca\u00eddos. Junto a ellos, mantener viva la llama de Malvinas\u00bb, agreg\u00f3 el Jefe Comunal. <\/p>\n\n\n\n<p>En el cierre, Melanie Estevez y Franco Tito, hijos de Veteranos, cantaron \u00abReina Madre\u00bb de Ra\u00fal Porchetto. Sobrevolando el acto, un helic\u00f3ptero del Ej\u00e9rcito Argentino, muy cerca pasaba causando la sorpresa de los presentes. La banda de la Gendarmer\u00eda Nacional cerr\u00f3 con la Marcha de Malvinas ellos mismos cantando a viva voz. <\/p>\n\n\n\n<figure class=\"wp-block-embed-youtube wp-block-embed is-type-video is-provider-youtube wp-embed-aspect-16-9 wp-has-aspect-ratio\"><div class=\"wp-block-embed__wrapper\">\n<span class=\"embed-youtube\" style=\"text-align:center; display: block;\"><iframe loading=\"lazy\" class=\"youtube-player\" width=\"1200\" height=\"675\" src=\"https:\/\/www.youtube.com\/embed\/-GBuMzEvWEM?version=3&#038;rel=1&#038;showsearch=0&#038;showinfo=1&#038;iv_load_policy=1&#038;fs=1&#038;hl=es-ES&#038;autohide=2&#038;wmode=transparent\" allowfullscreen=\"true\" style=\"border:0;\" sandbox=\"allow-scripts allow-same-origin allow-popups allow-presentation allow-popups-to-escape-sandbox\"><\/iframe><\/span>\n<\/div><\/figure>\n","protected":false},"excerpt":{"rendered":"<p>En la intersecci\u00f3n de 29 y 50 se llev\u00f3 adelante el acto por el D\u00eda del Veterano de Guerra de &#8230; <a title=\"Acto homenaje a 37 a\u00f1os de la Guerra en Islas Malvinas\" class=\"read-more\" href=\"https:\/\/www.hoymercedes.com.ar\/principal\/2019\/04\/02\/acto-homenaje-a-37-anos-de-la-guerra-en-islas-malvinas\/\" aria-label=\"Leer m\u00e1s sobre Acto homenaje a 37 a\u00f1os de la Guerra en Islas Malvinas\">Leer m\u00e1s<\/a><\/p>\n","protected":false},"author":1,"featured_media":90594,"comment_status":"closed","ping_status":"open","sticky":false,"template":"","format":"standard","meta":{"_monsterinsights_skip_tracking":false,"_monsterinsights_sitenote_active":false,"_monsterinsights_sitenote_note":"","_monsterinsights_sitenote_category":0,"jetpack_post_was_ever_published":false,"_jetpack_newsletter_access":"","_jetpack_dont_email_post_to_subs":false,"_jetpack_newsletter_tier_id":0,"_jetpack_memberships_contains_paywalled_content":false,"_jetpack_memberships_contains_paid_content":false,"footnotes":"","jetpack_publicize_message":"","jetpack_publicize_feature_enabled":true,"jetpack_social_post_already_shared":true,"jetpack_social_options":{"image_generator_settings":{"template":"highway","default_image_id":0,"font":"","enabled":false},"version":2},"_wpas_customize_per_network":false},"categories":[8],"tags":[14782,8830,756],"class_list":["post-90593","post","type-post","status-publish","format-standard","has-post-thumbnail","hentry","category-sociedad","tag-acto-homenaje","tag-guerra-de-malvinas","tag-veteranos-de-malvinas","generate-columns","tablet-grid-50","mobile-grid-100","grid-parent","grid-50"],"jetpack_publicize_connections":[],"jetpack_featured_media_url":"https:\/\/www.hoymercedes.com.ar\/principal\/wp-content\/uploads\/2019\/04\/02-Malvinas13.jpeg","wps_subtitle":"","jetpack_sharing_enabled":true,"_links":{"self":[{"href":"https:\/\/www.hoymercedes.com.ar\/principal\/wp-json\/wp\/v2\/posts\/90593","targetHints":{"allow":["GET"]}}],"collection":[{"href":"https:\/\/www.hoymercedes.com.ar\/principal\/wp-json\/wp\/v2\/posts"}],"about":[{"href":"https:\/\/www.hoymercedes.com.ar\/principal\/wp-json\/wp\/v2\/types\/post"}],"author":[{"embeddable":true,"href":"https:\/\/www.hoymercedes.com.ar\/principal\/wp-json\/wp\/v2\/users\/1"}],"replies":[{"embeddable":true,"href":"https:\/\/www.hoymercedes.com.ar\/principal\/wp-json\/wp\/v2\/comments?post=90593"}],"version-history":[{"count":0,"href":"https:\/\/www.hoymercedes.com.ar\/principal\/wp-json\/wp\/v2\/posts\/90593\/revisions"}],"wp:featuredmedia":[{"embeddable":true,"href":"https:\/\/www.hoymercedes.com.ar\/principal\/wp-json\/wp\/v2\/media\/90594"}],"wp:attachment":[{"href":"https:\/\/www.hoymercedes.com.ar\/principal\/wp-json\/wp\/v2\/media?parent=90593"}],"wp:term":[{"taxonomy":"category","embeddable":true,"href":"https:\/\/www.hoymercedes.com.ar\/principal\/wp-json\/wp\/v2\/categories?post=90593"},{"taxonomy":"post_tag","embeddable":true,"href":"https:\/\/www.hoymercedes.com.ar\/principal\/wp-json\/wp\/v2\/tags?post=90593"}],"curies":[{"name":"wp","href":"https:\/\/api.w.org\/{rel}","templated":true}]}}