{"id":90604,"date":"2019-04-02T18:26:08","date_gmt":"2019-04-02T21:26:08","guid":{"rendered":"http:\/\/www.hoymercedes.com.ar\/principal\/?p=90604"},"modified":"2019-04-02T15:37:41","modified_gmt":"2019-04-02T18:37:41","slug":"en-la-copa-cimes-vamos-los-pibes-estudiantes-y-mercedes-se-disputan-dos-categorias","status":"publish","type":"post","link":"https:\/\/www.hoymercedes.com.ar\/principal\/2019\/04\/02\/en-la-copa-cimes-vamos-los-pibes-estudiantes-y-mercedes-se-disputan-dos-categorias\/","title":{"rendered":"En la Copa Cimes Vamos Los Pibes, Estudiantes y Mercedes se disputan dos categor\u00edas"},"content":{"rendered":"\n<p>Se jug\u00f3 la cuarta fecha de la Copa Cimes Vamos Los Pibes que se desarrolla todos los domingos en las instalaciones del Club V\u00e9lez y los protagonistas mercedinos son Estudiantes y Mercedes, que est\u00e1n en plena pelea en las cuatro categor\u00edas, pero ellos dos pelean cabeza a cabeza la 2008 y 2010. Los resultados de la jornada fueron los siguientes:<\/p>\n\n\n\n<figure class=\"wp-block-image\"><img loading=\"lazy\" decoding=\"async\" width=\"960\" height=\"540\" data-attachment-id=\"90605\" data-permalink=\"https:\/\/www.hoymercedes.com.ar\/principal\/2019\/04\/02\/en-la-copa-cimes-vamos-los-pibes-estudiantes-y-mercedes-se-disputan-dos-categorias\/vamos-los-pibes-mercedes-estudiantes\/#main\" data-orig-file=\"https:\/\/www.hoymercedes.com.ar\/principal\/wp-content\/uploads\/2019\/04\/Vamos-los-pibes-mercedes-estudiantes.jpg\" data-orig-size=\"960,540\" data-comments-opened=\"0\" data-image-meta=\"{&quot;aperture&quot;:&quot;0&quot;,&quot;credit&quot;:&quot;&quot;,&quot;camera&quot;:&quot;&quot;,&quot;caption&quot;:&quot;&quot;,&quot;created_timestamp&quot;:&quot;0&quot;,&quot;copyright&quot;:&quot;&quot;,&quot;focal_length&quot;:&quot;0&quot;,&quot;iso&quot;:&quot;0&quot;,&quot;shutter_speed&quot;:&quot;0&quot;,&quot;title&quot;:&quot;&quot;,&quot;orientation&quot;:&quot;0&quot;}\" data-image-title=\"Vamos los pibes mercedes estudiantes\" data-image-description=\"\" data-image-caption=\"\" data-large-file=\"https:\/\/www.hoymercedes.com.ar\/principal\/wp-content\/uploads\/2019\/04\/Vamos-los-pibes-mercedes-estudiantes.jpg\" src=\"https:\/\/www.hoymercedes.com.ar\/principal\/wp-content\/uploads\/2019\/04\/Vamos-los-pibes-mercedes-estudiantes.jpg\" alt=\"\" class=\"wp-image-90605\" srcset=\"https:\/\/www.hoymercedes.com.ar\/principal\/wp-content\/uploads\/2019\/04\/Vamos-los-pibes-mercedes-estudiantes.jpg 960w, https:\/\/www.hoymercedes.com.ar\/principal\/wp-content\/uploads\/2019\/04\/Vamos-los-pibes-mercedes-estudiantes-150x84.jpg 150w, https:\/\/www.hoymercedes.com.ar\/principal\/wp-content\/uploads\/2019\/04\/Vamos-los-pibes-mercedes-estudiantes-630x354.jpg 630w\" sizes=\"auto, (max-width: 960px) 100vw, 960px\" \/><\/figure>\n\n\n\n<p>Categor\u00eda 2011<\/p>\n\n\n\n<p>V\u00e9lez 0 &#8211; Uni\u00f3n 2 (Valentino Cabrera y Ciro Ceballos)<\/p>\n\n\n\n<p>Alumni 4 (Mateo Melo, Alexis Saucedo, Benjam\u00edn Fredes, Joaqu\u00edn Dune) &#8211; Estudiantes 0<\/p>\n\n\n\n<p>Categor\u00eda 2010<\/p>\n\n\n\n<p>Uni\u00f3n 0 &#8211; Mercedes 1 (Tom\u00e1s Ustarroz)<\/p>\n\n\n\n<p>Estudiantes Rojo 6 (Mirko Trejo 2, Mateo D\u00edaz 2, Thiago Dos Santos 2) &#8211; V\u00e9lez 0<\/p>\n\n\n\n<p>Categor\u00eda 2009<\/p>\n\n\n\n<p>V\u00e9lez 1 (Mirko Cabral) &#8211; Estudiantes 6 (Franco Rossello, Pedro Murrie, Braian Ram\u00edrez Damonte 2, Bautista Marchesini 2)<\/p>\n\n\n\n<p>Uni\u00f3n 1 (L\u00e1zaro G\u00f3mez) &#8211; Mercedes 0<\/p>\n\n\n\n<p>Categor\u00eda 2008<\/p>\n\n\n\n<p>Estudiantes 1 (Franco Sabic) &#8211; Mercedes 1 (Lorenzo Escudero)<\/p>\n\n\n\n<p>V\u00e9lez 1 (Bautista Cruz) &#8211; Uni\u00f3n 1 (Bautista Perruelo)<\/p>\n\n\n\n<p><strong>Pr\u00f3xima fecha &#8211; 5\u00b0<\/strong><\/p>\n\n\n\n<p>Categor\u00eda 2008: V\u00e9lez Vs. Estudiantes y La Flor Vs. Uni\u00f3n<\/p>\n\n\n\n<p>Categor\u00eda 2009: V\u00e9lez Vs. Uni\u00f3n y Onda Verde Vs. Estudiantes<\/p>\n\n\n\n<p>Categor\u00eda 2010: V\u00e9lez Vs. Uni\u00f3n y Estudiantes Azul Vs. Estudiantes Rojo<\/p>\n\n\n\n<figure class=\"wp-block-image\"><img loading=\"lazy\" decoding=\"async\" width=\"736\" height=\"656\" data-attachment-id=\"90606\" data-permalink=\"https:\/\/www.hoymercedes.com.ar\/principal\/2019\/04\/02\/en-la-copa-cimes-vamos-los-pibes-estudiantes-y-mercedes-se-disputan-dos-categorias\/copa-cimes-tabla-4\/#main\" data-orig-file=\"https:\/\/www.hoymercedes.com.ar\/principal\/wp-content\/uploads\/2019\/04\/COPA-CIMES-TABLA.png\" data-orig-size=\"736,656\" data-comments-opened=\"0\" data-image-meta=\"{&quot;aperture&quot;:&quot;0&quot;,&quot;credit&quot;:&quot;&quot;,&quot;camera&quot;:&quot;&quot;,&quot;caption&quot;:&quot;&quot;,&quot;created_timestamp&quot;:&quot;0&quot;,&quot;copyright&quot;:&quot;&quot;,&quot;focal_length&quot;:&quot;0&quot;,&quot;iso&quot;:&quot;0&quot;,&quot;shutter_speed&quot;:&quot;0&quot;,&quot;title&quot;:&quot;&quot;,&quot;orientation&quot;:&quot;0&quot;}\" data-image-title=\"COPA CIMES TABLA\" data-image-description=\"\" data-image-caption=\"\" data-large-file=\"https:\/\/www.hoymercedes.com.ar\/principal\/wp-content\/uploads\/2019\/04\/COPA-CIMES-TABLA.png\" src=\"https:\/\/www.hoymercedes.com.ar\/principal\/wp-content\/uploads\/2019\/04\/COPA-CIMES-TABLA.png\" alt=\"\" class=\"wp-image-90606\" srcset=\"https:\/\/www.hoymercedes.com.ar\/principal\/wp-content\/uploads\/2019\/04\/COPA-CIMES-TABLA.png 736w, https:\/\/www.hoymercedes.com.ar\/principal\/wp-content\/uploads\/2019\/04\/COPA-CIMES-TABLA-150x134.png 150w, https:\/\/www.hoymercedes.com.ar\/principal\/wp-content\/uploads\/2019\/04\/COPA-CIMES-TABLA-630x562.png 630w\" sizes=\"auto, (max-width: 736px) 100vw, 736px\" \/><\/figure>\n\n\n\n<p><br><\/p>\n","protected":false},"excerpt":{"rendered":"<p>Se jug\u00f3 la cuarta fecha de la Copa Cimes Vamos Los Pibes que se desarrolla todos los domingos en las &#8230; <a title=\"En la Copa Cimes Vamos Los Pibes, Estudiantes y Mercedes se disputan dos categor\u00edas\" class=\"read-more\" href=\"https:\/\/www.hoymercedes.com.ar\/principal\/2019\/04\/02\/en-la-copa-cimes-vamos-los-pibes-estudiantes-y-mercedes-se-disputan-dos-categorias\/\" aria-label=\"Leer m\u00e1s sobre En la Copa Cimes Vamos Los Pibes, Estudiantes y Mercedes se disputan dos categor\u00edas\">Leer m\u00e1s<\/a><\/p>\n","protected":false},"author":1,"featured_media":90605,"comment_status":"closed","ping_status":"open","sticky":false,"template":"","format":"standard","meta":{"_monsterinsights_skip_tracking":false,"_monsterinsights_sitenote_active":false,"_monsterinsights_sitenote_note":"","_monsterinsights_sitenote_category":0,"jetpack_post_was_ever_published":false,"_jetpack_newsletter_access":"","_jetpack_dont_email_post_to_subs":false,"_jetpack_newsletter_tier_id":0,"_jetpack_memberships_contains_paywalled_content":false,"_jetpack_memberships_contains_paid_content":false,"footnotes":"","jetpack_publicize_message":"","jetpack_publicize_feature_enabled":true,"jetpack_social_post_already_shared":true,"jetpack_social_options":{"image_generator_settings":{"template":"highway","default_image_id":0,"font":"","enabled":false},"version":2},"_wpas_customize_per_network":false},"categories":[21],"tags":[14640],"class_list":["post-90604","post","type-post","status-publish","format-standard","has-post-thumbnail","hentry","category-deportes","tag-copa-cimes-vamos-los-pibes","generate-columns","tablet-grid-50","mobile-grid-100","grid-parent","grid-50"],"jetpack_publicize_connections":[],"jetpack_featured_media_url":"https:\/\/www.hoymercedes.com.ar\/principal\/wp-content\/uploads\/2019\/04\/Vamos-los-pibes-mercedes-estudiantes.jpg","wps_subtitle":"","jetpack_sharing_enabled":true,"_links":{"self":[{"href":"https:\/\/www.hoymercedes.com.ar\/principal\/wp-json\/wp\/v2\/posts\/90604","targetHints":{"allow":["GET"]}}],"collection":[{"href":"https:\/\/www.hoymercedes.com.ar\/principal\/wp-json\/wp\/v2\/posts"}],"about":[{"href":"https:\/\/www.hoymercedes.com.ar\/principal\/wp-json\/wp\/v2\/types\/post"}],"author":[{"embeddable":true,"href":"https:\/\/www.hoymercedes.com.ar\/principal\/wp-json\/wp\/v2\/users\/1"}],"replies":[{"embeddable":true,"href":"https:\/\/www.hoymercedes.com.ar\/principal\/wp-json\/wp\/v2\/comments?post=90604"}],"version-history":[{"count":0,"href":"https:\/\/www.hoymercedes.com.ar\/principal\/wp-json\/wp\/v2\/posts\/90604\/revisions"}],"wp:featuredmedia":[{"embeddable":true,"href":"https:\/\/www.hoymercedes.com.ar\/principal\/wp-json\/wp\/v2\/media\/90605"}],"wp:attachment":[{"href":"https:\/\/www.hoymercedes.com.ar\/principal\/wp-json\/wp\/v2\/media?parent=90604"}],"wp:term":[{"taxonomy":"category","embeddable":true,"href":"https:\/\/www.hoymercedes.com.ar\/principal\/wp-json\/wp\/v2\/categories?post=90604"},{"taxonomy":"post_tag","embeddable":true,"href":"https:\/\/www.hoymercedes.com.ar\/principal\/wp-json\/wp\/v2\/tags?post=90604"}],"curies":[{"name":"wp","href":"https:\/\/api.w.org\/{rel}","templated":true}]}}