{"id":90618,"date":"2019-04-03T15:13:27","date_gmt":"2019-04-03T18:13:27","guid":{"rendered":"http:\/\/www.hoymercedes.com.ar\/principal\/?p=90618"},"modified":"2019-04-02T16:23:28","modified_gmt":"2019-04-02T19:23:28","slug":"se-realizo-un-taller-hipico-en-maria-silvina","status":"publish","type":"post","link":"https:\/\/www.hoymercedes.com.ar\/principal\/2019\/04\/03\/se-realizo-un-taller-hipico-en-maria-silvina\/","title":{"rendered":"Se realiz\u00f3 un taller h\u00edpico en Maria Silvina"},"content":{"rendered":"\n<p>El pasado domingo 31 de marzo, en las instalaciones del Centro Ecuestre Mar\u00eda Silvina el primer Taller H\u00edpico Gratuito. Se hicieron presentes ni\u00f1os de las localidades de Luj\u00e1n, Navarro y Mercedes.<\/p>\n\n\n\n<figure class=\"wp-block-image\"><img loading=\"lazy\" decoding=\"async\" width=\"960\" height=\"720\" data-attachment-id=\"90619\" data-permalink=\"https:\/\/www.hoymercedes.com.ar\/principal\/2019\/04\/03\/se-realizo-un-taller-hipico-en-maria-silvina\/curso-maria-silvina\/#main\" data-orig-file=\"https:\/\/www.hoymercedes.com.ar\/principal\/wp-content\/uploads\/2019\/04\/Curso-Maria-Silvina.jpg\" data-orig-size=\"960,720\" data-comments-opened=\"0\" data-image-meta=\"{&quot;aperture&quot;:&quot;0&quot;,&quot;credit&quot;:&quot;&quot;,&quot;camera&quot;:&quot;&quot;,&quot;caption&quot;:&quot;&quot;,&quot;created_timestamp&quot;:&quot;0&quot;,&quot;copyright&quot;:&quot;&quot;,&quot;focal_length&quot;:&quot;0&quot;,&quot;iso&quot;:&quot;0&quot;,&quot;shutter_speed&quot;:&quot;0&quot;,&quot;title&quot;:&quot;&quot;,&quot;orientation&quot;:&quot;0&quot;}\" data-image-title=\"Curso Maria Silvina\" data-image-description=\"\" data-image-caption=\"\" data-large-file=\"https:\/\/www.hoymercedes.com.ar\/principal\/wp-content\/uploads\/2019\/04\/Curso-Maria-Silvina.jpg\" src=\"https:\/\/www.hoymercedes.com.ar\/principal\/wp-content\/uploads\/2019\/04\/Curso-Maria-Silvina.jpg\" alt=\"\" class=\"wp-image-90619\" srcset=\"https:\/\/www.hoymercedes.com.ar\/principal\/wp-content\/uploads\/2019\/04\/Curso-Maria-Silvina.jpg 960w, https:\/\/www.hoymercedes.com.ar\/principal\/wp-content\/uploads\/2019\/04\/Curso-Maria-Silvina-150x113.jpg 150w, https:\/\/www.hoymercedes.com.ar\/principal\/wp-content\/uploads\/2019\/04\/Curso-Maria-Silvina-630x473.jpg 630w, https:\/\/www.hoymercedes.com.ar\/principal\/wp-content\/uploads\/2019\/04\/Curso-Maria-Silvina-320x240.jpg 320w, https:\/\/www.hoymercedes.com.ar\/principal\/wp-content\/uploads\/2019\/04\/Curso-Maria-Silvina-100x75.jpg 100w\" sizes=\"auto, (max-width: 960px) 100vw, 960px\" \/><\/figure>\n\n\n\n<p>La iniciativa surgi\u00f3 para aquellos ni\u00f1os que no tengan experiencia previa, y se les ense\u00f1\u00f3 todo sobre el cuidado, nutrici\u00f3n y aspectos generales de nuestro arraigo al caballo. Tambi\u00e9n se dio el puntapi\u00e9 inicial sobre la iniciaci\u00f3n en la equitaci\u00f3n enesa\u00f1ando confianza, soltura y equilibrio como as\u00ed tamb\u00eden los aspectos iniciales del manejo.<\/p>\n\n\n\n<p>Fue una hermosa jornada en donde ni\u00f1os y padres pudieron disfrutar de un d\u00eda rodeado de la naturaleza y los caballos.<\/p>\n\n\n\n<p>Los ni\u00f1os que participaron de la jornada fueron: Mar\u00eda Sof\u00eda Badano, Alejandro Achili, Agust\u00edn Achili, Tiziano Villalba, Bel\u00e9n Barisone, Sim\u00f3n Maldonado, Mar\u00eda Victoria Cecco, Alfonso Huici, In\u00e9s Su\u00e1rez, Andr\u00e9s Su\u00e1rez, Sof\u00eda Castro, Juan Manuel Castro, Malena Castro, Juan Bautista Russo Aon, Francesca Balbastro y Dilan.<\/p>\n\n\n\n<p>Agradecemos a todas las familias del h\u00edpico por la ayuda y al profe Lucas Rey por su dedicaci\u00f3n. Para m\u00e1s info sobre clases comunicarse al 2324 312933.<\/p>\n","protected":false},"excerpt":{"rendered":"<p>El pasado domingo 31 de marzo, en las instalaciones del Centro Ecuestre Mar\u00eda Silvina el primer Taller H\u00edpico Gratuito. Se &#8230; <a title=\"Se realiz\u00f3 un taller h\u00edpico en Maria Silvina\" class=\"read-more\" href=\"https:\/\/www.hoymercedes.com.ar\/principal\/2019\/04\/03\/se-realizo-un-taller-hipico-en-maria-silvina\/\" aria-label=\"Leer m\u00e1s sobre Se realiz\u00f3 un taller h\u00edpico en Maria Silvina\">Leer m\u00e1s<\/a><\/p>\n","protected":false},"author":1,"featured_media":90619,"comment_status":"closed","ping_status":"open","sticky":false,"template":"","format":"standard","meta":{"_monsterinsights_skip_tracking":false,"_monsterinsights_sitenote_active":false,"_monsterinsights_sitenote_note":"","_monsterinsights_sitenote_category":0,"jetpack_post_was_ever_published":false,"_jetpack_newsletter_access":"","_jetpack_dont_email_post_to_subs":false,"_jetpack_newsletter_tier_id":0,"_jetpack_memberships_contains_paywalled_content":false,"_jetpack_memberships_contains_paid_content":false,"footnotes":"","jetpack_publicize_message":"","jetpack_publicize_feature_enabled":true,"jetpack_social_post_already_shared":true,"jetpack_social_options":{"image_generator_settings":{"template":"highway","default_image_id":0,"font":"","enabled":false},"version":2},"_wpas_customize_per_network":false},"categories":[21],"tags":[14533],"class_list":["post-90618","post","type-post","status-publish","format-standard","has-post-thumbnail","hentry","category-deportes","tag-hipico-maria-silvina","generate-columns","tablet-grid-50","mobile-grid-100","grid-parent","grid-50"],"jetpack_publicize_connections":[],"jetpack_featured_media_url":"https:\/\/www.hoymercedes.com.ar\/principal\/wp-content\/uploads\/2019\/04\/Curso-Maria-Silvina.jpg","wps_subtitle":"Equitaci\u00f3n","jetpack_sharing_enabled":true,"_links":{"self":[{"href":"https:\/\/www.hoymercedes.com.ar\/principal\/wp-json\/wp\/v2\/posts\/90618","targetHints":{"allow":["GET"]}}],"collection":[{"href":"https:\/\/www.hoymercedes.com.ar\/principal\/wp-json\/wp\/v2\/posts"}],"about":[{"href":"https:\/\/www.hoymercedes.com.ar\/principal\/wp-json\/wp\/v2\/types\/post"}],"author":[{"embeddable":true,"href":"https:\/\/www.hoymercedes.com.ar\/principal\/wp-json\/wp\/v2\/users\/1"}],"replies":[{"embeddable":true,"href":"https:\/\/www.hoymercedes.com.ar\/principal\/wp-json\/wp\/v2\/comments?post=90618"}],"version-history":[{"count":0,"href":"https:\/\/www.hoymercedes.com.ar\/principal\/wp-json\/wp\/v2\/posts\/90618\/revisions"}],"wp:featuredmedia":[{"embeddable":true,"href":"https:\/\/www.hoymercedes.com.ar\/principal\/wp-json\/wp\/v2\/media\/90619"}],"wp:attachment":[{"href":"https:\/\/www.hoymercedes.com.ar\/principal\/wp-json\/wp\/v2\/media?parent=90618"}],"wp:term":[{"taxonomy":"category","embeddable":true,"href":"https:\/\/www.hoymercedes.com.ar\/principal\/wp-json\/wp\/v2\/categories?post=90618"},{"taxonomy":"post_tag","embeddable":true,"href":"https:\/\/www.hoymercedes.com.ar\/principal\/wp-json\/wp\/v2\/tags?post=90618"}],"curies":[{"name":"wp","href":"https:\/\/api.w.org\/{rel}","templated":true}]}}