{"id":90662,"date":"2019-04-03T00:12:20","date_gmt":"2019-04-03T03:12:20","guid":{"rendered":"http:\/\/www.hoymercedes.com.ar\/principal\/?p=90662"},"modified":"2019-04-02T20:20:15","modified_gmt":"2019-04-02T23:20:15","slug":"entidades-de-bien-publico-tendran-tarifas-bonificadas-en-el-gas-natural","status":"publish","type":"post","link":"https:\/\/www.hoymercedes.com.ar\/principal\/2019\/04\/03\/entidades-de-bien-publico-tendran-tarifas-bonificadas-en-el-gas-natural\/","title":{"rendered":"Entidades de bien p\u00fablico tendr\u00e1n tarifas bonificadas en el gas natural"},"content":{"rendered":"\n<p>La empresa Naturgy (ex Gas Natural Ban) anunci\u00f3 que desde el 1\u00b0 de abril las entidades de bien p\u00fablico cuentan con un r\u00e9gimen tarifario espec\u00edfico. Las instituciones deber\u00e1n registrarse en el Centro Nacional de Organizaciones de la Comunidad (CENOC) <\/p>\n\n\n\n<p>Las asociaciones civiles, simples asociaciones y fundaciones que no persiguen fines de lucro en forma directa o indirecta y las organizaciones comunitarias sin fines de lucro con reconocimiento municipal que llevan adelante programas de promoci\u00f3n y protecci\u00f3n de derechos o desarrollan actividades de ayuda social directa sin cobrar a los destinatarios por los servicios que prestan, cuentan con un cuadro tarifario particular establecido en el R\u00e9gimen Tarifario Espec\u00edfico para Entidades de Bien P\u00fablico. <\/p>\n\n\n\n<p>En ocasi\u00f3n del presente ajuste tarifario, la Secretar\u00eda de Gobierno de Energ\u00eda mediante la resoluci\u00f3n 146\/19 ha ampliado los beneficios, y dispuesto para las mismas la aplicaci\u00f3n del cuadro tarifario correspondiente al \u201cTarifa Servicio General P\u201d, con una bonificaci\u00f3n del 45% del valor del gas natural. Estos cambios se encuentran vigentes desde el 1 de abril, de acuerdo a los cuadros tarifarios aprobados por el ENARGAS en la Resoluci\u00f3n N\u00b0196\/2019.<\/p>\n\n\n\n<p>Para poder acceder al presente r\u00e9gimen tarifario las\nentidades de bien p\u00fablico deber\u00e1n estar registradas como tal en el Centro\nNacional de Organizaciones de la Comunidad (CENOC), dependiente del Consejo\nNacional de Coordinaci\u00f3n de Pol\u00edticas Sociales de Presidencia de la Naci\u00f3n.\nPueden inscribirse ingresando al siguiente link: <a href=\"http:\/\/www.cenoc.gob.ar\/Inscripcion\" target=\"_blank\" rel=\"noopener\">http:\/\/www.cenoc.gob.ar\/Inscripcion<\/a><\/p>\n\n\n\n<p>Para m\u00e1s informaci\u00f3n se puede llamar al 0810-333-46226 o visitar el sitio web <a href=\"http:\/\/www.naturgy.com.ar\" target=\"_blank\" rel=\"noopener\">www.naturgy.com.ar<\/a><\/p>\n","protected":false},"excerpt":{"rendered":"<p>La empresa Naturgy (ex Gas Natural Ban) anunci\u00f3 que desde el 1\u00b0 de abril las entidades de bien p\u00fablico cuentan &#8230; <a title=\"Entidades de bien p\u00fablico tendr\u00e1n tarifas bonificadas en el gas natural\" class=\"read-more\" href=\"https:\/\/www.hoymercedes.com.ar\/principal\/2019\/04\/03\/entidades-de-bien-publico-tendran-tarifas-bonificadas-en-el-gas-natural\/\" aria-label=\"Leer m\u00e1s sobre Entidades de bien p\u00fablico tendr\u00e1n tarifas bonificadas en el gas natural\">Leer m\u00e1s<\/a><\/p>\n","protected":false},"author":1,"featured_media":77219,"comment_status":"closed","ping_status":"open","sticky":false,"template":"","format":"standard","meta":{"_monsterinsights_skip_tracking":false,"_monsterinsights_sitenote_active":false,"_monsterinsights_sitenote_note":"","_monsterinsights_sitenote_category":0,"jetpack_post_was_ever_published":false,"_jetpack_newsletter_access":"","_jetpack_dont_email_post_to_subs":false,"_jetpack_newsletter_tier_id":0,"_jetpack_memberships_contains_paywalled_content":false,"_jetpack_memberships_contains_paid_content":false,"footnotes":"","jetpack_publicize_message":"","jetpack_publicize_feature_enabled":true,"jetpack_social_post_already_shared":true,"jetpack_social_options":{"image_generator_settings":{"template":"highway","default_image_id":0,"font":"","enabled":false},"version":2},"_wpas_customize_per_network":false},"categories":[8],"tags":[14784,1106],"class_list":["post-90662","post","type-post","status-publish","format-standard","has-post-thumbnail","hentry","category-sociedad","tag-entidades-de-bien-publico","tag-gas-natural","generate-columns","tablet-grid-50","mobile-grid-100","grid-parent","grid-50"],"jetpack_publicize_connections":[],"jetpack_featured_media_url":"https:\/\/www.hoymercedes.com.ar\/principal\/wp-content\/uploads\/2018\/06\/12-corte-gas.jpg","wps_subtitle":"","jetpack_sharing_enabled":true,"_links":{"self":[{"href":"https:\/\/www.hoymercedes.com.ar\/principal\/wp-json\/wp\/v2\/posts\/90662","targetHints":{"allow":["GET"]}}],"collection":[{"href":"https:\/\/www.hoymercedes.com.ar\/principal\/wp-json\/wp\/v2\/posts"}],"about":[{"href":"https:\/\/www.hoymercedes.com.ar\/principal\/wp-json\/wp\/v2\/types\/post"}],"author":[{"embeddable":true,"href":"https:\/\/www.hoymercedes.com.ar\/principal\/wp-json\/wp\/v2\/users\/1"}],"replies":[{"embeddable":true,"href":"https:\/\/www.hoymercedes.com.ar\/principal\/wp-json\/wp\/v2\/comments?post=90662"}],"version-history":[{"count":0,"href":"https:\/\/www.hoymercedes.com.ar\/principal\/wp-json\/wp\/v2\/posts\/90662\/revisions"}],"wp:featuredmedia":[{"embeddable":true,"href":"https:\/\/www.hoymercedes.com.ar\/principal\/wp-json\/wp\/v2\/media\/77219"}],"wp:attachment":[{"href":"https:\/\/www.hoymercedes.com.ar\/principal\/wp-json\/wp\/v2\/media?parent=90662"}],"wp:term":[{"taxonomy":"category","embeddable":true,"href":"https:\/\/www.hoymercedes.com.ar\/principal\/wp-json\/wp\/v2\/categories?post=90662"},{"taxonomy":"post_tag","embeddable":true,"href":"https:\/\/www.hoymercedes.com.ar\/principal\/wp-json\/wp\/v2\/tags?post=90662"}],"curies":[{"name":"wp","href":"https:\/\/api.w.org\/{rel}","templated":true}]}}