{"id":90687,"date":"2019-04-03T15:37:51","date_gmt":"2019-04-03T18:37:51","guid":{"rendered":"http:\/\/www.hoymercedes.com.ar\/principal\/?p=90687"},"modified":"2019-04-03T16:24:40","modified_gmt":"2019-04-03T19:24:40","slug":"crean-oficialmente-el-cens-n-453","status":"publish","type":"post","link":"https:\/\/www.hoymercedes.com.ar\/principal\/2019\/04\/03\/crean-oficialmente-el-cens-n-453\/","title":{"rendered":"Crean oficialmente el CENS N\u00b0 453"},"content":{"rendered":"\n<p>A trav\u00e9s de\nla resoluci\u00f3n 1780\/19 de la Direcci\u00f3n General de Cultura y Educaci\u00f3n de la\nprovincia con fecha del 1\u00b0 de abril, cre\u00f3 oficialmente el CENS N\u00b0 453 en la\nciudad de Mercedes. Instituci\u00f3n educativa de ense\u00f1anza a adultos que deriva de\nla Escuela Media N\u00b0 1 y por la cual hace quince d\u00edas alumnos y docentes\nreclamaron para su efectiva conformaci\u00f3n. <\/p>\n\n\n\n<p>En la sede\nde la Secundaria N\u00b0 1 (calle 47 y 32), en el turno vespertino, funcionar\u00e1\noficialmente el Centro Educativo del Nivel Secundario N\u00b0 453 de Mercedes. \u201cSe\ncrea una nueva instituci\u00f3n en las mismas condiciones en las que estaba. Al ser\nuna nueva instituci\u00f3n, tendr\u00e1 un directivo nuevo. Se est\u00e1 gestionando qui\u00e9n\nser\u00e1 el director interino hasta que se realice el concurso correspondiente\u201d, explic\u00f3\nel Inspector Jefe Distrital, Cristian Ponce.<\/p>\n\n\n\n<p>\u201cPasa a ser\nCENS, todo lo que funcionaba en el turno vespertino de adultos. De la\nSecundaria N\u00b0 1, queda en ese turno s\u00f3lo las aulas de aceleraci\u00f3n. Lo que es\nadultos, mayores de 18 a\u00f1os, pasa a CENS. Lo que pasa ahora es 1\u00b0 y 2\u00b0 a\u00f1o. El\npr\u00f3ximo a\u00f1o pasar\u00e1 el 3\u00b0. Esto se hace para mantener el mismo t\u00edtulo de Bachiller\u201d,\nagreg\u00f3. <\/p>\n\n\n\n<p>La Resoluci\u00f3n\nle da un marco normativo nuevo a la instituci\u00f3n de ense\u00f1anza de adultos que\nfunciona all\u00ed desde que era la Escuela Media N\u00b0 1. &nbsp;Al CENS N\u00b0 453 pasa la planta docente, pero\ntendr\u00e1 una nueva direcci\u00f3n, ya que cuando funcionaba dentro de la Secundaria se\nreg\u00eda bajo la direcci\u00f3n de la instituci\u00f3n. Asimismo, se mantienen las\norientaciones de Bienes y Servicios y Administraci\u00f3n. <\/p>\n\n\n\n<figure class=\"wp-block-image\"><img loading=\"lazy\" decoding=\"async\" width=\"800\" height=\"450\" data-attachment-id=\"90696\" data-permalink=\"https:\/\/www.hoymercedes.com.ar\/principal\/2019\/04\/03\/crean-oficialmente-el-cens-n-453\/03-cens-453\/#main\" data-orig-file=\"https:\/\/www.hoymercedes.com.ar\/principal\/wp-content\/uploads\/2019\/04\/03-CENS-453.jpg\" data-orig-size=\"800,450\" data-comments-opened=\"0\" data-image-meta=\"{&quot;aperture&quot;:&quot;0&quot;,&quot;credit&quot;:&quot;&quot;,&quot;camera&quot;:&quot;&quot;,&quot;caption&quot;:&quot;&quot;,&quot;created_timestamp&quot;:&quot;0&quot;,&quot;copyright&quot;:&quot;&quot;,&quot;focal_length&quot;:&quot;0&quot;,&quot;iso&quot;:&quot;0&quot;,&quot;shutter_speed&quot;:&quot;0&quot;,&quot;title&quot;:&quot;&quot;,&quot;orientation&quot;:&quot;0&quot;}\" data-image-title=\"03 CENS 453\" data-image-description=\"\" data-image-caption=\"&lt;p&gt;En marzo pasado, alumnos y docentes reclamaban la creaci\u00f3n del CENS&lt;\/p&gt;\n\" data-large-file=\"https:\/\/www.hoymercedes.com.ar\/principal\/wp-content\/uploads\/2019\/04\/03-CENS-453.jpg\" src=\"https:\/\/www.hoymercedes.com.ar\/principal\/wp-content\/uploads\/2019\/04\/03-CENS-453.jpg\" alt=\"\" class=\"wp-image-90696\" srcset=\"https:\/\/www.hoymercedes.com.ar\/principal\/wp-content\/uploads\/2019\/04\/03-CENS-453.jpg 800w, https:\/\/www.hoymercedes.com.ar\/principal\/wp-content\/uploads\/2019\/04\/03-CENS-453-150x84.jpg 150w, https:\/\/www.hoymercedes.com.ar\/principal\/wp-content\/uploads\/2019\/04\/03-CENS-453-630x354.jpg 630w\" sizes=\"auto, (max-width: 800px) 100vw, 800px\" \/><figcaption>En marzo pasado, alumnos y docentes reclamaban la creaci\u00f3n del CENS<\/figcaption><\/figure>\n\n\n\n<p>Cabe recordar que a mediados del mes de marzo, reci\u00e9n iniciadas las clases, docentes y alumnos de la instituci\u00f3n educativa de adultos, se manifest\u00f3 en la puerta de la escuela para solicitar se haga \u00a0efectiva la creaci\u00f3n del CENS, tal como se hab\u00eda anunciado el a\u00f1o pasado en otra resoluci\u00f3n de la DGCyE. <br><\/p>\n","protected":false},"excerpt":{"rendered":"<p>A trav\u00e9s de la resoluci\u00f3n 1780\/19 de la Direcci\u00f3n General de Cultura y Educaci\u00f3n de la provincia con fecha del &#8230; <a title=\"Crean oficialmente el CENS N\u00b0 453\" class=\"read-more\" href=\"https:\/\/www.hoymercedes.com.ar\/principal\/2019\/04\/03\/crean-oficialmente-el-cens-n-453\/\" aria-label=\"Leer m\u00e1s sobre Crean oficialmente el CENS N\u00b0 453\">Leer m\u00e1s<\/a><\/p>\n","protected":false},"author":1,"featured_media":90696,"comment_status":"closed","ping_status":"open","sticky":false,"template":"","format":"standard","meta":{"_monsterinsights_skip_tracking":false,"_monsterinsights_sitenote_active":false,"_monsterinsights_sitenote_note":"","_monsterinsights_sitenote_category":0,"jetpack_post_was_ever_published":false,"_jetpack_newsletter_access":"","_jetpack_dont_email_post_to_subs":false,"_jetpack_newsletter_tier_id":0,"_jetpack_memberships_contains_paywalled_content":false,"_jetpack_memberships_contains_paid_content":false,"footnotes":"","jetpack_publicize_message":"","jetpack_publicize_feature_enabled":true,"jetpack_social_post_already_shared":true,"jetpack_social_options":{"image_generator_settings":{"template":"highway","default_image_id":0,"font":"","enabled":false},"version":2},"_wpas_customize_per_network":false},"categories":[23],"tags":[14789,11526,47],"class_list":["post-90687","post","type-post","status-publish","format-standard","has-post-thumbnail","hentry","category-educacion","tag-cens-453","tag-dgcye","tag-educacion-2","generate-columns","tablet-grid-50","mobile-grid-100","grid-parent","grid-50"],"jetpack_publicize_connections":[],"jetpack_featured_media_url":"https:\/\/www.hoymercedes.com.ar\/principal\/wp-content\/uploads\/2019\/04\/03-CENS-453.jpg","wps_subtitle":"Se firm\u00f3 la resoluci\u00f3n de creaci\u00f3n","jetpack_sharing_enabled":true,"_links":{"self":[{"href":"https:\/\/www.hoymercedes.com.ar\/principal\/wp-json\/wp\/v2\/posts\/90687","targetHints":{"allow":["GET"]}}],"collection":[{"href":"https:\/\/www.hoymercedes.com.ar\/principal\/wp-json\/wp\/v2\/posts"}],"about":[{"href":"https:\/\/www.hoymercedes.com.ar\/principal\/wp-json\/wp\/v2\/types\/post"}],"author":[{"embeddable":true,"href":"https:\/\/www.hoymercedes.com.ar\/principal\/wp-json\/wp\/v2\/users\/1"}],"replies":[{"embeddable":true,"href":"https:\/\/www.hoymercedes.com.ar\/principal\/wp-json\/wp\/v2\/comments?post=90687"}],"version-history":[{"count":0,"href":"https:\/\/www.hoymercedes.com.ar\/principal\/wp-json\/wp\/v2\/posts\/90687\/revisions"}],"wp:featuredmedia":[{"embeddable":true,"href":"https:\/\/www.hoymercedes.com.ar\/principal\/wp-json\/wp\/v2\/media\/90696"}],"wp:attachment":[{"href":"https:\/\/www.hoymercedes.com.ar\/principal\/wp-json\/wp\/v2\/media?parent=90687"}],"wp:term":[{"taxonomy":"category","embeddable":true,"href":"https:\/\/www.hoymercedes.com.ar\/principal\/wp-json\/wp\/v2\/categories?post=90687"},{"taxonomy":"post_tag","embeddable":true,"href":"https:\/\/www.hoymercedes.com.ar\/principal\/wp-json\/wp\/v2\/tags?post=90687"}],"curies":[{"name":"wp","href":"https:\/\/api.w.org\/{rel}","templated":true}]}}