{"id":9073,"date":"2011-11-12T19:13:44","date_gmt":"2011-11-12T19:13:44","guid":{"rendered":"http:\/\/www.hoymercedes.com.ar\/principal\/?p=9073"},"modified":"2011-11-12T19:15:33","modified_gmt":"2011-11-12T19:15:33","slug":"por-cinco-dias-selva-no-concurrira-a-su-despacho-2","status":"publish","type":"post","link":"https:\/\/www.hoymercedes.com.ar\/principal\/2011\/11\/12\/por-cinco-dias-selva-no-concurrira-a-su-despacho-2\/","title":{"rendered":"Mercedes presente en actos por el 60\u00b0 aniversario del voto femenino"},"content":{"rendered":"<p><a href=\"https:\/\/www.hoymercedes.com.ar\/principal\/wp-content\/uploads\/2011\/11\/Alak-Melo-11-11-2011.jpg\"><img loading=\"lazy\" decoding=\"async\" data-attachment-id=\"9075\" data-permalink=\"https:\/\/www.hoymercedes.com.ar\/principal\/2011\/11\/12\/por-cinco-dias-selva-no-concurrira-a-su-despacho-2\/alak-melo-11-11-2011\/#main\" data-orig-file=\"https:\/\/www.hoymercedes.com.ar\/principal\/wp-content\/uploads\/2011\/11\/Alak-Melo-11-11-2011.jpg\" data-orig-size=\"612,425\" data-comments-opened=\"1\" data-image-meta=\"{&quot;aperture&quot;:&quot;0&quot;,&quot;credit&quot;:&quot;&quot;,&quot;camera&quot;:&quot;&quot;,&quot;caption&quot;:&quot;&quot;,&quot;created_timestamp&quot;:&quot;0&quot;,&quot;copyright&quot;:&quot;&quot;,&quot;focal_length&quot;:&quot;0&quot;,&quot;iso&quot;:&quot;0&quot;,&quot;shutter_speed&quot;:&quot;0&quot;,&quot;title&quot;:&quot;&quot;}\" data-image-title=\"Alak-Melo-11-11-2011\" data-image-description=\"\" data-image-caption=\"\" data-large-file=\"https:\/\/www.hoymercedes.com.ar\/principal\/wp-content\/uploads\/2011\/11\/Alak-Melo-11-11-2011.jpg\" class=\"aligncenter size-full wp-image-9075\" title=\"Alak-Melo-11-11-2011\" src=\"https:\/\/www.hoymercedes.com.ar\/principal\/wp-content\/uploads\/2011\/11\/Alak-Melo-11-11-2011.jpg\" alt=\"\" width=\"612\" height=\"425\" \/><\/a><\/p>\n<p>Se llev\u00f3 a cabo este viernes 11 el acto del sesenta aniversario del voto femenino en nuestro pa\u00eds. Las actividades centrales se realizaron en el sal\u00f3n Leopoldo Marechal del Ministerio de Educaci\u00f3n de la Naci\u00f3n con la presencia del Ministro de Educaci\u00f3n, Prof. Alberto Sileoni y el Dr Julio Alak, Ministro de Justicia y Derechos Humanos de la Naci\u00f3n.<\/p>\n<p>De la ciudad de Mercedes el intendente Selva y el responsable de la oficina de Derechos Humanos, Marcelo Melo, fueron formalmente invitados siendo el \u00faltimo de ellos quien asistiera al encuentro representando a la ciudad.<\/p>\n<p>Melo fue parte del encuentro junto a los ministros nacionales as\u00ed como con asistentes ministeriales dialogando en relaci\u00f3n a futuras acciones vinculadas al \u00e1rea pensando en el pr\u00f3ximo 25 de noviembre, d\u00eda de la lucha contra la violencia de g\u00e9nero.<\/p>\n<p>En el acto se proyectaron videos realizados por Canal Encuentro donde se rememor\u00f3 el acontecimiento hist\u00f3rico del voto femenino que se produjo por vez primera en la argentina hace sesenta a\u00f1os y otro en el cual se narraban cuatro historias de mujeres que votaron por el pa\u00eds, la inclusi\u00f3n, la lucha.<\/p>\n<p>Aprovechando la ocasi\u00f3n se llev\u00f3 adelante un reconocimiento a las comunidades afrodescendientes en Argentina quienes tuvieron un espacio dentro de los oradores reivindicando su amplia historia dentro de la contrucci\u00f3n nacional. El cierre fue a toda m\u00fasica propia de la historia afro. Se descubri\u00f3 un cuadro con la imagen de Mar\u00eda Remedios del Valle quien fue capitana del Ej\u00e9rcito de Manuel Belgrano y hero\u00edna de las luchas llevadas a cabo por la independencia del pa\u00eds. Remedios del Valle fue una combatiente negra conocida tambi\u00e9n por tirarle aceite hirviendo a los brit\u00e1nicos durante las Invasiones Inglesas as\u00ed como peleadora en Salta y Tucum\u00e1n junto a Manuel Belgrano.<\/p>\n<p>Sileoni destac\u00f3 la importancia de las comunidades afrodesendientes en el pa\u00eds siendo \u201cen alg\u00fan momento el 30% de la poblaci\u00f3n, pero, desgraciadamente eliminada en diversos combates y guerras silenciadas e invisibilizadas en la historia oficial\u201d. Respecto a Eva recalc\u00f3 el coraje y la visi\u00f3n humana que la impregnaba as\u00ed como la acci\u00f3n en cada acto convirti\u00e9ndolos en realidades.<\/p>\n<p>Alak en similar sentido efectu\u00f3 una breve rese\u00f1a de la vida de Eva Per\u00f3n recalcando la capacidad de comprender la totalidad de necesidades que un ser humano puede tener \u201csin quedarse de brazos cruzados, sino, muy por el contrario, actuando para modificar la realidad.\u201d<\/p>\n<p>Por su parte, la subsecretaria de Promoci\u00f3n de Derechos Humanos, Marita Perceval, sostuvo \u00abse empieza a hacer un reconocimiento y una reparaci\u00f3n por parte del Estado a la comunidad afro, en momentos en que las democracias del mundo se juegan entre la tensi\u00f3n de profundizar los derechos para todas las comunidades o si cierran con ajuste, pobreza y discriminaci\u00f3n\u201d.<\/p>\n<p>Sobre el encuentro, Melo afirm\u00f3: \u201cestos actos muy lejos de ser protocolares son parte de una constante reafirmaci\u00f3n de lo que el gobierno nacional viene realizando en materia de justicia, equidad, reconocimiento, inclusi\u00f3n y derechos humanos. Se trata de espacios donde nos vemos cara a cara todos los que tenemos alguna obligaci\u00f3n al respecto y no como funcionarios, sino, como ciudadanos. Es muy valioso tener presente la existencia de m\u00faltiples historias, las luchas que a trav\u00e9s de los a\u00f1os nos han permitido ser el pa\u00eds inclusivo que somos. No ha sido f\u00e1cil y debemos seguir construyendo cotidianamente\u201d.<\/p>\n<p>Estuvieron presentes diversas figuras como las Diputadas Adriana Puiggr\u00f3s, presidenta de la comisi\u00f3n de educaci\u00f3n y Diana Conti, vicepresidenta a su vez del Partido para la Victoria.<\/p>\n<p>&nbsp;<\/p>\n<div align=\"center\"><iframe loading=\"lazy\" width=\"612\" height=\"425\" src=\"http:\/\/www.youtube.com\/embed\/bvGecUuGfgo?rel=0\" frameborder=\"0\" allowfullscreen><\/iframe><\/div>\n","protected":false},"excerpt":{"rendered":"<p>Se llev\u00f3 a cabo este viernes 11 el acto del sesenta aniversario del voto femenino en nuestro pa\u00eds. Las actividades &#8230; <a title=\"Mercedes presente en actos por el 60\u00b0 aniversario del voto femenino\" class=\"read-more\" href=\"https:\/\/www.hoymercedes.com.ar\/principal\/2011\/11\/12\/por-cinco-dias-selva-no-concurrira-a-su-despacho-2\/\" aria-label=\"Leer m\u00e1s sobre Mercedes presente en actos por el 60\u00b0 aniversario del voto femenino\">Leer m\u00e1s<\/a><\/p>\n","protected":false},"author":1,"featured_media":0,"comment_status":"open","ping_status":"open","sticky":false,"template":"","format":"standard","meta":{"_monsterinsights_skip_tracking":false,"_monsterinsights_sitenote_active":false,"_monsterinsights_sitenote_note":"","_monsterinsights_sitenote_category":0,"jetpack_post_was_ever_published":false,"_jetpack_newsletter_access":"","_jetpack_dont_email_post_to_subs":false,"_jetpack_newsletter_tier_id":0,"_jetpack_memberships_contains_paywalled_content":false,"_jetpack_memberships_contains_paid_content":false,"footnotes":"","jetpack_publicize_message":"","jetpack_publicize_feature_enabled":true,"jetpack_social_post_already_shared":false,"jetpack_social_options":{"image_generator_settings":{"template":"highway","default_image_id":0,"font":"","enabled":false},"version":2},"_wpas_customize_per_network":false},"categories":[8],"tags":[1241,615,736,1580],"class_list":["post-9073","post","type-post","status-publish","format-standard","hentry","category-sociedad","tag-alak","tag-derechos-humanos","tag-melo","tag-voto-femenino","generate-columns","tablet-grid-50","mobile-grid-100","grid-parent","grid-50"],"jetpack_publicize_connections":[],"jetpack_featured_media_url":"","wps_subtitle":"","jetpack_sharing_enabled":true,"_links":{"self":[{"href":"https:\/\/www.hoymercedes.com.ar\/principal\/wp-json\/wp\/v2\/posts\/9073","targetHints":{"allow":["GET"]}}],"collection":[{"href":"https:\/\/www.hoymercedes.com.ar\/principal\/wp-json\/wp\/v2\/posts"}],"about":[{"href":"https:\/\/www.hoymercedes.com.ar\/principal\/wp-json\/wp\/v2\/types\/post"}],"author":[{"embeddable":true,"href":"https:\/\/www.hoymercedes.com.ar\/principal\/wp-json\/wp\/v2\/users\/1"}],"replies":[{"embeddable":true,"href":"https:\/\/www.hoymercedes.com.ar\/principal\/wp-json\/wp\/v2\/comments?post=9073"}],"version-history":[{"count":0,"href":"https:\/\/www.hoymercedes.com.ar\/principal\/wp-json\/wp\/v2\/posts\/9073\/revisions"}],"wp:attachment":[{"href":"https:\/\/www.hoymercedes.com.ar\/principal\/wp-json\/wp\/v2\/media?parent=9073"}],"wp:term":[{"taxonomy":"category","embeddable":true,"href":"https:\/\/www.hoymercedes.com.ar\/principal\/wp-json\/wp\/v2\/categories?post=9073"},{"taxonomy":"post_tag","embeddable":true,"href":"https:\/\/www.hoymercedes.com.ar\/principal\/wp-json\/wp\/v2\/tags?post=9073"}],"curies":[{"name":"wp","href":"https:\/\/api.w.org\/{rel}","templated":true}]}}