{"id":90783,"date":"2019-04-04T19:47:58","date_gmt":"2019-04-04T22:47:58","guid":{"rendered":"http:\/\/www.hoymercedes.com.ar\/principal\/?p=90783"},"modified":"2019-04-04T19:52:41","modified_gmt":"2019-04-04T22:52:41","slug":"club-mercedes-goleo-a-palometas-en-primera-y-reserva","status":"publish","type":"post","link":"https:\/\/www.hoymercedes.com.ar\/principal\/2019\/04\/04\/club-mercedes-goleo-a-palometas-en-primera-y-reserva\/","title":{"rendered":"Club Mercedes gole\u00f3 a Palometas en Primera y Reserva"},"content":{"rendered":"\n<p>A medida que sigue jugando el Regional Amateur, Club Mercedes aprovecha el torneo de la Liga Mercedina para darle continuidad futbol\u00edstica a sus jugadores y entre semana juega los partidos que se postergan del fin de semana. Aprovechando el feriado del 2 de abril, jug\u00f3 ante Palometas, a quien lo venci\u00f3 en Primera por 3 a 0 y en Reserva por 5 a 1.<\/p>\n\n\n\n<p>Con estos resultados, llega a los 7 puntos en la m\u00e1xima categor\u00eda, quedando a dos de Ateneo en la Zona B, mientras que en Reserva ambos son los l\u00edderes con 9 unidades.<\/p>\n\n\n\n<p><strong>Los Palometas 0:<\/strong>\u00a0Jos\u00e9 Ventura, Miguel Lobos, Thom\u00e1s Pinto, Maximiliano Castro Segura, Nicol\u00e1s Aranda, Cristian Pereyra, Gustavo Medone, Mart\u00edn Pastor, Luis Bertera, Deivi Gonz\u00e1lez y Facundo Pinto.\u00a0<strong>DT:<\/strong>\u00a0Juan Amed.\u00a0<strong>Suplentes:<\/strong>\u00a0Mat\u00edas Fern\u00e1ndez, Mariano Brehinier, Eduardo Libares y Agust\u00edn P\u00f3rfido.<br><strong>Club Mercedes 3:<\/strong>\u00a0Juan Bidone, Santiago Selva, Bautista Bidone, Sebasti\u00e1n Cabral, Juan Dematei, Lucas Picone, Franco P\u00e9rez, Facundo Ferroz, Agust\u00edn Juanicotena, Luis Giacoy y Leandro Filippini.\u00a0<strong>DT:<\/strong>\u00a0Walter D\u00edaz.\u00a0<strong>Suplentes:<\/strong>\u00a0Gabriel Rodr\u00edguez y Francisco Silvestre.<br><strong>Gol en el PT:<\/strong>\u00a0A los 24\u2032 Luis Giacoy para Club Mercedes.<br><strong>Goles en el ST:<\/strong>\u00a0A los 23\u2032 Luis Giacoy y a los 45\u2032 Ignacio Vacarezza para Club Mercedes.<br><strong>Cambios:<\/strong>\u00a0Maximiliano Scheltler pot Maximiliano Castro Segura, Nicol\u00e1s M\u00e9ndez por Gustavo Medone y Luciano Apariente por Facundo Pinto en Palometas. Germ\u00e1n Puliti por Luis Giacoy, Ignacio Vacarezza por Agust\u00edn Juanicotena y Franco Mart\u00ednez por Franco P\u00e9rez en Club Mercedes.<br><strong>Arbitro:<\/strong>\u00a0Germ\u00e1n Gauna (AAM). <\/p>\n\n\n\n<p><\/p>\n\n\n\n<p><strong>Reserva<\/strong><\/p>\n\n\n\n<p><strong>Palometas 1:<\/strong> Diego Figueredo<\/p>\n\n\n\n<p><strong>Club Mercedes 5:<\/strong> Francisco Silvestre (5)<\/p>\n\n\n\n<figure class=\"wp-block-image\"><img loading=\"lazy\" decoding=\"async\" width=\"601\" height=\"751\" data-attachment-id=\"90784\" data-permalink=\"https:\/\/www.hoymercedes.com.ar\/principal\/2019\/04\/04\/club-mercedes-goleo-a-palometas-en-primera-y-reserva\/primera-liga-pos-7\/#main\" data-orig-file=\"https:\/\/www.hoymercedes.com.ar\/principal\/wp-content\/uploads\/2019\/04\/PRIMERA-LIGA-POS-1.png\" data-orig-size=\"601,751\" data-comments-opened=\"0\" data-image-meta=\"{&quot;aperture&quot;:&quot;0&quot;,&quot;credit&quot;:&quot;&quot;,&quot;camera&quot;:&quot;&quot;,&quot;caption&quot;:&quot;&quot;,&quot;created_timestamp&quot;:&quot;0&quot;,&quot;copyright&quot;:&quot;&quot;,&quot;focal_length&quot;:&quot;0&quot;,&quot;iso&quot;:&quot;0&quot;,&quot;shutter_speed&quot;:&quot;0&quot;,&quot;title&quot;:&quot;&quot;,&quot;orientation&quot;:&quot;0&quot;}\" data-image-title=\"PRIMERA LIGA POS\" data-image-description=\"\" data-image-caption=\"\" data-large-file=\"https:\/\/www.hoymercedes.com.ar\/principal\/wp-content\/uploads\/2019\/04\/PRIMERA-LIGA-POS-1.png\" src=\"https:\/\/www.hoymercedes.com.ar\/principal\/wp-content\/uploads\/2019\/04\/PRIMERA-LIGA-POS-1.png\" alt=\"\" class=\"wp-image-90784\" srcset=\"https:\/\/www.hoymercedes.com.ar\/principal\/wp-content\/uploads\/2019\/04\/PRIMERA-LIGA-POS-1.png 601w, https:\/\/www.hoymercedes.com.ar\/principal\/wp-content\/uploads\/2019\/04\/PRIMERA-LIGA-POS-1-120x150.png 120w, https:\/\/www.hoymercedes.com.ar\/principal\/wp-content\/uploads\/2019\/04\/PRIMERA-LIGA-POS-1-496x620.png 496w\" sizes=\"auto, (max-width: 601px) 100vw, 601px\" \/><\/figure>\n\n\n\n<figure class=\"wp-block-image\"><img loading=\"lazy\" decoding=\"async\" width=\"601\" height=\"749\" data-attachment-id=\"90785\" data-permalink=\"https:\/\/www.hoymercedes.com.ar\/principal\/2019\/04\/04\/club-mercedes-goleo-a-palometas-en-primera-y-reserva\/reserva-liga-pos-5\/#main\" data-orig-file=\"https:\/\/www.hoymercedes.com.ar\/principal\/wp-content\/uploads\/2019\/04\/RESERVA-LIGA-POS-1.png\" data-orig-size=\"601,749\" data-comments-opened=\"0\" data-image-meta=\"{&quot;aperture&quot;:&quot;0&quot;,&quot;credit&quot;:&quot;&quot;,&quot;camera&quot;:&quot;&quot;,&quot;caption&quot;:&quot;&quot;,&quot;created_timestamp&quot;:&quot;0&quot;,&quot;copyright&quot;:&quot;&quot;,&quot;focal_length&quot;:&quot;0&quot;,&quot;iso&quot;:&quot;0&quot;,&quot;shutter_speed&quot;:&quot;0&quot;,&quot;title&quot;:&quot;&quot;,&quot;orientation&quot;:&quot;0&quot;}\" data-image-title=\"RESERVA LIGA POS\" data-image-description=\"\" data-image-caption=\"\" data-large-file=\"https:\/\/www.hoymercedes.com.ar\/principal\/wp-content\/uploads\/2019\/04\/RESERVA-LIGA-POS-1.png\" src=\"https:\/\/www.hoymercedes.com.ar\/principal\/wp-content\/uploads\/2019\/04\/RESERVA-LIGA-POS-1.png\" alt=\"\" class=\"wp-image-90785\" srcset=\"https:\/\/www.hoymercedes.com.ar\/principal\/wp-content\/uploads\/2019\/04\/RESERVA-LIGA-POS-1.png 601w, https:\/\/www.hoymercedes.com.ar\/principal\/wp-content\/uploads\/2019\/04\/RESERVA-LIGA-POS-1-120x150.png 120w, https:\/\/www.hoymercedes.com.ar\/principal\/wp-content\/uploads\/2019\/04\/RESERVA-LIGA-POS-1-497x620.png 497w\" sizes=\"auto, (max-width: 601px) 100vw, 601px\" \/><\/figure>\n\n\n\n<figure class=\"wp-block-image\"><img loading=\"lazy\" decoding=\"async\" width=\"634\" height=\"388\" data-attachment-id=\"90786\" data-permalink=\"https:\/\/www.hoymercedes.com.ar\/principal\/2019\/04\/04\/club-mercedes-goleo-a-palometas-en-primera-y-reserva\/goleadores-pri-res\/#main\" data-orig-file=\"https:\/\/www.hoymercedes.com.ar\/principal\/wp-content\/uploads\/2019\/04\/GOLEADORES-PRI-RES.png\" data-orig-size=\"634,388\" data-comments-opened=\"0\" data-image-meta=\"{&quot;aperture&quot;:&quot;0&quot;,&quot;credit&quot;:&quot;&quot;,&quot;camera&quot;:&quot;&quot;,&quot;caption&quot;:&quot;&quot;,&quot;created_timestamp&quot;:&quot;0&quot;,&quot;copyright&quot;:&quot;&quot;,&quot;focal_length&quot;:&quot;0&quot;,&quot;iso&quot;:&quot;0&quot;,&quot;shutter_speed&quot;:&quot;0&quot;,&quot;title&quot;:&quot;&quot;,&quot;orientation&quot;:&quot;0&quot;}\" data-image-title=\"GOLEADORES PRI RES\" data-image-description=\"\" data-image-caption=\"\" data-large-file=\"https:\/\/www.hoymercedes.com.ar\/principal\/wp-content\/uploads\/2019\/04\/GOLEADORES-PRI-RES.png\" src=\"https:\/\/www.hoymercedes.com.ar\/principal\/wp-content\/uploads\/2019\/04\/GOLEADORES-PRI-RES.png\" alt=\"\" class=\"wp-image-90786\" srcset=\"https:\/\/www.hoymercedes.com.ar\/principal\/wp-content\/uploads\/2019\/04\/GOLEADORES-PRI-RES.png 634w, https:\/\/www.hoymercedes.com.ar\/principal\/wp-content\/uploads\/2019\/04\/GOLEADORES-PRI-RES-150x92.png 150w, https:\/\/www.hoymercedes.com.ar\/principal\/wp-content\/uploads\/2019\/04\/GOLEADORES-PRI-RES-630x386.png 630w\" sizes=\"auto, (max-width: 634px) 100vw, 634px\" \/><\/figure>\n","protected":false},"excerpt":{"rendered":"<p>A medida que sigue jugando el Regional Amateur, Club Mercedes aprovecha el torneo de la Liga Mercedina para darle continuidad &#8230; <a title=\"Club Mercedes gole\u00f3 a Palometas en Primera y Reserva\" class=\"read-more\" href=\"https:\/\/www.hoymercedes.com.ar\/principal\/2019\/04\/04\/club-mercedes-goleo-a-palometas-en-primera-y-reserva\/\" aria-label=\"Leer m\u00e1s sobre Club Mercedes gole\u00f3 a Palometas en Primera y Reserva\">Leer m\u00e1s<\/a><\/p>\n","protected":false},"author":1,"featured_media":90784,"comment_status":"closed","ping_status":"open","sticky":false,"template":"","format":"standard","meta":{"_monsterinsights_skip_tracking":false,"_monsterinsights_sitenote_active":false,"_monsterinsights_sitenote_note":"","_monsterinsights_sitenote_category":0,"jetpack_post_was_ever_published":false,"_jetpack_newsletter_access":"","_jetpack_dont_email_post_to_subs":false,"_jetpack_newsletter_tier_id":0,"_jetpack_memberships_contains_paywalled_content":false,"_jetpack_memberships_contains_paid_content":false,"footnotes":"","jetpack_publicize_message":"","jetpack_publicize_feature_enabled":true,"jetpack_social_post_already_shared":true,"jetpack_social_options":{"image_generator_settings":{"template":"highway","default_image_id":0,"font":"","enabled":false},"version":2},"_wpas_customize_per_network":false},"categories":[21],"tags":[413,2339,14803],"class_list":["post-90783","post","type-post","status-publish","format-standard","has-post-thumbnail","hentry","category-deportes","tag-liga-mercedina-de-futbol","tag-palometas","tag-posiciones-primera-y-reserva","generate-columns","tablet-grid-50","mobile-grid-100","grid-parent","grid-50"],"jetpack_publicize_connections":[],"jetpack_featured_media_url":"https:\/\/www.hoymercedes.com.ar\/principal\/wp-content\/uploads\/2019\/04\/PRIMERA-LIGA-POS-1.png","wps_subtitle":"Liga Mercedina","jetpack_sharing_enabled":true,"_links":{"self":[{"href":"https:\/\/www.hoymercedes.com.ar\/principal\/wp-json\/wp\/v2\/posts\/90783","targetHints":{"allow":["GET"]}}],"collection":[{"href":"https:\/\/www.hoymercedes.com.ar\/principal\/wp-json\/wp\/v2\/posts"}],"about":[{"href":"https:\/\/www.hoymercedes.com.ar\/principal\/wp-json\/wp\/v2\/types\/post"}],"author":[{"embeddable":true,"href":"https:\/\/www.hoymercedes.com.ar\/principal\/wp-json\/wp\/v2\/users\/1"}],"replies":[{"embeddable":true,"href":"https:\/\/www.hoymercedes.com.ar\/principal\/wp-json\/wp\/v2\/comments?post=90783"}],"version-history":[{"count":0,"href":"https:\/\/www.hoymercedes.com.ar\/principal\/wp-json\/wp\/v2\/posts\/90783\/revisions"}],"wp:featuredmedia":[{"embeddable":true,"href":"https:\/\/www.hoymercedes.com.ar\/principal\/wp-json\/wp\/v2\/media\/90784"}],"wp:attachment":[{"href":"https:\/\/www.hoymercedes.com.ar\/principal\/wp-json\/wp\/v2\/media?parent=90783"}],"wp:term":[{"taxonomy":"category","embeddable":true,"href":"https:\/\/www.hoymercedes.com.ar\/principal\/wp-json\/wp\/v2\/categories?post=90783"},{"taxonomy":"post_tag","embeddable":true,"href":"https:\/\/www.hoymercedes.com.ar\/principal\/wp-json\/wp\/v2\/tags?post=90783"}],"curies":[{"name":"wp","href":"https:\/\/api.w.org\/{rel}","templated":true}]}}