{"id":90800,"date":"2019-04-05T09:30:51","date_gmt":"2019-04-05T12:30:51","guid":{"rendered":"http:\/\/www.hoymercedes.com.ar\/principal\/?p=90800"},"modified":"2019-04-05T09:20:16","modified_gmt":"2019-04-05T12:20:16","slug":"dos-dias-de-torta-fritas-en-el-parque-municipal","status":"publish","type":"post","link":"https:\/\/www.hoymercedes.com.ar\/principal\/2019\/04\/05\/dos-dias-de-torta-fritas-en-el-parque-municipal\/","title":{"rendered":"Dos d\u00edas de Torta Fritas en el Parque Municipal"},"content":{"rendered":"\n<p>S\u00e1bado 6 y domingo 7 habr\u00e1 Torta Fritas en el sector viejo del Parque Municipal en el marco de la 20\u00b0 Fiesta Provincial que Mercedes. Las torteras competir\u00e1n por la mejor torta frita en el predio donde se har\u00e1 la gran torta frita de 5 metros. Un nuevo homenaje se har\u00e1 a los Veteranos de Guerra de Malvinas. Sobre el escenario  m\u00fasica y danzas folclore. Entrada libre y gratuita.<\/p>\n\n\n\n<figure class=\"wp-block-image\"><img loading=\"lazy\" decoding=\"async\" width=\"750\" height=\"500\" data-attachment-id=\"90801\" data-permalink=\"https:\/\/www.hoymercedes.com.ar\/principal\/2019\/04\/05\/dos-dias-de-torta-fritas-en-el-parque-municipal\/05-torta-frita-conferencia\/#main\" data-orig-file=\"https:\/\/www.hoymercedes.com.ar\/principal\/wp-content\/uploads\/2019\/04\/05-torta-frita-conferencia.jpg\" data-orig-size=\"750,500\" data-comments-opened=\"0\" data-image-meta=\"{&quot;aperture&quot;:&quot;2&quot;,&quot;credit&quot;:&quot;&quot;,&quot;camera&quot;:&quot;Moto G (5S) Plus&quot;,&quot;caption&quot;:&quot;&quot;,&quot;created_timestamp&quot;:&quot;1554372601&quot;,&quot;copyright&quot;:&quot;&quot;,&quot;focal_length&quot;:&quot;3.59&quot;,&quot;iso&quot;:&quot;765&quot;,&quot;shutter_speed&quot;:&quot;0.05&quot;,&quot;title&quot;:&quot;&quot;,&quot;orientation&quot;:&quot;1&quot;}\" data-image-title=\"05 torta frita conferencia\" data-image-description=\"\" data-image-caption=\"\" data-large-file=\"https:\/\/www.hoymercedes.com.ar\/principal\/wp-content\/uploads\/2019\/04\/05-torta-frita-conferencia.jpg\" src=\"https:\/\/www.hoymercedes.com.ar\/principal\/wp-content\/uploads\/2019\/04\/05-torta-frita-conferencia.jpg\" alt=\"\" class=\"wp-image-90801\" srcset=\"https:\/\/www.hoymercedes.com.ar\/principal\/wp-content\/uploads\/2019\/04\/05-torta-frita-conferencia.jpg 750w, https:\/\/www.hoymercedes.com.ar\/principal\/wp-content\/uploads\/2019\/04\/05-torta-frita-conferencia-150x100.jpg 150w, https:\/\/www.hoymercedes.com.ar\/principal\/wp-content\/uploads\/2019\/04\/05-torta-frita-conferencia-630x420.jpg 630w, https:\/\/www.hoymercedes.com.ar\/principal\/wp-content\/uploads\/2019\/04\/05-torta-frita-conferencia-720x480.jpg 720w, https:\/\/www.hoymercedes.com.ar\/principal\/wp-content\/uploads\/2019\/04\/05-torta-frita-conferencia-360x240.jpg 360w\" sizes=\"auto, (max-width: 750px) 100vw, 750px\" \/><\/figure>\n\n\n\n<p>Agrupaciones Gauchas Unidas y Municipio brindaron una nueva conferencia de prensa para dar detalles de lo que suceder\u00e1 este fin de semana en la ciudad. La Fiesta Provincial de la Torta Frita se har\u00e1 con un festejo especial por los veinte a\u00f1os del evento. Desde las dos de la tarde del s\u00e1bado y desde el mediod\u00eda del domingo, el Parque Municipal reunir\u00e1 a una veintena de torteras que competir\u00e1n entre s\u00ed por qui\u00e9n hace la mejor torta frita. <\/p>\n\n\n\n<p>Ante los medios, Quique Nu\u00f1ez de las Agrupaciones Gauchas, acompa\u00f1ado del Intendente Juan Ustarroz y el Secretario de Gobierno Juan Pablo L\u00f3pez Baggio, destac\u00f3 que en la edici\u00f3n actual se prev\u00e9 una mayor comodidad para quienes asistan a la Fiesta en el Parque Municipal (H\u00e9roes de Malvinas y Calle 60). <\/p>\n\n\n\n<p>Unas 25 torteras se ubicar\u00e1n en el predio para ofrecer las delicias gastron\u00f3micas hechas con sus manos. Pero adem\u00e1s son ellas las que competir\u00e1n para determinar la mejor torta frita del a\u00f1o. Cerca de las cuatro de la tarde de cada d\u00eda, 5 metros de torta frita enmarcar\u00e1n la fiesta. Una gran Torta Frita que luego se reparte entre los asistentes. El escenario contar\u00e1 con actuaciones de m\u00fasicos folcl\u00f3ricos locales. <\/p>\n\n\n\n<p>El programa sobre el escenario: <\/p>\n\n\n\n<figure class=\"wp-block-image\"><img loading=\"lazy\" decoding=\"async\" width=\"720\" height=\"720\" data-attachment-id=\"90802\" data-permalink=\"https:\/\/www.hoymercedes.com.ar\/principal\/2019\/04\/05\/dos-dias-de-torta-fritas-en-el-parque-municipal\/05-torta-frita-programa\/#main\" data-orig-file=\"https:\/\/www.hoymercedes.com.ar\/principal\/wp-content\/uploads\/2019\/04\/05-torta-frita-programa.jpg\" data-orig-size=\"720,720\" data-comments-opened=\"0\" data-image-meta=\"{&quot;aperture&quot;:&quot;0&quot;,&quot;credit&quot;:&quot;&quot;,&quot;camera&quot;:&quot;&quot;,&quot;caption&quot;:&quot;&quot;,&quot;created_timestamp&quot;:&quot;0&quot;,&quot;copyright&quot;:&quot;&quot;,&quot;focal_length&quot;:&quot;0&quot;,&quot;iso&quot;:&quot;0&quot;,&quot;shutter_speed&quot;:&quot;0&quot;,&quot;title&quot;:&quot;&quot;,&quot;orientation&quot;:&quot;0&quot;}\" data-image-title=\"05 torta frita programa\" data-image-description=\"\" data-image-caption=\"\" data-large-file=\"https:\/\/www.hoymercedes.com.ar\/principal\/wp-content\/uploads\/2019\/04\/05-torta-frita-programa.jpg\" src=\"https:\/\/www.hoymercedes.com.ar\/principal\/wp-content\/uploads\/2019\/04\/05-torta-frita-programa.jpg\" alt=\"\" class=\"wp-image-90802\" srcset=\"https:\/\/www.hoymercedes.com.ar\/principal\/wp-content\/uploads\/2019\/04\/05-torta-frita-programa.jpg 720w, https:\/\/www.hoymercedes.com.ar\/principal\/wp-content\/uploads\/2019\/04\/05-torta-frita-programa-150x150.jpg 150w, https:\/\/www.hoymercedes.com.ar\/principal\/wp-content\/uploads\/2019\/04\/05-torta-frita-programa-620x620.jpg 620w, https:\/\/www.hoymercedes.com.ar\/principal\/wp-content\/uploads\/2019\/04\/05-torta-frita-programa-100x100.jpg 100w\" sizes=\"auto, (max-width: 720px) 100vw, 720px\" \/><\/figure>\n","protected":false},"excerpt":{"rendered":"<p>S\u00e1bado 6 y domingo 7 habr\u00e1 Torta Fritas en el sector viejo del Parque Municipal en el marco de la &#8230; <a title=\"Dos d\u00edas de Torta Fritas en el Parque Municipal\" class=\"read-more\" href=\"https:\/\/www.hoymercedes.com.ar\/principal\/2019\/04\/05\/dos-dias-de-torta-fritas-en-el-parque-municipal\/\" aria-label=\"Leer m\u00e1s sobre Dos d\u00edas de Torta Fritas en el Parque Municipal\">Leer m\u00e1s<\/a><\/p>\n","protected":false},"author":1,"featured_media":90801,"comment_status":"closed","ping_status":"open","sticky":false,"template":"","format":"standard","meta":{"_monsterinsights_skip_tracking":false,"_monsterinsights_sitenote_active":false,"_monsterinsights_sitenote_note":"","_monsterinsights_sitenote_category":0,"jetpack_post_was_ever_published":false,"_jetpack_newsletter_access":"","_jetpack_dont_email_post_to_subs":false,"_jetpack_newsletter_tier_id":0,"_jetpack_memberships_contains_paywalled_content":false,"_jetpack_memberships_contains_paid_content":false,"footnotes":"","jetpack_publicize_message":"","jetpack_publicize_feature_enabled":true,"jetpack_social_post_already_shared":true,"jetpack_social_options":{"image_generator_settings":{"template":"highway","default_image_id":0,"font":"","enabled":false},"version":2},"_wpas_customize_per_network":false},"categories":[104],"tags":[12907,2057,244],"class_list":["post-90800","post","type-post","status-publish","format-standard","has-post-thumbnail","hentry","category-cultura","tag-agrupaciones-gauchas-unidas","tag-fiesta-de-la-torta-frita","tag-municipio-2","generate-columns","tablet-grid-50","mobile-grid-100","grid-parent","grid-50"],"jetpack_publicize_connections":[],"jetpack_featured_media_url":"https:\/\/www.hoymercedes.com.ar\/principal\/wp-content\/uploads\/2019\/04\/05-torta-frita-conferencia.jpg","wps_subtitle":"S\u00e1bado 6 y domingo 7","jetpack_sharing_enabled":true,"_links":{"self":[{"href":"https:\/\/www.hoymercedes.com.ar\/principal\/wp-json\/wp\/v2\/posts\/90800","targetHints":{"allow":["GET"]}}],"collection":[{"href":"https:\/\/www.hoymercedes.com.ar\/principal\/wp-json\/wp\/v2\/posts"}],"about":[{"href":"https:\/\/www.hoymercedes.com.ar\/principal\/wp-json\/wp\/v2\/types\/post"}],"author":[{"embeddable":true,"href":"https:\/\/www.hoymercedes.com.ar\/principal\/wp-json\/wp\/v2\/users\/1"}],"replies":[{"embeddable":true,"href":"https:\/\/www.hoymercedes.com.ar\/principal\/wp-json\/wp\/v2\/comments?post=90800"}],"version-history":[{"count":0,"href":"https:\/\/www.hoymercedes.com.ar\/principal\/wp-json\/wp\/v2\/posts\/90800\/revisions"}],"wp:featuredmedia":[{"embeddable":true,"href":"https:\/\/www.hoymercedes.com.ar\/principal\/wp-json\/wp\/v2\/media\/90801"}],"wp:attachment":[{"href":"https:\/\/www.hoymercedes.com.ar\/principal\/wp-json\/wp\/v2\/media?parent=90800"}],"wp:term":[{"taxonomy":"category","embeddable":true,"href":"https:\/\/www.hoymercedes.com.ar\/principal\/wp-json\/wp\/v2\/categories?post=90800"},{"taxonomy":"post_tag","embeddable":true,"href":"https:\/\/www.hoymercedes.com.ar\/principal\/wp-json\/wp\/v2\/tags?post=90800"}],"curies":[{"name":"wp","href":"https:\/\/api.w.org\/{rel}","templated":true}]}}