{"id":90805,"date":"2019-04-05T10:31:31","date_gmt":"2019-04-05T13:31:31","guid":{"rendered":"http:\/\/www.hoymercedes.com.ar\/principal\/?p=90805"},"modified":"2019-04-05T15:10:50","modified_gmt":"2019-04-05T18:10:50","slug":"la-25-de-mayo-junto-a-ex-combatientes-en-un-emotivo-acto","status":"publish","type":"post","link":"https:\/\/www.hoymercedes.com.ar\/principal\/2019\/04\/05\/la-25-de-mayo-junto-a-ex-combatientes-en-un-emotivo-acto\/","title":{"rendered":"La 25 de Mayo junto a ex combatientes en un emotivo acto"},"content":{"rendered":"\n<figure class=\"wp-block-image\"><img loading=\"lazy\" decoding=\"async\" width=\"640\" height=\"375\" data-attachment-id=\"90806\" data-permalink=\"https:\/\/www.hoymercedes.com.ar\/principal\/2019\/04\/05\/la-25-de-mayo-junto-a-ex-combatientes-en-un-emotivo-acto\/la25malvinas\/#main\" data-orig-file=\"https:\/\/www.hoymercedes.com.ar\/principal\/wp-content\/uploads\/2019\/04\/la25malvinas.jpeg\" data-orig-size=\"640,375\" data-comments-opened=\"0\" data-image-meta=\"{&quot;aperture&quot;:&quot;0&quot;,&quot;credit&quot;:&quot;&quot;,&quot;camera&quot;:&quot;&quot;,&quot;caption&quot;:&quot;&quot;,&quot;created_timestamp&quot;:&quot;0&quot;,&quot;copyright&quot;:&quot;&quot;,&quot;focal_length&quot;:&quot;0&quot;,&quot;iso&quot;:&quot;0&quot;,&quot;shutter_speed&quot;:&quot;0&quot;,&quot;title&quot;:&quot;&quot;,&quot;orientation&quot;:&quot;0&quot;}\" data-image-title=\"la25malvinas\" data-image-description=\"\" data-image-caption=\"\" data-large-file=\"https:\/\/www.hoymercedes.com.ar\/principal\/wp-content\/uploads\/2019\/04\/la25malvinas.jpeg\" src=\"https:\/\/www.hoymercedes.com.ar\/principal\/wp-content\/uploads\/2019\/04\/la25malvinas.jpeg\" alt=\"\" class=\"wp-image-90806\" srcset=\"https:\/\/www.hoymercedes.com.ar\/principal\/wp-content\/uploads\/2019\/04\/la25malvinas.jpeg 640w, https:\/\/www.hoymercedes.com.ar\/principal\/wp-content\/uploads\/2019\/04\/la25malvinas-150x88.jpeg 150w, https:\/\/www.hoymercedes.com.ar\/principal\/wp-content\/uploads\/2019\/04\/la25malvinas-630x369.jpeg 630w\" sizes=\"auto, (max-width: 640px) 100vw, 640px\" \/><\/figure>\n\n\n\n<p>Se llev\u00f3 a cabo un emotivo reconocimiento a los Veteranos y\nCa\u00eddos en la Guerra de Malvinas en la Agrupaci\u00f3n vecinal 25 de Mayo, con la\ngrata presencia de los ex combatientes, Sergio Cestari, Walter Florida, Marcelo\nDe Cunto, Fabi\u00e1n Solimandi y Walter Castro.<\/p>\n\n\n\n<p>La jornada comenz\u00f3 con la entonaci\u00f3n del Himno Nacional,\ncontinuando con la proyecci\u00f3n de un video con dos testimonios claves: el de\nRosa Luna (hermana de un ex combatiente ca\u00eddo en Malvinas, Ricardo Jos\u00e9 Luna) y\nFlorencio Romero (ex combatiente). Al escuchar sus relatos&nbsp; todas las personas presentes se sintieron muy\nconmovidas. <\/p>\n\n\n\n<p>Como parte del reconocimiento, Daiana Casalla (integrante de\nla Agrupaci\u00f3n) ley\u00f3 palabras que enmarcaron todo su respeto, amor y orgullo\nhacia los ex combatientes y ca\u00eddos en Malvinas.<\/p>\n\n\n\n<p>Seguidamente, los ex combatientes, expresaron algunas\npalabras de agradecimiento por la invitaci\u00f3n y el acompa\u00f1amiento en esta fecha\ntan sensible<\/p>\n\n\n\n<p>Concluyo la jornada, con la intervenci\u00f3n de su\nreferente&nbsp; Francisco \u201cPacha\u201d Cardozo quien\ncoment\u00f3: \u201ces una caricia al alma el haber podido tener presente a los ex\ncombatientes de nuestra ciudad, y desde nuestro humilde lugar poder\nhomenajearlos\u201d.&nbsp; \n\nDesde la Agrupaci\u00f3n 25 de Mayo, se continuar\u00e1n&nbsp; llevando a cabo actividades con el&nbsp; objetivo de construir memoria y reconocer a\nlos H\u00e9roes de nuestra sociedad\n\n\n\n<\/p>\n","protected":false},"excerpt":{"rendered":"<p>Se llev\u00f3 a cabo un emotivo reconocimiento a los Veteranos y Ca\u00eddos en la Guerra de Malvinas en la Agrupaci\u00f3n &#8230; <a title=\"La 25 de Mayo junto a ex combatientes en un emotivo acto\" class=\"read-more\" href=\"https:\/\/www.hoymercedes.com.ar\/principal\/2019\/04\/05\/la-25-de-mayo-junto-a-ex-combatientes-en-un-emotivo-acto\/\" aria-label=\"Leer m\u00e1s sobre La 25 de Mayo junto a ex combatientes en un emotivo acto\">Leer m\u00e1s<\/a><\/p>\n","protected":false},"author":1,"featured_media":90806,"comment_status":"closed","ping_status":"open","sticky":false,"template":"","format":"standard","meta":{"_monsterinsights_skip_tracking":false,"_monsterinsights_sitenote_active":false,"_monsterinsights_sitenote_note":"","_monsterinsights_sitenote_category":0,"jetpack_post_was_ever_published":false,"_jetpack_newsletter_access":"","_jetpack_dont_email_post_to_subs":false,"_jetpack_newsletter_tier_id":0,"_jetpack_memberships_contains_paywalled_content":false,"_jetpack_memberships_contains_paid_content":false,"footnotes":"","jetpack_publicize_message":"","jetpack_publicize_feature_enabled":true,"jetpack_social_post_already_shared":true,"jetpack_social_options":{"image_generator_settings":{"template":"highway","default_image_id":0,"font":"","enabled":false},"version":2},"_wpas_customize_per_network":false},"categories":[5],"tags":[9923,5319,756],"class_list":["post-90805","post","type-post","status-publish","format-standard","has-post-thumbnail","hentry","category-politica","tag-agrupacion-25-de-mayo","tag-politica-2","tag-veteranos-de-malvinas","generate-columns","tablet-grid-50","mobile-grid-100","grid-parent","grid-50"],"jetpack_publicize_connections":[],"jetpack_featured_media_url":"https:\/\/www.hoymercedes.com.ar\/principal\/wp-content\/uploads\/2019\/04\/la25malvinas.jpeg","wps_subtitle":"Por la memoria","jetpack_sharing_enabled":true,"_links":{"self":[{"href":"https:\/\/www.hoymercedes.com.ar\/principal\/wp-json\/wp\/v2\/posts\/90805","targetHints":{"allow":["GET"]}}],"collection":[{"href":"https:\/\/www.hoymercedes.com.ar\/principal\/wp-json\/wp\/v2\/posts"}],"about":[{"href":"https:\/\/www.hoymercedes.com.ar\/principal\/wp-json\/wp\/v2\/types\/post"}],"author":[{"embeddable":true,"href":"https:\/\/www.hoymercedes.com.ar\/principal\/wp-json\/wp\/v2\/users\/1"}],"replies":[{"embeddable":true,"href":"https:\/\/www.hoymercedes.com.ar\/principal\/wp-json\/wp\/v2\/comments?post=90805"}],"version-history":[{"count":0,"href":"https:\/\/www.hoymercedes.com.ar\/principal\/wp-json\/wp\/v2\/posts\/90805\/revisions"}],"wp:featuredmedia":[{"embeddable":true,"href":"https:\/\/www.hoymercedes.com.ar\/principal\/wp-json\/wp\/v2\/media\/90806"}],"wp:attachment":[{"href":"https:\/\/www.hoymercedes.com.ar\/principal\/wp-json\/wp\/v2\/media?parent=90805"}],"wp:term":[{"taxonomy":"category","embeddable":true,"href":"https:\/\/www.hoymercedes.com.ar\/principal\/wp-json\/wp\/v2\/categories?post=90805"},{"taxonomy":"post_tag","embeddable":true,"href":"https:\/\/www.hoymercedes.com.ar\/principal\/wp-json\/wp\/v2\/tags?post=90805"}],"curies":[{"name":"wp","href":"https:\/\/api.w.org\/{rel}","templated":true}]}}