{"id":90818,"date":"2019-04-05T14:33:03","date_gmt":"2019-04-05T17:33:03","guid":{"rendered":"http:\/\/www.hoymercedes.com.ar\/principal\/?p=90818"},"modified":"2019-04-05T15:09:43","modified_gmt":"2019-04-05T18:09:43","slug":"se-confirma-la-presentacion-de-quiebra-del-cardiovascular","status":"publish","type":"post","link":"https:\/\/www.hoymercedes.com.ar\/principal\/2019\/04\/05\/se-confirma-la-presentacion-de-quiebra-del-cardiovascular\/","title":{"rendered":"Se confirma la presentaci\u00f3n de quiebra del Cardiovascular"},"content":{"rendered":"\n<figure class=\"wp-block-image\"><img loading=\"lazy\" decoding=\"async\" width=\"640\" height=\"480\" data-attachment-id=\"90811\" data-permalink=\"https:\/\/www.hoymercedes.com.ar\/principal\/2019\/04\/05\/el-flamante-nuncio-apostolico-visitara-mercedes\/retegui\/#main\" data-orig-file=\"https:\/\/www.hoymercedes.com.ar\/principal\/wp-content\/uploads\/2019\/04\/retegui.jpeg\" data-orig-size=\"640,480\" data-comments-opened=\"0\" data-image-meta=\"{&quot;aperture&quot;:&quot;0&quot;,&quot;credit&quot;:&quot;&quot;,&quot;camera&quot;:&quot;&quot;,&quot;caption&quot;:&quot;&quot;,&quot;created_timestamp&quot;:&quot;0&quot;,&quot;copyright&quot;:&quot;&quot;,&quot;focal_length&quot;:&quot;0&quot;,&quot;iso&quot;:&quot;0&quot;,&quot;shutter_speed&quot;:&quot;0&quot;,&quot;title&quot;:&quot;&quot;,&quot;orientation&quot;:&quot;0&quot;}\" data-image-title=\"retegui\" data-image-description=\"\" data-image-caption=\"\" data-large-file=\"https:\/\/www.hoymercedes.com.ar\/principal\/wp-content\/uploads\/2019\/04\/retegui.jpeg\" src=\"https:\/\/www.hoymercedes.com.ar\/principal\/wp-content\/uploads\/2019\/04\/retegui.jpeg\" alt=\"\" class=\"wp-image-90811\" srcset=\"https:\/\/www.hoymercedes.com.ar\/principal\/wp-content\/uploads\/2019\/04\/retegui.jpeg 640w, https:\/\/www.hoymercedes.com.ar\/principal\/wp-content\/uploads\/2019\/04\/retegui-150x113.jpeg 150w, https:\/\/www.hoymercedes.com.ar\/principal\/wp-content\/uploads\/2019\/04\/retegui-630x473.jpeg 630w, https:\/\/www.hoymercedes.com.ar\/principal\/wp-content\/uploads\/2019\/04\/retegui-320x240.jpeg 320w, https:\/\/www.hoymercedes.com.ar\/principal\/wp-content\/uploads\/2019\/04\/retegui-100x75.jpeg 100w\" sizes=\"auto, (max-width: 640px) 100vw, 640px\" \/><\/figure>\n\n\n\n<p>Finalmente, y tras varias idas y vueltas y silencio de parte\nde las autoridades del Centro Cardiovascular Mercedes, se logr\u00f3 realizar una\naudiencia en la delegaci\u00f3n local del Ministerio de Trabajo en la jornada de\nhoy.<\/p>\n\n\n\n<p>Si bien ya se sab\u00eda desde el martes, en otro de los fallidos\nintentos de dialogo por esta v\u00eda, que el doctor Mendiola ya no se encontraba a\ncargo de la gerencia del Centro y no lo representaba, informando adem\u00e1s de la\npresentaci\u00f3n de quiebra de la entidad ante el Juzgado Civil y Comercial N\u00b0 2,\nen el d\u00eda de hoy se disiparon todas las dudas. Y es que en representaci\u00f3n del\nCardiovascular acudi\u00f3 el abogado Francisco Mc Cormack quien puso en autos a los\nempleados y representantes gremiales que se hicieron presentes en la audiencia.<\/p>\n\n\n\n<p>El delegado local del Ministerio, Jorge Retegui confirm\u00f3 que:\n\u201cEl doctor Francisco Mc Cormack manifest\u00f3 que se present\u00f3 la quiebra en el\nJuzgado N\u00b0 2. Los trabajadores lograron aclarar una serie de dudas que ten\u00edan,\ny manifestaron que al estar en estas condiciones hacen retenci\u00f3n de tareas\nhasta tanto sean notificados de la quiebra, desde la fecha que se levanta la\nsuspensi\u00f3n\u201d.<\/p>\n\n\n\n<p>La reuni\u00f3n desde el mediod\u00eda se extendi\u00f3 hasta las 14 horas.<\/p>\n\n\n\n<p>Vale destacar que el delegado Retegui, ya en la jornada de\nayer hab\u00eda anticipado a este medio que en \u201cla tercer reuni\u00f3n convocada por el\nMinisterio no se hizo presente ning\u00fan representante del Centro, al igual que en\nla anterior siendo que acudieron solamente al primer encuentro. Es lamentable\nporque marc\u00f3 claramente un desinter\u00e9s con la gente, con sus trabajadores siendo\nque muchos de ellos llevan en el lugar veinte a\u00f1os. No les han dado respuesta\ndirecta desde el comienzo, siendo ellos que observaban situaciones extra\u00f1as, en\njornadas laborales en las que no estaban realizando ninguna actividad\u201d. Adem\u00e1s,\nindic\u00f3 que \u201cel d\u00eda mi\u00e9rcoles no se hizo presente nadie una vez m\u00e1s, y\ncomenzamos a investigar la situaci\u00f3n tomando conocimiento que el d\u00eda lunes 1\u00b0\nde abril se hizo una presentaci\u00f3n en el Juzgado Civil y Comercial N\u00b0 2 de\nMercedes, presentando una solicitud de quiebra. Ello se los transmit\u00ed a los\ntrabajadores, siendo una sorpresa poco grata para ellos\u201d.<\/p>\n\n\n\n<p>Respecto de las notificaciones que se hab\u00edan realizado, en\nlas que se los suspend\u00eda con goce de sueldo por quince d\u00edas, Retegui indic\u00f3: \u201cEstuvieron\nmal hechas las notificaciones, a pesar que son legales, y sin ning\u00fan tipo de\nexplicaci\u00f3n. Y tenemos grupos de trabajadores que se dieron por despedidos, y\notros esperaban la situaci\u00f3n que se diera a partir de que se cumpla ese plazo\u201d.<\/p>\n\n\n\n<p>Y es por esta situaci\u00f3n que se esperaba que el d\u00eda de hoy\nacudiera alg\u00fan representante o se llamar\u00eda a la fuerza p\u00fablica para que\ncompareciera ante el Ministerio.<\/p>\n\n\n\n<p>Respecto de la situaci\u00f3n en la que quedan los trabajadores\nahora, y su intervenci\u00f3n, Retegui se\u00f1al\u00f3: \u201cCuando la quiebra est\u00e9 decretada\ndeber\u00edan ser notificados para acudir ellos o su representaci\u00f3n al Juzgado donde\nse tramita. Incluso se manifest\u00f3 que se solicit\u00f3 el pago de lo adeudado de\nmarzo a los trabajadores, previo al proceso de quiebra. Hoy por hoy, la\ninstancia administrativa se dio por concluida y ahora resta la v\u00eda judicial\u201d.<\/p>\n","protected":false},"excerpt":{"rendered":"<p>Finalmente, y tras varias idas y vueltas y silencio de parte de las autoridades del Centro Cardiovascular Mercedes, se logr\u00f3 &#8230; <a title=\"Se confirma la presentaci\u00f3n de quiebra del Cardiovascular\" class=\"read-more\" href=\"https:\/\/www.hoymercedes.com.ar\/principal\/2019\/04\/05\/se-confirma-la-presentacion-de-quiebra-del-cardiovascular\/\" aria-label=\"Leer m\u00e1s sobre Se confirma la presentaci\u00f3n de quiebra del Cardiovascular\">Leer m\u00e1s<\/a><\/p>\n","protected":false},"author":1,"featured_media":90811,"comment_status":"closed","ping_status":"open","sticky":false,"template":"","format":"standard","meta":{"_monsterinsights_skip_tracking":false,"_monsterinsights_sitenote_active":false,"_monsterinsights_sitenote_note":"","_monsterinsights_sitenote_category":0,"jetpack_post_was_ever_published":false,"_jetpack_newsletter_access":"","_jetpack_dont_email_post_to_subs":false,"_jetpack_newsletter_tier_id":0,"_jetpack_memberships_contains_paywalled_content":false,"_jetpack_memberships_contains_paid_content":false,"footnotes":"","jetpack_publicize_message":"","jetpack_publicize_feature_enabled":true,"jetpack_social_post_already_shared":true,"jetpack_social_options":{"image_generator_settings":{"template":"highway","default_image_id":0,"font":"","enabled":false},"version":2},"_wpas_customize_per_network":false},"categories":[11],"tags":[14726,1432,14807],"class_list":["post-90818","post","type-post","status-publish","format-standard","has-post-thumbnail","hentry","category-ciudad","tag-cardiovascular","tag-ministerio-de-trabajo","tag-quiebra","generate-columns","tablet-grid-50","mobile-grid-100","grid-parent","grid-50"],"jetpack_publicize_connections":[],"jetpack_featured_media_url":"https:\/\/www.hoymercedes.com.ar\/principal\/wp-content\/uploads\/2019\/04\/retegui.jpeg","wps_subtitle":"Triste final","jetpack_sharing_enabled":true,"_links":{"self":[{"href":"https:\/\/www.hoymercedes.com.ar\/principal\/wp-json\/wp\/v2\/posts\/90818","targetHints":{"allow":["GET"]}}],"collection":[{"href":"https:\/\/www.hoymercedes.com.ar\/principal\/wp-json\/wp\/v2\/posts"}],"about":[{"href":"https:\/\/www.hoymercedes.com.ar\/principal\/wp-json\/wp\/v2\/types\/post"}],"author":[{"embeddable":true,"href":"https:\/\/www.hoymercedes.com.ar\/principal\/wp-json\/wp\/v2\/users\/1"}],"replies":[{"embeddable":true,"href":"https:\/\/www.hoymercedes.com.ar\/principal\/wp-json\/wp\/v2\/comments?post=90818"}],"version-history":[{"count":0,"href":"https:\/\/www.hoymercedes.com.ar\/principal\/wp-json\/wp\/v2\/posts\/90818\/revisions"}],"wp:featuredmedia":[{"embeddable":true,"href":"https:\/\/www.hoymercedes.com.ar\/principal\/wp-json\/wp\/v2\/media\/90811"}],"wp:attachment":[{"href":"https:\/\/www.hoymercedes.com.ar\/principal\/wp-json\/wp\/v2\/media?parent=90818"}],"wp:term":[{"taxonomy":"category","embeddable":true,"href":"https:\/\/www.hoymercedes.com.ar\/principal\/wp-json\/wp\/v2\/categories?post=90818"},{"taxonomy":"post_tag","embeddable":true,"href":"https:\/\/www.hoymercedes.com.ar\/principal\/wp-json\/wp\/v2\/tags?post=90818"}],"curies":[{"name":"wp","href":"https:\/\/api.w.org\/{rel}","templated":true}]}}