{"id":90821,"date":"2019-04-05T15:34:36","date_gmt":"2019-04-05T18:34:36","guid":{"rendered":"http:\/\/www.hoymercedes.com.ar\/principal\/?p=90821"},"modified":"2019-04-05T15:37:30","modified_gmt":"2019-04-05T18:37:30","slug":"propuestas-para-un-finde-saludable","status":"publish","type":"post","link":"https:\/\/www.hoymercedes.com.ar\/principal\/2019\/04\/05\/propuestas-para-un-finde-saludable\/","title":{"rendered":"Propuestas para un \u00abfinde saludable\u00bb"},"content":{"rendered":"\n<p>Los d\u00edas viernes 5 y s\u00e1bado 6 de abril, hay propuestas para \u00abvivir un fin de semana saludable en Mercedes\u00bb. Habr\u00e1 talleres de psicoterapia, tai chi y mercado sustentable con entrada libre y gratuita. <\/p>\n\n\n\n<p>En la tarde del viernes, en el Centro Cultural Teatro Argentino \u00abInt. Julio C. Gioscio\u00bb habr\u00e1 un taller abierto y gratuito denominado: \u00abEl cuerpo emocionado en Terapia de Bonding\u00bb. Estar\u00e1 a cargo de Ramon Vega. Entre las 18 y las 19:30 horas la propuesta es dar cuenta de un m\u00e9todo de terapia que pone el acento en la emoci\u00f3n, el cuerpo, el movimiento y la liberaci\u00f3n de la voz.<\/p>\n\n\n\n<p>La Terapia de Bonding es \u00abun proceso terap\u00e9utico grupal que pone acento en la emoci\u00f3n, el cuerpo, el movimiento y la liberaci\u00f3n de la voz. Se desarrolla en un \u00e1mbito de gran contenci\u00f3n emocional dando protagonismo al trabajo grupal mediante la expresi\u00f3n, con el uso de la voz y el movimiento corporal. Va m\u00e1s all\u00e1 de la psicoterapia tradicional. No se trata s\u00f3lo de reducir los s\u00edntomas, sino de ayudar a las personas a ser m\u00e1s eficaces para incrementar la alegr\u00eda y la satisfacci\u00f3n en su vida, logrando m\u00e1s expansi\u00f3n en el placer y fundamentalmente en el AMOR\u00bb, explican en la informaci\u00f3n enviada a los medios.<\/p>\n\n\n\n<p>\u00abEste m\u00e9todo se ha utilizado en 10 pa\u00edses por m\u00e1s 50 a\u00f1os con resultados altamente eficaces y actualmente es avalado cient\u00edficamente por la Asociaci\u00f3n Europea de Psicoterapias y en proceso de expansi\u00f3n en Latinoam\u00e9rica desde La \u00fanica Sede en la Argentina: \u201cEl Abrazo Primario\u201d, presidida por Ram\u00f3n N\u00e9stor Vega\u00bb, agregan. <\/p>\n\n\n\n<p>Por otra parte, el d\u00eda s\u00e1bado, en el Centro Cultural La Trocha, las propuestas saludables comienzan a la hora 9 con una sesi\u00f3n de Tai Chi, un arte milenario de origen chino que enfatiza en la calidad de vida, el f\u00edsico, la mente y el esp\u00edritu.  <\/p>\n\n\n\n<p>A pocos metros, una hora despu\u00e9s, en el galp\u00f3n del viejo ferrocarril, el Mercado Sustentable abrir\u00e1 sus puertas para la venta de productos naturales, org\u00e1nicos, caseros, y agroecol\u00f3gicos. El mercado estar\u00e1 abierto hasta la hora 15. <\/p>\n\n\n\n<figure class=\"wp-block-image\"><img loading=\"lazy\" decoding=\"async\" width=\"750\" height=\"750\" data-attachment-id=\"90823\" data-permalink=\"https:\/\/www.hoymercedes.com.ar\/principal\/2019\/04\/05\/propuestas-para-un-finde-saludable\/05-psicoterapia2\/#main\" data-orig-file=\"https:\/\/www.hoymercedes.com.ar\/principal\/wp-content\/uploads\/2019\/04\/05-psicoterapia2.jpeg\" data-orig-size=\"750,750\" data-comments-opened=\"0\" data-image-meta=\"{&quot;aperture&quot;:&quot;0&quot;,&quot;credit&quot;:&quot;&quot;,&quot;camera&quot;:&quot;&quot;,&quot;caption&quot;:&quot;&quot;,&quot;created_timestamp&quot;:&quot;0&quot;,&quot;copyright&quot;:&quot;&quot;,&quot;focal_length&quot;:&quot;0&quot;,&quot;iso&quot;:&quot;0&quot;,&quot;shutter_speed&quot;:&quot;0&quot;,&quot;title&quot;:&quot;&quot;,&quot;orientation&quot;:&quot;0&quot;}\" data-image-title=\"05 psicoterapia2\" data-image-description=\"\" data-image-caption=\"\" data-large-file=\"https:\/\/www.hoymercedes.com.ar\/principal\/wp-content\/uploads\/2019\/04\/05-psicoterapia2.jpeg\" src=\"https:\/\/www.hoymercedes.com.ar\/principal\/wp-content\/uploads\/2019\/04\/05-psicoterapia2.jpeg\" alt=\"\" class=\"wp-image-90823\" srcset=\"https:\/\/www.hoymercedes.com.ar\/principal\/wp-content\/uploads\/2019\/04\/05-psicoterapia2.jpeg 750w, https:\/\/www.hoymercedes.com.ar\/principal\/wp-content\/uploads\/2019\/04\/05-psicoterapia2-150x150.jpeg 150w, https:\/\/www.hoymercedes.com.ar\/principal\/wp-content\/uploads\/2019\/04\/05-psicoterapia2-620x620.jpeg 620w, https:\/\/www.hoymercedes.com.ar\/principal\/wp-content\/uploads\/2019\/04\/05-psicoterapia2-100x100.jpeg 100w\" sizes=\"auto, (max-width: 750px) 100vw, 750px\" \/><\/figure>\n","protected":false},"excerpt":{"rendered":"<p>Los d\u00edas viernes 5 y s\u00e1bado 6 de abril, hay propuestas para \u00abvivir un fin de semana saludable en Mercedes\u00bb. &#8230; <a title=\"Propuestas para un \u00abfinde saludable\u00bb\" class=\"read-more\" href=\"https:\/\/www.hoymercedes.com.ar\/principal\/2019\/04\/05\/propuestas-para-un-finde-saludable\/\" aria-label=\"Leer m\u00e1s sobre Propuestas para un \u00abfinde saludable\u00bb\">Leer m\u00e1s<\/a><\/p>\n","protected":false},"author":1,"featured_media":90822,"comment_status":"closed","ping_status":"open","sticky":false,"template":"","format":"standard","meta":{"_monsterinsights_skip_tracking":false,"_monsterinsights_sitenote_active":false,"_monsterinsights_sitenote_note":"","_monsterinsights_sitenote_category":0,"jetpack_post_was_ever_published":false,"_jetpack_newsletter_access":"","_jetpack_dont_email_post_to_subs":false,"_jetpack_newsletter_tier_id":0,"_jetpack_memberships_contains_paywalled_content":false,"_jetpack_memberships_contains_paid_content":false,"footnotes":"","jetpack_publicize_message":"","jetpack_publicize_feature_enabled":true,"jetpack_social_post_already_shared":true,"jetpack_social_options":{"image_generator_settings":{"template":"highway","default_image_id":0,"font":"","enabled":false},"version":2},"_wpas_customize_per_network":false},"categories":[30],"tags":[14054,244],"class_list":["post-90821","post","type-post","status-publish","format-standard","has-post-thumbnail","hentry","category-municipio","tag-mercado-sustentable","tag-municipio-2","generate-columns","tablet-grid-50","mobile-grid-100","grid-parent","grid-50"],"jetpack_publicize_connections":[],"jetpack_featured_media_url":"https:\/\/www.hoymercedes.com.ar\/principal\/wp-content\/uploads\/2019\/04\/05-psicoterapia.jpeg","wps_subtitle":"Viernes y s\u00e1bado","jetpack_sharing_enabled":true,"_links":{"self":[{"href":"https:\/\/www.hoymercedes.com.ar\/principal\/wp-json\/wp\/v2\/posts\/90821","targetHints":{"allow":["GET"]}}],"collection":[{"href":"https:\/\/www.hoymercedes.com.ar\/principal\/wp-json\/wp\/v2\/posts"}],"about":[{"href":"https:\/\/www.hoymercedes.com.ar\/principal\/wp-json\/wp\/v2\/types\/post"}],"author":[{"embeddable":true,"href":"https:\/\/www.hoymercedes.com.ar\/principal\/wp-json\/wp\/v2\/users\/1"}],"replies":[{"embeddable":true,"href":"https:\/\/www.hoymercedes.com.ar\/principal\/wp-json\/wp\/v2\/comments?post=90821"}],"version-history":[{"count":0,"href":"https:\/\/www.hoymercedes.com.ar\/principal\/wp-json\/wp\/v2\/posts\/90821\/revisions"}],"wp:featuredmedia":[{"embeddable":true,"href":"https:\/\/www.hoymercedes.com.ar\/principal\/wp-json\/wp\/v2\/media\/90822"}],"wp:attachment":[{"href":"https:\/\/www.hoymercedes.com.ar\/principal\/wp-json\/wp\/v2\/media?parent=90821"}],"wp:term":[{"taxonomy":"category","embeddable":true,"href":"https:\/\/www.hoymercedes.com.ar\/principal\/wp-json\/wp\/v2\/categories?post=90821"},{"taxonomy":"post_tag","embeddable":true,"href":"https:\/\/www.hoymercedes.com.ar\/principal\/wp-json\/wp\/v2\/tags?post=90821"}],"curies":[{"name":"wp","href":"https:\/\/api.w.org\/{rel}","templated":true}]}}