{"id":90826,"date":"2019-04-05T16:25:03","date_gmt":"2019-04-05T19:25:03","guid":{"rendered":"http:\/\/www.hoymercedes.com.ar\/principal\/?p=90826"},"modified":"2019-04-05T16:25:06","modified_gmt":"2019-04-05T19:25:06","slug":"reconocimiento-para-los-veteranos-que-trabajan-en-las-escuelas","status":"publish","type":"post","link":"https:\/\/www.hoymercedes.com.ar\/principal\/2019\/04\/05\/reconocimiento-para-los-veteranos-que-trabajan-en-las-escuelas\/","title":{"rendered":"Reconocimiento para los Veteranos que trabajan en las escuelas"},"content":{"rendered":"\n<p>El Consejo Escolar\nde Mercedes entreg\u00f3 reconocimientos a los Veteranos de Guerra de Malvinas que\ntrabajan, o trabajaron porque algunos ya est\u00e1n jubilados, en las escuelas de la\nciudad. Adem\u00e1s, le entregaron las Banderas Argentinas y de la provincia de Buenos\nAires para la nueva casa del Centro de Veteranos y se acord\u00f3 que en las\ninstituciones educativas en las que trabajan se colocar\u00e1 una placa con los\ncombatientes mercedinos. <\/p>\n\n\n\n<figure class=\"wp-block-image\"><img loading=\"lazy\" decoding=\"async\" width=\"772\" height=\"514\" data-attachment-id=\"90828\" data-permalink=\"https:\/\/www.hoymercedes.com.ar\/principal\/2019\/04\/05\/reconocimiento-para-los-veteranos-que-trabajan-en-las-escuelas\/05-veteranos-consejo-escolar-3\/#main\" data-orig-file=\"https:\/\/www.hoymercedes.com.ar\/principal\/wp-content\/uploads\/2019\/04\/05-Veteranos-consejo-escolar-3.jpg\" data-orig-size=\"772,514\" data-comments-opened=\"0\" data-image-meta=\"{&quot;aperture&quot;:&quot;0&quot;,&quot;credit&quot;:&quot;&quot;,&quot;camera&quot;:&quot;&quot;,&quot;caption&quot;:&quot;&quot;,&quot;created_timestamp&quot;:&quot;0&quot;,&quot;copyright&quot;:&quot;&quot;,&quot;focal_length&quot;:&quot;0&quot;,&quot;iso&quot;:&quot;0&quot;,&quot;shutter_speed&quot;:&quot;0&quot;,&quot;title&quot;:&quot;&quot;,&quot;orientation&quot;:&quot;0&quot;}\" data-image-title=\"05 Veteranos consejo escolar 3\" data-image-description=\"\" data-image-caption=\"\" data-large-file=\"https:\/\/www.hoymercedes.com.ar\/principal\/wp-content\/uploads\/2019\/04\/05-Veteranos-consejo-escolar-3.jpg\" src=\"https:\/\/www.hoymercedes.com.ar\/principal\/wp-content\/uploads\/2019\/04\/05-Veteranos-consejo-escolar-3.jpg\" alt=\"\" class=\"wp-image-90828\" srcset=\"https:\/\/www.hoymercedes.com.ar\/principal\/wp-content\/uploads\/2019\/04\/05-Veteranos-consejo-escolar-3.jpg 772w, https:\/\/www.hoymercedes.com.ar\/principal\/wp-content\/uploads\/2019\/04\/05-Veteranos-consejo-escolar-3-150x100.jpg 150w, https:\/\/www.hoymercedes.com.ar\/principal\/wp-content\/uploads\/2019\/04\/05-Veteranos-consejo-escolar-3-630x419.jpg 630w, https:\/\/www.hoymercedes.com.ar\/principal\/wp-content\/uploads\/2019\/04\/05-Veteranos-consejo-escolar-3-720x480.jpg 720w, https:\/\/www.hoymercedes.com.ar\/principal\/wp-content\/uploads\/2019\/04\/05-Veteranos-consejo-escolar-3-360x240.jpg 360w\" sizes=\"auto, (max-width: 772px) 100vw, 772px\" \/><\/figure>\n\n\n\n<p>En horas\ndel mediod\u00eda de este viernes, los Veteranos de Mercedes que trabajan en las\nescuelas, ya sea como Auxiliares o en las \u00e1reas administrativas, fueron\nreconocidos por el cuerpo de Consejeros Escolares de la ciudad. <\/p>\n\n\n\n<p>De manos de\nlos Consejeros Ana Darritchon, Jos\u00e9 Luis Pisano, Soledad Alfredo, Agust\u00edn\nBavastro y Mat\u00edas G\u00f3mez, a cada uno de los veterano que trabajaron en el \u00e1mbito\neducativo se le entreg\u00f3 un diploma de reconocimiento y para el Centro de\nVeteranos de Guerra de Mercedes se les dio las dos banderas oficiales \u2013\nArgentina y Provincia \u2013 para que engalanen la Casa del Veterano que est\u00e1\nproyectado construir. <\/p>\n\n\n\n<figure class=\"wp-block-image\"><img loading=\"lazy\" decoding=\"async\" width=\"772\" height=\"514\" data-attachment-id=\"90829\" data-permalink=\"https:\/\/www.hoymercedes.com.ar\/principal\/2019\/04\/05\/reconocimiento-para-los-veteranos-que-trabajan-en-las-escuelas\/05-veteranos-consejo-escolar-4\/#main\" data-orig-file=\"https:\/\/www.hoymercedes.com.ar\/principal\/wp-content\/uploads\/2019\/04\/05-Veteranos-consejo-escolar-4.jpg\" data-orig-size=\"772,514\" data-comments-opened=\"0\" data-image-meta=\"{&quot;aperture&quot;:&quot;0&quot;,&quot;credit&quot;:&quot;&quot;,&quot;camera&quot;:&quot;&quot;,&quot;caption&quot;:&quot;&quot;,&quot;created_timestamp&quot;:&quot;0&quot;,&quot;copyright&quot;:&quot;&quot;,&quot;focal_length&quot;:&quot;0&quot;,&quot;iso&quot;:&quot;0&quot;,&quot;shutter_speed&quot;:&quot;0&quot;,&quot;title&quot;:&quot;&quot;,&quot;orientation&quot;:&quot;0&quot;}\" data-image-title=\"05 Veteranos consejo escolar 4\" data-image-description=\"\" data-image-caption=\"\" data-large-file=\"https:\/\/www.hoymercedes.com.ar\/principal\/wp-content\/uploads\/2019\/04\/05-Veteranos-consejo-escolar-4.jpg\" src=\"https:\/\/www.hoymercedes.com.ar\/principal\/wp-content\/uploads\/2019\/04\/05-Veteranos-consejo-escolar-4.jpg\" alt=\"\" class=\"wp-image-90829\" srcset=\"https:\/\/www.hoymercedes.com.ar\/principal\/wp-content\/uploads\/2019\/04\/05-Veteranos-consejo-escolar-4.jpg 772w, https:\/\/www.hoymercedes.com.ar\/principal\/wp-content\/uploads\/2019\/04\/05-Veteranos-consejo-escolar-4-150x100.jpg 150w, https:\/\/www.hoymercedes.com.ar\/principal\/wp-content\/uploads\/2019\/04\/05-Veteranos-consejo-escolar-4-630x419.jpg 630w, https:\/\/www.hoymercedes.com.ar\/principal\/wp-content\/uploads\/2019\/04\/05-Veteranos-consejo-escolar-4-720x480.jpg 720w, https:\/\/www.hoymercedes.com.ar\/principal\/wp-content\/uploads\/2019\/04\/05-Veteranos-consejo-escolar-4-360x240.jpg 360w\" sizes=\"auto, (max-width: 772px) 100vw, 772px\" \/><\/figure>\n\n\n\n<p>Asimismo, se\nacord\u00f3 que en cada fecha patria, arrancando el pr\u00f3ximo 25 de mayo, se colocar\u00e1\nen las escuelas donde trabaja o trabajaron los Veteranos, una placa con el\nlistado de los combatientes mercedinos en las Islas Malvinas. <\/p>\n\n\n\n<p>Fueron reconocidos: Jorge Manfr\u00eda, Fabi\u00e1n Solimandi, Mauricio Angulo, Marcelo Di Sciulo, Pedro Moraglio, Roberto Est\u00e9vez, Juan Deprati, Alfredo Spinelli, Miguel Fiorebello, Carlos Daniel Falabella, Gustavo Fern\u00e1ndez, Ra\u00fal Delfino, Roberto Ben\u00edtez y Walter Florida. <\/p>\n\n\n\n<figure class=\"wp-block-image\"><img loading=\"lazy\" decoding=\"async\" width=\"750\" height=\"500\" data-attachment-id=\"90827\" data-permalink=\"https:\/\/www.hoymercedes.com.ar\/principal\/2019\/04\/05\/reconocimiento-para-los-veteranos-que-trabajan-en-las-escuelas\/05-veteranos-consejo-escolar-2\/#main\" data-orig-file=\"https:\/\/www.hoymercedes.com.ar\/principal\/wp-content\/uploads\/2019\/04\/05-Veteranos-consejo-escolar-2.jpg\" data-orig-size=\"750,500\" data-comments-opened=\"0\" data-image-meta=\"{&quot;aperture&quot;:&quot;0&quot;,&quot;credit&quot;:&quot;&quot;,&quot;camera&quot;:&quot;&quot;,&quot;caption&quot;:&quot;&quot;,&quot;created_timestamp&quot;:&quot;0&quot;,&quot;copyright&quot;:&quot;&quot;,&quot;focal_length&quot;:&quot;0&quot;,&quot;iso&quot;:&quot;0&quot;,&quot;shutter_speed&quot;:&quot;0&quot;,&quot;title&quot;:&quot;&quot;,&quot;orientation&quot;:&quot;0&quot;}\" data-image-title=\"05 Veteranos consejo escolar 2\" data-image-description=\"\" data-image-caption=\"\" data-large-file=\"https:\/\/www.hoymercedes.com.ar\/principal\/wp-content\/uploads\/2019\/04\/05-Veteranos-consejo-escolar-2.jpg\" src=\"https:\/\/www.hoymercedes.com.ar\/principal\/wp-content\/uploads\/2019\/04\/05-Veteranos-consejo-escolar-2.jpg\" alt=\"\" class=\"wp-image-90827\" srcset=\"https:\/\/www.hoymercedes.com.ar\/principal\/wp-content\/uploads\/2019\/04\/05-Veteranos-consejo-escolar-2.jpg 750w, https:\/\/www.hoymercedes.com.ar\/principal\/wp-content\/uploads\/2019\/04\/05-Veteranos-consejo-escolar-2-150x100.jpg 150w, https:\/\/www.hoymercedes.com.ar\/principal\/wp-content\/uploads\/2019\/04\/05-Veteranos-consejo-escolar-2-630x420.jpg 630w, https:\/\/www.hoymercedes.com.ar\/principal\/wp-content\/uploads\/2019\/04\/05-Veteranos-consejo-escolar-2-720x480.jpg 720w, https:\/\/www.hoymercedes.com.ar\/principal\/wp-content\/uploads\/2019\/04\/05-Veteranos-consejo-escolar-2-360x240.jpg 360w\" sizes=\"auto, (max-width: 750px) 100vw, 750px\" \/><\/figure>\n","protected":false},"excerpt":{"rendered":"<p>El Consejo Escolar de Mercedes entreg\u00f3 reconocimientos a los Veteranos de Guerra de Malvinas que trabajan, o trabajaron porque algunos &#8230; <a title=\"Reconocimiento para los Veteranos que trabajan en las escuelas\" class=\"read-more\" href=\"https:\/\/www.hoymercedes.com.ar\/principal\/2019\/04\/05\/reconocimiento-para-los-veteranos-que-trabajan-en-las-escuelas\/\" aria-label=\"Leer m\u00e1s sobre Reconocimiento para los Veteranos que trabajan en las escuelas\">Leer m\u00e1s<\/a><\/p>\n","protected":false},"author":1,"featured_media":90827,"comment_status":"closed","ping_status":"open","sticky":false,"template":"","format":"standard","meta":{"_monsterinsights_skip_tracking":false,"_monsterinsights_sitenote_active":false,"_monsterinsights_sitenote_note":"","_monsterinsights_sitenote_category":0,"jetpack_post_was_ever_published":false,"_jetpack_newsletter_access":"","_jetpack_dont_email_post_to_subs":false,"_jetpack_newsletter_tier_id":0,"_jetpack_memberships_contains_paywalled_content":false,"_jetpack_memberships_contains_paid_content":false,"footnotes":"","jetpack_publicize_message":"","jetpack_publicize_feature_enabled":true,"jetpack_social_post_already_shared":true,"jetpack_social_options":{"image_generator_settings":{"template":"highway","default_image_id":0,"font":"","enabled":false},"version":2},"_wpas_customize_per_network":false},"categories":[23],"tags":[1317,47,7852,756],"class_list":["post-90826","post","type-post","status-publish","format-standard","has-post-thumbnail","hentry","category-educacion","tag-consejo-escolar","tag-educacion-2","tag-reconocimiento","tag-veteranos-de-malvinas","generate-columns","tablet-grid-50","mobile-grid-100","grid-parent","grid-50"],"jetpack_publicize_connections":[],"jetpack_featured_media_url":"https:\/\/www.hoymercedes.com.ar\/principal\/wp-content\/uploads\/2019\/04\/05-Veteranos-consejo-escolar-2.jpg","wps_subtitle":"Reconocimiento del Consejo Escolar","jetpack_sharing_enabled":true,"_links":{"self":[{"href":"https:\/\/www.hoymercedes.com.ar\/principal\/wp-json\/wp\/v2\/posts\/90826","targetHints":{"allow":["GET"]}}],"collection":[{"href":"https:\/\/www.hoymercedes.com.ar\/principal\/wp-json\/wp\/v2\/posts"}],"about":[{"href":"https:\/\/www.hoymercedes.com.ar\/principal\/wp-json\/wp\/v2\/types\/post"}],"author":[{"embeddable":true,"href":"https:\/\/www.hoymercedes.com.ar\/principal\/wp-json\/wp\/v2\/users\/1"}],"replies":[{"embeddable":true,"href":"https:\/\/www.hoymercedes.com.ar\/principal\/wp-json\/wp\/v2\/comments?post=90826"}],"version-history":[{"count":0,"href":"https:\/\/www.hoymercedes.com.ar\/principal\/wp-json\/wp\/v2\/posts\/90826\/revisions"}],"wp:featuredmedia":[{"embeddable":true,"href":"https:\/\/www.hoymercedes.com.ar\/principal\/wp-json\/wp\/v2\/media\/90827"}],"wp:attachment":[{"href":"https:\/\/www.hoymercedes.com.ar\/principal\/wp-json\/wp\/v2\/media?parent=90826"}],"wp:term":[{"taxonomy":"category","embeddable":true,"href":"https:\/\/www.hoymercedes.com.ar\/principal\/wp-json\/wp\/v2\/categories?post=90826"},{"taxonomy":"post_tag","embeddable":true,"href":"https:\/\/www.hoymercedes.com.ar\/principal\/wp-json\/wp\/v2\/tags?post=90826"}],"curies":[{"name":"wp","href":"https:\/\/api.w.org\/{rel}","templated":true}]}}