{"id":90833,"date":"2019-04-05T19:35:42","date_gmt":"2019-04-05T22:35:42","guid":{"rendered":"http:\/\/www.hoymercedes.com.ar\/principal\/?p=90833"},"modified":"2019-04-05T16:58:44","modified_gmt":"2019-04-05T19:58:44","slug":"selva-acompano-a-massa-a-escobar","status":"publish","type":"post","link":"https:\/\/www.hoymercedes.com.ar\/principal\/2019\/04\/05\/selva-acompano-a-massa-a-escobar\/","title":{"rendered":"Selva acompa\u00f1\u00f3 a Massa a Escobar"},"content":{"rendered":"\n<p>Luego de la presentaci\u00f3n de los \u201c10 Compromisos por la Argentina\u201d, Sergio Massa visit\u00f3 el partido bonaerense de Escobar. All\u00ed, junto al Intendente local Ariel Sujarchuk, jefes comunales, industriales, trabajadores y referentes del FR y el PJ, Massa destac\u00f3 la importancia de defender a las Pymes y a la industria nacional con todos los sectores productivos y \u201csin banderas pol\u00edticas\u201d.<\/p>\n\n\n\n<figure class=\"wp-block-image\"><img loading=\"lazy\" decoding=\"async\" width=\"750\" height=\"422\" data-attachment-id=\"90835\" data-permalink=\"https:\/\/www.hoymercedes.com.ar\/principal\/2019\/04\/05\/selva-acompano-a-massa-a-escobar\/05-selva-escobar-2\/#main\" data-orig-file=\"https:\/\/www.hoymercedes.com.ar\/principal\/wp-content\/uploads\/2019\/04\/05-selva-Escobar-2.jpg\" data-orig-size=\"750,422\" data-comments-opened=\"0\" data-image-meta=\"{&quot;aperture&quot;:&quot;0&quot;,&quot;credit&quot;:&quot;&quot;,&quot;camera&quot;:&quot;&quot;,&quot;caption&quot;:&quot;&quot;,&quot;created_timestamp&quot;:&quot;0&quot;,&quot;copyright&quot;:&quot;&quot;,&quot;focal_length&quot;:&quot;0&quot;,&quot;iso&quot;:&quot;0&quot;,&quot;shutter_speed&quot;:&quot;0&quot;,&quot;title&quot;:&quot;&quot;,&quot;orientation&quot;:&quot;0&quot;}\" data-image-title=\"05 selva Escobar 2\" data-image-description=\"\" data-image-caption=\"\" data-large-file=\"https:\/\/www.hoymercedes.com.ar\/principal\/wp-content\/uploads\/2019\/04\/05-selva-Escobar-2.jpg\" src=\"https:\/\/www.hoymercedes.com.ar\/principal\/wp-content\/uploads\/2019\/04\/05-selva-Escobar-2.jpg\" alt=\"\" class=\"wp-image-90835\" srcset=\"https:\/\/www.hoymercedes.com.ar\/principal\/wp-content\/uploads\/2019\/04\/05-selva-Escobar-2.jpg 750w, https:\/\/www.hoymercedes.com.ar\/principal\/wp-content\/uploads\/2019\/04\/05-selva-Escobar-2-150x84.jpg 150w, https:\/\/www.hoymercedes.com.ar\/principal\/wp-content\/uploads\/2019\/04\/05-selva-Escobar-2-630x354.jpg 630w\" sizes=\"auto, (max-width: 750px) 100vw, 750px\" \/><\/figure>\n\n\n\n<p>Adem\u00e1s del intendente anfitri\u00f3n Ariel Sujarchuk, estuvieron sus pares Gustavo Men\u00e9ndez de Merlo y Leonardo Nardini de Malvinas Argentinas, los diputados nacionales Graciela Cama\u00f1o, Diego Bossio y Carlos Selva, el diputado provincial Jorge D\u2019Onofrio, adem\u00e1s de concejales, dirigentes gremiales, empresarios pymes y trabajadores.<\/p>\n\n\n\n<p>Sergio Massa hab\u00eda presentado los \u201c10 compromisos por la Argentina\u201d. Se trata de 10 pol\u00edticas de Estado para que, a partir del 11 de diciembre, se empiece a construir el verdadero camino para el futuro del pa\u00eds. En tanto que luego se acerc\u00f3 a la localidad bonaerense de Escobar, donde plante\u00f3 el debate de estas propuestas.<\/p>\n\n\n\n<figure class=\"wp-block-image\"><img loading=\"lazy\" decoding=\"async\" width=\"750\" height=\"500\" data-attachment-id=\"90834\" data-permalink=\"https:\/\/www.hoymercedes.com.ar\/principal\/2019\/04\/05\/selva-acompano-a-massa-a-escobar\/05-selva-escobar-1\/#main\" data-orig-file=\"https:\/\/www.hoymercedes.com.ar\/principal\/wp-content\/uploads\/2019\/04\/05-selva-Escobar-1.jpg\" data-orig-size=\"750,500\" data-comments-opened=\"0\" data-image-meta=\"{&quot;aperture&quot;:&quot;0&quot;,&quot;credit&quot;:&quot;&quot;,&quot;camera&quot;:&quot;&quot;,&quot;caption&quot;:&quot;&quot;,&quot;created_timestamp&quot;:&quot;0&quot;,&quot;copyright&quot;:&quot;&quot;,&quot;focal_length&quot;:&quot;0&quot;,&quot;iso&quot;:&quot;0&quot;,&quot;shutter_speed&quot;:&quot;0&quot;,&quot;title&quot;:&quot;&quot;,&quot;orientation&quot;:&quot;0&quot;}\" data-image-title=\"05 selva Escobar 1\" data-image-description=\"\" data-image-caption=\"\" data-large-file=\"https:\/\/www.hoymercedes.com.ar\/principal\/wp-content\/uploads\/2019\/04\/05-selva-Escobar-1.jpg\" src=\"https:\/\/www.hoymercedes.com.ar\/principal\/wp-content\/uploads\/2019\/04\/05-selva-Escobar-1.jpg\" alt=\"\" class=\"wp-image-90834\" srcset=\"https:\/\/www.hoymercedes.com.ar\/principal\/wp-content\/uploads\/2019\/04\/05-selva-Escobar-1.jpg 750w, https:\/\/www.hoymercedes.com.ar\/principal\/wp-content\/uploads\/2019\/04\/05-selva-Escobar-1-150x100.jpg 150w, https:\/\/www.hoymercedes.com.ar\/principal\/wp-content\/uploads\/2019\/04\/05-selva-Escobar-1-630x420.jpg 630w, https:\/\/www.hoymercedes.com.ar\/principal\/wp-content\/uploads\/2019\/04\/05-selva-Escobar-1-720x480.jpg 720w, https:\/\/www.hoymercedes.com.ar\/principal\/wp-content\/uploads\/2019\/04\/05-selva-Escobar-1-360x240.jpg 360w\" sizes=\"auto, (max-width: 750px) 100vw, 750px\" \/><\/figure>\n\n\n\n<p>\u201cDefender a las Pymes y la industria nacional es responsabilidad de todos, sin banderas pol\u00edticas. Debatir propuestas junto a intendentes, concejales, industriales y trabajadores, es una obligaci\u00f3n. Defender el trabajo y a los trabajadores es defender a la Argentina. Para eso es indispensable poder encontrarnos con todos los sectores productivos e industriales, y pensar juntos los desaf\u00edos que tenemos por delante, sin exclusiones\u201d, indic\u00f3 Massa.<\/p>\n\n\n\n<p>\u201cLas soluciones para los problemas del pa\u00eds hay que buscarlas sin vanidades, y es nuestra responsabilidad sentarnos con todos los actores, pol\u00edticos, sindicales y empresariales. Lo que est\u00e1 en juego es el futuro de millones de argentinos\u201d, dijo Massa. \u201cOjal\u00e1 que estas 10 propuestas sean la llave para poner en marcha un Estado sensible ante un Estado ausente. Vamos a hacer una invitaci\u00f3n formal al di\u00e1logo a intendentes, gobernadores y l\u00edderes pol\u00edticos sin exclusiones\u201d, se\u00f1al\u00f3.<\/p>\n\n\n\n<p>\u201cNosotros planteamos nuestras propuestas para el futuro de la Argentina, pero con la humildad y el compromiso de debatir otras ideas para incorporarlas al proyecto.&nbsp; El desaf\u00edo es poner de pie a la Argentina. Fracas\u00f3 Mauricio Macri, no la Argentina\u201d, concluy\u00f3 Massa.<\/p>\n","protected":false},"excerpt":{"rendered":"<p>Luego de la presentaci\u00f3n de los \u201c10 Compromisos por la Argentina\u201d, Sergio Massa visit\u00f3 el partido bonaerense de Escobar. All\u00ed, &#8230; <a title=\"Selva acompa\u00f1\u00f3 a Massa a Escobar\" class=\"read-more\" href=\"https:\/\/www.hoymercedes.com.ar\/principal\/2019\/04\/05\/selva-acompano-a-massa-a-escobar\/\" aria-label=\"Leer m\u00e1s sobre Selva acompa\u00f1\u00f3 a Massa a Escobar\">Leer m\u00e1s<\/a><\/p>\n","protected":false},"author":1,"featured_media":90835,"comment_status":"closed","ping_status":"open","sticky":false,"template":"","format":"standard","meta":{"_monsterinsights_skip_tracking":false,"_monsterinsights_sitenote_active":false,"_monsterinsights_sitenote_note":"","_monsterinsights_sitenote_category":0,"jetpack_post_was_ever_published":false,"_jetpack_newsletter_access":"","_jetpack_dont_email_post_to_subs":false,"_jetpack_newsletter_tier_id":0,"_jetpack_memberships_contains_paywalled_content":false,"_jetpack_memberships_contains_paid_content":false,"footnotes":"","jetpack_publicize_message":"","jetpack_publicize_feature_enabled":true,"jetpack_social_post_already_shared":true,"jetpack_social_options":{"image_generator_settings":{"template":"highway","default_image_id":0,"font":"","enabled":false},"version":2},"_wpas_customize_per_network":false},"categories":[5210],"tags":[14810,39,3537,10113],"class_list":["post-90833","post","type-post","status-publish","format-standard","has-post-thumbnail","hentry","category-politica-nacional","tag-campana-electoral","tag-carlos-selva","tag-frente-renovador","tag-politica-nacional","generate-columns","tablet-grid-50","mobile-grid-100","grid-parent","grid-50"],"jetpack_publicize_connections":[],"jetpack_featured_media_url":"https:\/\/www.hoymercedes.com.ar\/principal\/wp-content\/uploads\/2019\/04\/05-selva-Escobar-2.jpg","wps_subtitle":"D\u00edas atr\u00e1s","jetpack_sharing_enabled":true,"_links":{"self":[{"href":"https:\/\/www.hoymercedes.com.ar\/principal\/wp-json\/wp\/v2\/posts\/90833","targetHints":{"allow":["GET"]}}],"collection":[{"href":"https:\/\/www.hoymercedes.com.ar\/principal\/wp-json\/wp\/v2\/posts"}],"about":[{"href":"https:\/\/www.hoymercedes.com.ar\/principal\/wp-json\/wp\/v2\/types\/post"}],"author":[{"embeddable":true,"href":"https:\/\/www.hoymercedes.com.ar\/principal\/wp-json\/wp\/v2\/users\/1"}],"replies":[{"embeddable":true,"href":"https:\/\/www.hoymercedes.com.ar\/principal\/wp-json\/wp\/v2\/comments?post=90833"}],"version-history":[{"count":0,"href":"https:\/\/www.hoymercedes.com.ar\/principal\/wp-json\/wp\/v2\/posts\/90833\/revisions"}],"wp:featuredmedia":[{"embeddable":true,"href":"https:\/\/www.hoymercedes.com.ar\/principal\/wp-json\/wp\/v2\/media\/90835"}],"wp:attachment":[{"href":"https:\/\/www.hoymercedes.com.ar\/principal\/wp-json\/wp\/v2\/media?parent=90833"}],"wp:term":[{"taxonomy":"category","embeddable":true,"href":"https:\/\/www.hoymercedes.com.ar\/principal\/wp-json\/wp\/v2\/categories?post=90833"},{"taxonomy":"post_tag","embeddable":true,"href":"https:\/\/www.hoymercedes.com.ar\/principal\/wp-json\/wp\/v2\/tags?post=90833"}],"curies":[{"name":"wp","href":"https:\/\/api.w.org\/{rel}","templated":true}]}}