{"id":90837,"date":"2019-04-05T17:25:23","date_gmt":"2019-04-05T20:25:23","guid":{"rendered":"http:\/\/www.hoymercedes.com.ar\/principal\/?p=90837"},"modified":"2019-04-05T16:58:32","modified_gmt":"2019-04-05T19:58:32","slug":"charla-de-jairo-restrepo-sobre-huertas-sin-agrotoxicos","status":"publish","type":"post","link":"https:\/\/www.hoymercedes.com.ar\/principal\/2019\/04\/05\/charla-de-jairo-restrepo-sobre-huertas-sin-agrotoxicos\/","title":{"rendered":"Charla de Jairo Restrepo sobre huertas sin agrot\u00f3xicos"},"content":{"rendered":"\n<p>El martes\npasado, productores agroecol\u00f3gicos recibieron a Jairo Restrepo Rivera, uno de\nlos \u00edconos internacionales en materia de agroecolog\u00eda. En la huerta \u201cEl Origen\u201d,\nlos productores locales vivieron una jornada de capacitaci\u00f3n completa sobre\npreparado agroecol\u00f3gico, fertilizaci\u00f3n y nutrici\u00f3n del suelo y prevenci\u00f3n de\nplagas con materiales a bajo costo y f\u00e1ciles de encontrar. <\/p>\n\n\n\n<figure class=\"wp-block-image\"><img loading=\"lazy\" decoding=\"async\" width=\"750\" height=\"500\" data-attachment-id=\"90839\" data-permalink=\"https:\/\/www.hoymercedes.com.ar\/principal\/2019\/04\/05\/charla-de-jairo-restrepo-sobre-huertas-sin-agrotoxicos\/05-jairo-restrepo-2\/#main\" data-orig-file=\"https:\/\/www.hoymercedes.com.ar\/principal\/wp-content\/uploads\/2019\/04\/05-jairo-restrepo-2.jpg\" data-orig-size=\"750,500\" data-comments-opened=\"0\" data-image-meta=\"{&quot;aperture&quot;:&quot;0&quot;,&quot;credit&quot;:&quot;&quot;,&quot;camera&quot;:&quot;&quot;,&quot;caption&quot;:&quot;&quot;,&quot;created_timestamp&quot;:&quot;0&quot;,&quot;copyright&quot;:&quot;&quot;,&quot;focal_length&quot;:&quot;0&quot;,&quot;iso&quot;:&quot;0&quot;,&quot;shutter_speed&quot;:&quot;0&quot;,&quot;title&quot;:&quot;&quot;,&quot;orientation&quot;:&quot;0&quot;}\" data-image-title=\"05 jairo restrepo 2\" data-image-description=\"\" data-image-caption=\"\" data-large-file=\"https:\/\/www.hoymercedes.com.ar\/principal\/wp-content\/uploads\/2019\/04\/05-jairo-restrepo-2.jpg\" src=\"https:\/\/www.hoymercedes.com.ar\/principal\/wp-content\/uploads\/2019\/04\/05-jairo-restrepo-2.jpg\" alt=\"\" class=\"wp-image-90839\" srcset=\"https:\/\/www.hoymercedes.com.ar\/principal\/wp-content\/uploads\/2019\/04\/05-jairo-restrepo-2.jpg 750w, https:\/\/www.hoymercedes.com.ar\/principal\/wp-content\/uploads\/2019\/04\/05-jairo-restrepo-2-150x100.jpg 150w, https:\/\/www.hoymercedes.com.ar\/principal\/wp-content\/uploads\/2019\/04\/05-jairo-restrepo-2-630x420.jpg 630w, https:\/\/www.hoymercedes.com.ar\/principal\/wp-content\/uploads\/2019\/04\/05-jairo-restrepo-2-720x480.jpg 720w, https:\/\/www.hoymercedes.com.ar\/principal\/wp-content\/uploads\/2019\/04\/05-jairo-restrepo-2-360x240.jpg 360w\" sizes=\"auto, (max-width: 750px) 100vw, 750px\" \/><\/figure>\n\n\n\n<p>Luego de la\njornada, los productores agroecol\u00f3gicos y org\u00e1nicos contaron que la idea es\ndifundir la producci\u00f3n local de huertas sin el uso de agrot\u00f3xicos, dejar de\nlado el trabajo convencional en donde se utilizan grandes cantidades de\nfertilizantes qu\u00edmicos, pesticidas, fungicidas, e insecticidas que da\u00f1an y\npueden producir enfermedades, as\u00f3 como el efecto negativo que se produce en el\nambiente.<\/p>\n\n\n\n<p>A modo de adelanto, un grupo de productores dijo que pr\u00f3ximamente se dictar\u00e1 un ABC sobre agroecolog\u00eda en Mercedes para que m\u00e1s vecinos produzcan sus propias huertas de manera ecol\u00f3gicas sin agrot\u00f3xicos. <\/p>\n\n\n\n<figure class=\"wp-block-image\"><img loading=\"lazy\" decoding=\"async\" width=\"750\" height=\"500\" data-attachment-id=\"90838\" data-permalink=\"https:\/\/www.hoymercedes.com.ar\/principal\/2019\/04\/05\/charla-de-jairo-restrepo-sobre-huertas-sin-agrotoxicos\/05-jairo-restrepo-1\/#main\" data-orig-file=\"https:\/\/www.hoymercedes.com.ar\/principal\/wp-content\/uploads\/2019\/04\/05-jairo-restrepo-1.jpg\" data-orig-size=\"750,500\" data-comments-opened=\"0\" data-image-meta=\"{&quot;aperture&quot;:&quot;0&quot;,&quot;credit&quot;:&quot;&quot;,&quot;camera&quot;:&quot;&quot;,&quot;caption&quot;:&quot;&quot;,&quot;created_timestamp&quot;:&quot;0&quot;,&quot;copyright&quot;:&quot;&quot;,&quot;focal_length&quot;:&quot;0&quot;,&quot;iso&quot;:&quot;0&quot;,&quot;shutter_speed&quot;:&quot;0&quot;,&quot;title&quot;:&quot;&quot;,&quot;orientation&quot;:&quot;0&quot;}\" data-image-title=\"05 jairo restrepo 1\" data-image-description=\"\" data-image-caption=\"\" data-large-file=\"https:\/\/www.hoymercedes.com.ar\/principal\/wp-content\/uploads\/2019\/04\/05-jairo-restrepo-1.jpg\" src=\"https:\/\/www.hoymercedes.com.ar\/principal\/wp-content\/uploads\/2019\/04\/05-jairo-restrepo-1.jpg\" alt=\"\" class=\"wp-image-90838\" srcset=\"https:\/\/www.hoymercedes.com.ar\/principal\/wp-content\/uploads\/2019\/04\/05-jairo-restrepo-1.jpg 750w, https:\/\/www.hoymercedes.com.ar\/principal\/wp-content\/uploads\/2019\/04\/05-jairo-restrepo-1-150x100.jpg 150w, https:\/\/www.hoymercedes.com.ar\/principal\/wp-content\/uploads\/2019\/04\/05-jairo-restrepo-1-630x420.jpg 630w, https:\/\/www.hoymercedes.com.ar\/principal\/wp-content\/uploads\/2019\/04\/05-jairo-restrepo-1-720x480.jpg 720w, https:\/\/www.hoymercedes.com.ar\/principal\/wp-content\/uploads\/2019\/04\/05-jairo-restrepo-1-360x240.jpg 360w\" sizes=\"auto, (max-width: 750px) 100vw, 750px\" \/><\/figure>\n","protected":false},"excerpt":{"rendered":"<p>El martes pasado, productores agroecol\u00f3gicos recibieron a Jairo Restrepo Rivera, uno de los \u00edconos internacionales en materia de agroecolog\u00eda. En &#8230; <a title=\"Charla de Jairo Restrepo sobre huertas sin agrot\u00f3xicos\" class=\"read-more\" href=\"https:\/\/www.hoymercedes.com.ar\/principal\/2019\/04\/05\/charla-de-jairo-restrepo-sobre-huertas-sin-agrotoxicos\/\" aria-label=\"Leer m\u00e1s sobre Charla de Jairo Restrepo sobre huertas sin agrot\u00f3xicos\">Leer m\u00e1s<\/a><\/p>\n","protected":false},"author":1,"featured_media":90838,"comment_status":"closed","ping_status":"open","sticky":false,"template":"","format":"standard","meta":{"_monsterinsights_skip_tracking":false,"_monsterinsights_sitenote_active":false,"_monsterinsights_sitenote_note":"","_monsterinsights_sitenote_category":0,"jetpack_post_was_ever_published":false,"_jetpack_newsletter_access":"","_jetpack_dont_email_post_to_subs":false,"_jetpack_newsletter_tier_id":0,"_jetpack_memberships_contains_paywalled_content":false,"_jetpack_memberships_contains_paid_content":false,"footnotes":"","jetpack_publicize_message":"","jetpack_publicize_feature_enabled":true,"jetpack_social_post_already_shared":true,"jetpack_social_options":{"image_generator_settings":{"template":"highway","default_image_id":0,"font":"","enabled":false},"version":2},"_wpas_customize_per_network":false},"categories":[8],"tags":[14811,14812],"class_list":["post-90837","post","type-post","status-publish","format-standard","has-post-thumbnail","hentry","category-sociedad","tag-huertas-agroecologicas","tag-produccion-agricola","generate-columns","tablet-grid-50","mobile-grid-100","grid-parent","grid-50"],"jetpack_publicize_connections":[],"jetpack_featured_media_url":"https:\/\/www.hoymercedes.com.ar\/principal\/wp-content\/uploads\/2019\/04\/05-jairo-restrepo-1.jpg","wps_subtitle":"El martes pasado en El Origen","jetpack_sharing_enabled":true,"_links":{"self":[{"href":"https:\/\/www.hoymercedes.com.ar\/principal\/wp-json\/wp\/v2\/posts\/90837","targetHints":{"allow":["GET"]}}],"collection":[{"href":"https:\/\/www.hoymercedes.com.ar\/principal\/wp-json\/wp\/v2\/posts"}],"about":[{"href":"https:\/\/www.hoymercedes.com.ar\/principal\/wp-json\/wp\/v2\/types\/post"}],"author":[{"embeddable":true,"href":"https:\/\/www.hoymercedes.com.ar\/principal\/wp-json\/wp\/v2\/users\/1"}],"replies":[{"embeddable":true,"href":"https:\/\/www.hoymercedes.com.ar\/principal\/wp-json\/wp\/v2\/comments?post=90837"}],"version-history":[{"count":0,"href":"https:\/\/www.hoymercedes.com.ar\/principal\/wp-json\/wp\/v2\/posts\/90837\/revisions"}],"wp:featuredmedia":[{"embeddable":true,"href":"https:\/\/www.hoymercedes.com.ar\/principal\/wp-json\/wp\/v2\/media\/90838"}],"wp:attachment":[{"href":"https:\/\/www.hoymercedes.com.ar\/principal\/wp-json\/wp\/v2\/media?parent=90837"}],"wp:term":[{"taxonomy":"category","embeddable":true,"href":"https:\/\/www.hoymercedes.com.ar\/principal\/wp-json\/wp\/v2\/categories?post=90837"},{"taxonomy":"post_tag","embeddable":true,"href":"https:\/\/www.hoymercedes.com.ar\/principal\/wp-json\/wp\/v2\/tags?post=90837"}],"curies":[{"name":"wp","href":"https:\/\/api.w.org\/{rel}","templated":true}]}}