{"id":90844,"date":"2019-04-05T19:23:20","date_gmt":"2019-04-05T22:23:20","guid":{"rendered":"http:\/\/www.hoymercedes.com.ar\/principal\/?p=90844"},"modified":"2019-04-05T19:23:28","modified_gmt":"2019-04-05T22:23:28","slug":"tras-persecucion-policia-comunal-detiene-mecheras","status":"publish","type":"post","link":"https:\/\/www.hoymercedes.com.ar\/principal\/2019\/04\/05\/tras-persecucion-policia-comunal-detiene-mecheras\/","title":{"rendered":"Tras persecuci\u00f3n Polic\u00eda Comunal detiene mecheras"},"content":{"rendered":"\n<figure class=\"wp-block-image\"><img loading=\"lazy\" decoding=\"async\" width=\"1024\" height=\"768\" data-attachment-id=\"90845\" data-permalink=\"https:\/\/www.hoymercedes.com.ar\/principal\/2019\/04\/05\/tras-persecucion-policia-comunal-detiene-mecheras\/mecheras-detenidas\/#main\" data-orig-file=\"https:\/\/www.hoymercedes.com.ar\/principal\/wp-content\/uploads\/2019\/04\/mecheras.detenidas.jpeg\" data-orig-size=\"1032,774\" data-comments-opened=\"0\" data-image-meta=\"{&quot;aperture&quot;:&quot;0&quot;,&quot;credit&quot;:&quot;&quot;,&quot;camera&quot;:&quot;&quot;,&quot;caption&quot;:&quot;&quot;,&quot;created_timestamp&quot;:&quot;0&quot;,&quot;copyright&quot;:&quot;&quot;,&quot;focal_length&quot;:&quot;0&quot;,&quot;iso&quot;:&quot;0&quot;,&quot;shutter_speed&quot;:&quot;0&quot;,&quot;title&quot;:&quot;&quot;,&quot;orientation&quot;:&quot;0&quot;}\" data-image-title=\"mecheras.detenidas\" data-image-description=\"\" data-image-caption=\"\" data-large-file=\"https:\/\/www.hoymercedes.com.ar\/principal\/wp-content\/uploads\/2019\/04\/mecheras.detenidas-1024x768.jpeg\" src=\"https:\/\/www.hoymercedes.com.ar\/principal\/wp-content\/uploads\/2019\/04\/mecheras.detenidas-1024x768.jpeg\" alt=\"\" class=\"wp-image-90845\" srcset=\"https:\/\/www.hoymercedes.com.ar\/principal\/wp-content\/uploads\/2019\/04\/mecheras.detenidas-1024x768.jpeg 1024w, https:\/\/www.hoymercedes.com.ar\/principal\/wp-content\/uploads\/2019\/04\/mecheras.detenidas-150x113.jpeg 150w, https:\/\/www.hoymercedes.com.ar\/principal\/wp-content\/uploads\/2019\/04\/mecheras.detenidas-630x473.jpeg 630w, https:\/\/www.hoymercedes.com.ar\/principal\/wp-content\/uploads\/2019\/04\/mecheras.detenidas-320x240.jpeg 320w, https:\/\/www.hoymercedes.com.ar\/principal\/wp-content\/uploads\/2019\/04\/mecheras.detenidas-100x75.jpeg 100w, https:\/\/www.hoymercedes.com.ar\/principal\/wp-content\/uploads\/2019\/04\/mecheras.detenidas.jpeg 1032w\" sizes=\"auto, (max-width: 1024px) 100vw, 1024px\" \/><\/figure>\n\n\n\n<p>Tras una r\u00e1pida intervenci\u00f3n la Polic\u00eda Comunal dirigida por el Comisario Sergio Macedo logr\u00f3 detener a un grupo de mujeres que actuaba bajo la modalidad de \u201cmecheras\u201d siendo un tipo de acto delictivo que afecta principalmente a comercios. La detenci\u00f3n la logran tras identificarlas y efectuar una fruct\u00edfera persecuci\u00f3n que logr\u00f3 interceptarlas a la altura de Gowland cuando emprend\u00edan la huida. <\/p>\n\n\n\n<p>Tras tomar conocimiento del il\u00edcito cometido en una perfumer\u00eda c\u00e9ntrica \u2013 de calle 25 \u2013 donde un masculino con dos femeninas efect\u00faan la sustracci\u00f3n de mercader\u00edas meti\u00e9ndolas entre sus prendas de vestir y carteras, inician la actuaci\u00f3n que concret\u00f3 un positivo final para el comercio y tranquilidad ciudadana.<\/p>\n\n\n\n<figure class=\"wp-block-image\"><img loading=\"lazy\" decoding=\"async\" width=\"768\" height=\"1024\" data-attachment-id=\"90846\" data-permalink=\"https:\/\/www.hoymercedes.com.ar\/principal\/2019\/04\/05\/tras-persecucion-policia-comunal-detiene-mecheras\/mecheras-detencion\/#main\" data-orig-file=\"https:\/\/www.hoymercedes.com.ar\/principal\/wp-content\/uploads\/2019\/04\/mecheras.detencion.jpeg\" data-orig-size=\"774,1032\" data-comments-opened=\"0\" data-image-meta=\"{&quot;aperture&quot;:&quot;0&quot;,&quot;credit&quot;:&quot;&quot;,&quot;camera&quot;:&quot;&quot;,&quot;caption&quot;:&quot;&quot;,&quot;created_timestamp&quot;:&quot;0&quot;,&quot;copyright&quot;:&quot;&quot;,&quot;focal_length&quot;:&quot;0&quot;,&quot;iso&quot;:&quot;0&quot;,&quot;shutter_speed&quot;:&quot;0&quot;,&quot;title&quot;:&quot;&quot;,&quot;orientation&quot;:&quot;0&quot;}\" data-image-title=\"mecheras.detencion\" data-image-description=\"\" data-image-caption=\"\" data-large-file=\"https:\/\/www.hoymercedes.com.ar\/principal\/wp-content\/uploads\/2019\/04\/mecheras.detencion-768x1024.jpeg\" src=\"https:\/\/www.hoymercedes.com.ar\/principal\/wp-content\/uploads\/2019\/04\/mecheras.detencion-768x1024.jpeg\" alt=\"\" class=\"wp-image-90846\" srcset=\"https:\/\/www.hoymercedes.com.ar\/principal\/wp-content\/uploads\/2019\/04\/mecheras.detencion-768x1024.jpeg 768w, https:\/\/www.hoymercedes.com.ar\/principal\/wp-content\/uploads\/2019\/04\/mecheras.detencion-113x150.jpeg 113w, https:\/\/www.hoymercedes.com.ar\/principal\/wp-content\/uploads\/2019\/04\/mecheras.detencion-465x620.jpeg 465w, https:\/\/www.hoymercedes.com.ar\/principal\/wp-content\/uploads\/2019\/04\/mecheras.detencion.jpeg 774w\" sizes=\"auto, (max-width: 768px) 100vw, 768px\" \/><\/figure>\n\n\n\n<p>Hab\u00edan sustra\u00eddo medias, cremas, una campera, maquinitas de afeitar, ropa interior femenina, peines, juguetes entre otros objetos propios del rubro.<\/p>\n\n\n\n<p>Al salir del comercio se detecta la alarma de seguridad que tiene el comercio en la entrada y es as\u00ed que el comerciante da aviso a la polic\u00eda. Se logra identificar el veh\u00edculo en el que dan huida y as\u00ed se inicia la persecuci\u00f3n.<\/p>\n\n\n\n<p>Adem\u00e1s, al lugar, llegaron r\u00e1pidamente los m\u00f3viles de la Comisar\u00eda Primera y Segunda que tomaron datos que fueron claves para iniciar la mencionada pesquisa que requiri\u00f3 tambi\u00e9n la incorporaci\u00f3n del personal de la Estaci\u00f3n Gowland.<\/p>\n\n\n\n<p>Los tres acusados del robo fueron finalmente interceptados en la ruta 5 km 90.500, altura  Gowland por un m\u00f3vil de la dependencia de dicha localidad mientras que desde Mercedes iban sigui\u00e9ndole la pista. <br>\nFinalmente, tras la detenci\u00f3n, se logr\u00f3 identificar a los integrantes que cometieron el il\u00edcito, siendo de apellido Dom\u00ednguez, C\u00e1ceres y C\u00e1ceres dando a su vez intervenci\u00f3n a la Comisar\u00eda de la mujer dado que los \u00faltimos mencionados eran femeninos. <\/p>\n\n\n\n<p>En la requisa de los elementos que trasladaban en el autom\u00f3vil se encuentra a su vez dos bolsas con sustancia que tras la acci\u00f3n cient\u00edfica se detecta es marihuana siendo 15g. <br>\nEl damnificado logra identificar los objetos como propiedad del comercio ultrajado.<\/p>\n\n\n\n<p>Se dio intervenci\u00f3n al fiscal de turno, el Dr. Pedro Illanes, del Departamento Judicial Mercedes. <\/p>\n\n\n\n<p>Por su parte, el Comisario Macedo aprovech\u00f3 para felicitar al personal que r\u00e1pidamente intervinieron y resolvieron el robo, destacando el valioso rol efectuado en lograr trabajar de manera conjunta entre las comisarias 1 y 2 de Mercedes y el destacamento de Gowland, generando no s\u00f3lo la detenci\u00f3n sino tambi\u00e9n continuar el camino de desaliento a quienes desde localidades del conurbano vienen a cometer il\u00edcitos en Mercedes<\/p>\n","protected":false},"excerpt":{"rendered":"<p>Tras una r\u00e1pida intervenci\u00f3n la Polic\u00eda Comunal dirigida por el Comisario Sergio Macedo logr\u00f3 detener a un grupo de mujeres &#8230; <a title=\"Tras persecuci\u00f3n Polic\u00eda Comunal detiene mecheras\" class=\"read-more\" href=\"https:\/\/www.hoymercedes.com.ar\/principal\/2019\/04\/05\/tras-persecucion-policia-comunal-detiene-mecheras\/\" aria-label=\"Leer m\u00e1s sobre Tras persecuci\u00f3n Polic\u00eda Comunal detiene mecheras\">Leer m\u00e1s<\/a><\/p>\n","protected":false},"author":1,"featured_media":90845,"comment_status":"closed","ping_status":"open","sticky":false,"template":"","format":"standard","meta":{"_monsterinsights_skip_tracking":false,"_monsterinsights_sitenote_active":false,"_monsterinsights_sitenote_note":"","_monsterinsights_sitenote_category":0,"jetpack_post_was_ever_published":false,"_jetpack_newsletter_access":"","_jetpack_dont_email_post_to_subs":false,"_jetpack_newsletter_tier_id":0,"_jetpack_memberships_contains_paywalled_content":false,"_jetpack_memberships_contains_paid_content":false,"footnotes":"","jetpack_publicize_message":"","jetpack_publicize_feature_enabled":true,"jetpack_social_post_already_shared":true,"jetpack_social_options":{"image_generator_settings":{"template":"highway","default_image_id":0,"font":"","enabled":false},"version":2},"_wpas_customize_per_network":false},"categories":[85],"tags":[10277],"class_list":["post-90844","post","type-post","status-publish","format-standard","has-post-thumbnail","hentry","category-policial","tag-sergio-macedo","generate-columns","tablet-grid-50","mobile-grid-100","grid-parent","grid-50"],"jetpack_publicize_connections":[],"jetpack_featured_media_url":"https:\/\/www.hoymercedes.com.ar\/principal\/wp-content\/uploads\/2019\/04\/mecheras.detenidas.jpeg","wps_subtitle":"R\u00e1pida intervenci\u00f3n","jetpack_sharing_enabled":true,"_links":{"self":[{"href":"https:\/\/www.hoymercedes.com.ar\/principal\/wp-json\/wp\/v2\/posts\/90844","targetHints":{"allow":["GET"]}}],"collection":[{"href":"https:\/\/www.hoymercedes.com.ar\/principal\/wp-json\/wp\/v2\/posts"}],"about":[{"href":"https:\/\/www.hoymercedes.com.ar\/principal\/wp-json\/wp\/v2\/types\/post"}],"author":[{"embeddable":true,"href":"https:\/\/www.hoymercedes.com.ar\/principal\/wp-json\/wp\/v2\/users\/1"}],"replies":[{"embeddable":true,"href":"https:\/\/www.hoymercedes.com.ar\/principal\/wp-json\/wp\/v2\/comments?post=90844"}],"version-history":[{"count":0,"href":"https:\/\/www.hoymercedes.com.ar\/principal\/wp-json\/wp\/v2\/posts\/90844\/revisions"}],"wp:featuredmedia":[{"embeddable":true,"href":"https:\/\/www.hoymercedes.com.ar\/principal\/wp-json\/wp\/v2\/media\/90845"}],"wp:attachment":[{"href":"https:\/\/www.hoymercedes.com.ar\/principal\/wp-json\/wp\/v2\/media?parent=90844"}],"wp:term":[{"taxonomy":"category","embeddable":true,"href":"https:\/\/www.hoymercedes.com.ar\/principal\/wp-json\/wp\/v2\/categories?post=90844"},{"taxonomy":"post_tag","embeddable":true,"href":"https:\/\/www.hoymercedes.com.ar\/principal\/wp-json\/wp\/v2\/tags?post=90844"}],"curies":[{"name":"wp","href":"https:\/\/api.w.org\/{rel}","templated":true}]}}