{"id":90849,"date":"2019-04-05T20:17:49","date_gmt":"2019-04-05T23:17:49","guid":{"rendered":"http:\/\/www.hoymercedes.com.ar\/principal\/?p=90849"},"modified":"2019-04-05T20:40:54","modified_gmt":"2019-04-05T23:40:54","slug":"pabellon-de-marcos-paz-vencio-a-atilra-y-clasifico-a-semifinales","status":"publish","type":"post","link":"https:\/\/www.hoymercedes.com.ar\/principal\/2019\/04\/05\/pabellon-de-marcos-paz-vencio-a-atilra-y-clasifico-a-semifinales\/","title":{"rendered":"Pabell\u00f3n de Marcos Paz venci\u00f3 a ATILRA y clasific\u00f3 a semifinales"},"content":{"rendered":"\n<p>Se jug\u00f3 en la noche de este jueves el encuentro de vuelta de los cuartos de final del torneo Federaci\u00f3n Norte entre Pabell\u00f3n y ATILRA, encuentro que debi\u00f3 disputarse el domingo 31, pero fue postergado debido al fallecimiento de Jorge Lemos, arquero del conjunto de General Rodr\u00edguez.<\/p>\n\n\n\n<figure class=\"wp-block-image\"><img loading=\"lazy\" decoding=\"async\" width=\"1024\" height=\"767\" data-attachment-id=\"90850\" data-permalink=\"https:\/\/www.hoymercedes.com.ar\/principal\/2019\/04\/05\/pabellon-de-marcos-paz-vencio-a-atilra-y-clasifico-a-semifinales\/pabellon-federacion-1-2\/#main\" data-orig-file=\"https:\/\/www.hoymercedes.com.ar\/principal\/wp-content\/uploads\/2019\/04\/Pabell\u00f3n-Federacion-1.jpg\" data-orig-size=\"1080,809\" data-comments-opened=\"0\" data-image-meta=\"{&quot;aperture&quot;:&quot;0&quot;,&quot;credit&quot;:&quot;&quot;,&quot;camera&quot;:&quot;&quot;,&quot;caption&quot;:&quot;&quot;,&quot;created_timestamp&quot;:&quot;0&quot;,&quot;copyright&quot;:&quot;&quot;,&quot;focal_length&quot;:&quot;0&quot;,&quot;iso&quot;:&quot;0&quot;,&quot;shutter_speed&quot;:&quot;0&quot;,&quot;title&quot;:&quot;&quot;,&quot;orientation&quot;:&quot;0&quot;}\" data-image-title=\"Pabell\u00f3n Federacion 1\" data-image-description=\"\" data-image-caption=\"\" data-large-file=\"https:\/\/www.hoymercedes.com.ar\/principal\/wp-content\/uploads\/2019\/04\/Pabell\u00f3n-Federacion-1-1024x767.jpg\" src=\"https:\/\/www.hoymercedes.com.ar\/principal\/wp-content\/uploads\/2019\/04\/Pabell\u00f3n-Federacion-1-1024x767.jpg\" alt=\"\" class=\"wp-image-90850\" srcset=\"https:\/\/www.hoymercedes.com.ar\/principal\/wp-content\/uploads\/2019\/04\/Pabell\u00f3n-Federacion-1-1024x767.jpg 1024w, https:\/\/www.hoymercedes.com.ar\/principal\/wp-content\/uploads\/2019\/04\/Pabell\u00f3n-Federacion-1-150x112.jpg 150w, https:\/\/www.hoymercedes.com.ar\/principal\/wp-content\/uploads\/2019\/04\/Pabell\u00f3n-Federacion-1-630x472.jpg 630w, https:\/\/www.hoymercedes.com.ar\/principal\/wp-content\/uploads\/2019\/04\/Pabell\u00f3n-Federacion-1-320x240.jpg 320w, https:\/\/www.hoymercedes.com.ar\/principal\/wp-content\/uploads\/2019\/04\/Pabell\u00f3n-Federacion-1-100x75.jpg 100w, https:\/\/www.hoymercedes.com.ar\/principal\/wp-content\/uploads\/2019\/04\/Pabell\u00f3n-Federacion-1.jpg 1080w\" sizes=\"auto, (max-width: 1024px) 100vw, 1024px\" \/><\/figure>\n\n\n\n<p>Luego de que en la ida ganara el Lechero por 1 a 0 en cancha de la Liga Mercedina, Pabell\u00f3n lo dio vuelta en su propio estadio al vencer por 3 a 1 con goles de Romero Carhu\u00e9, Mauro Vigliarolo y Bernardo Paulerena. Tras el gol de este \u00faltimo, de tiro libre a los 45 del segundo tiempo, la airosa protesta de los visitantes termin\u00f3 con la expulsi\u00f3n de dos y la gresca generalizada oblig\u00f3 a la suspensi\u00f3n del mismo, que hace pensar que el Tribunal de Penas dar\u00e1 por finalizado el encuentro con la correspondiente sanci\u00f3n a ATILRA y la clasificaci\u00f3n a Pabell\u00f3n.<\/p>\n\n\n\n<p>Sarmiento de Z\u00e1rate y 12 de Octubre de San Nicol\u00e1s igualaron 1 a 1, pero por el 2 a 0 de la ida, el cuadro nicole\u00f1o pas\u00f3 de instancia. En otro cruce, La Sonia de Escobar, tras un empate sin goles frente a Social Obrera de Z\u00e1rate se convirti\u00f3 en clasificado el conjunto de la Liga de Escobar con el 3-1 de la ida.<\/p>\n\n\n\n<p>Por su parte, La Josefa de Campana cay\u00f3 2 a 1 ante Las Palmeras de San Pedro, pero el 3 a 1 en el primer partido permiti\u00f3 que los campanenses sean otro de los semifinalistas.<\/p>\n\n\n\n<p>La Josefa ser\u00e1 rival de Pabell\u00f3n. El primer partido ser\u00e1 en Campana, el segundo en Marcos Paz. La otra semi la jugar\u00e1n 12 de Octubre de San Nicolas y La Sonia de Escobar.<\/p>\n","protected":false},"excerpt":{"rendered":"<p>Se jug\u00f3 en la noche de este jueves el encuentro de vuelta de los cuartos de final del torneo Federaci\u00f3n &#8230; <a title=\"Pabell\u00f3n de Marcos Paz venci\u00f3 a ATILRA y clasific\u00f3 a semifinales\" class=\"read-more\" href=\"https:\/\/www.hoymercedes.com.ar\/principal\/2019\/04\/05\/pabellon-de-marcos-paz-vencio-a-atilra-y-clasifico-a-semifinales\/\" aria-label=\"Leer m\u00e1s sobre Pabell\u00f3n de Marcos Paz venci\u00f3 a ATILRA y clasific\u00f3 a semifinales\">Leer m\u00e1s<\/a><\/p>\n","protected":false},"author":1,"featured_media":90850,"comment_status":"closed","ping_status":"open","sticky":false,"template":"","format":"standard","meta":{"_monsterinsights_skip_tracking":false,"_monsterinsights_sitenote_active":false,"_monsterinsights_sitenote_note":"","_monsterinsights_sitenote_category":0,"jetpack_post_was_ever_published":false,"_jetpack_newsletter_access":"","_jetpack_dont_email_post_to_subs":false,"_jetpack_newsletter_tier_id":0,"_jetpack_memberships_contains_paywalled_content":false,"_jetpack_memberships_contains_paid_content":false,"footnotes":"","jetpack_publicize_message":"","jetpack_publicize_feature_enabled":true,"jetpack_social_post_already_shared":true,"jetpack_social_options":{"image_generator_settings":{"template":"highway","default_image_id":0,"font":"","enabled":false},"version":2},"_wpas_customize_per_network":false},"categories":[21],"tags":[],"class_list":["post-90849","post","type-post","status-publish","format-standard","has-post-thumbnail","hentry","category-deportes","generate-columns","tablet-grid-50","mobile-grid-100","grid-parent","grid-50"],"jetpack_publicize_connections":[],"jetpack_featured_media_url":"https:\/\/www.hoymercedes.com.ar\/principal\/wp-content\/uploads\/2019\/04\/Pabell\u00f3n-Federacion-1.jpg","wps_subtitle":"Federaci\u00f3n Norte","jetpack_sharing_enabled":true,"_links":{"self":[{"href":"https:\/\/www.hoymercedes.com.ar\/principal\/wp-json\/wp\/v2\/posts\/90849","targetHints":{"allow":["GET"]}}],"collection":[{"href":"https:\/\/www.hoymercedes.com.ar\/principal\/wp-json\/wp\/v2\/posts"}],"about":[{"href":"https:\/\/www.hoymercedes.com.ar\/principal\/wp-json\/wp\/v2\/types\/post"}],"author":[{"embeddable":true,"href":"https:\/\/www.hoymercedes.com.ar\/principal\/wp-json\/wp\/v2\/users\/1"}],"replies":[{"embeddable":true,"href":"https:\/\/www.hoymercedes.com.ar\/principal\/wp-json\/wp\/v2\/comments?post=90849"}],"version-history":[{"count":0,"href":"https:\/\/www.hoymercedes.com.ar\/principal\/wp-json\/wp\/v2\/posts\/90849\/revisions"}],"wp:featuredmedia":[{"embeddable":true,"href":"https:\/\/www.hoymercedes.com.ar\/principal\/wp-json\/wp\/v2\/media\/90850"}],"wp:attachment":[{"href":"https:\/\/www.hoymercedes.com.ar\/principal\/wp-json\/wp\/v2\/media?parent=90849"}],"wp:term":[{"taxonomy":"category","embeddable":true,"href":"https:\/\/www.hoymercedes.com.ar\/principal\/wp-json\/wp\/v2\/categories?post=90849"},{"taxonomy":"post_tag","embeddable":true,"href":"https:\/\/www.hoymercedes.com.ar\/principal\/wp-json\/wp\/v2\/tags?post=90849"}],"curies":[{"name":"wp","href":"https:\/\/api.w.org\/{rel}","templated":true}]}}