{"id":90871,"date":"2019-04-06T09:51:24","date_gmt":"2019-04-06T12:51:24","guid":{"rendered":"http:\/\/www.hoymercedes.com.ar\/principal\/?p=90871"},"modified":"2019-04-06T14:51:00","modified_gmt":"2019-04-06T17:51:00","slug":"inicio-nuevo-ciclo-de-talleres-en-lengua-de-senas","status":"publish","type":"post","link":"https:\/\/www.hoymercedes.com.ar\/principal\/2019\/04\/06\/inicio-nuevo-ciclo-de-talleres-en-lengua-de-senas\/","title":{"rendered":"Inici\u00f3 nuevo ciclo de talleres en lengua de se\u00f1as"},"content":{"rendered":"\n<p>Desde la Direcci\u00f3n de Discapacidad se dio inicio a un nuevo taller gratuito de lengua de se\u00f1as. Huno una previa inscripci\u00f3n con 400 vecinos interesados en la propuesta. El curso comenz\u00f3 el viernes 5 de abril en  distintas sedes y horarios pero el acto protocolar se hizo en el teatro con todos los inscriptos. <\/p>\n\n\n\n<figure class=\"wp-block-image\"><img loading=\"lazy\" decoding=\"async\" width=\"750\" height=\"500\" data-attachment-id=\"90872\" data-permalink=\"https:\/\/www.hoymercedes.com.ar\/principal\/2019\/04\/06\/inicio-nuevo-ciclo-de-talleres-en-lengua-de-senas\/06-senas\/#main\" data-orig-file=\"https:\/\/www.hoymercedes.com.ar\/principal\/wp-content\/uploads\/2019\/04\/06-se\u00f1as.jpg\" data-orig-size=\"750,500\" data-comments-opened=\"0\" data-image-meta=\"{&quot;aperture&quot;:&quot;0&quot;,&quot;credit&quot;:&quot;&quot;,&quot;camera&quot;:&quot;&quot;,&quot;caption&quot;:&quot;&quot;,&quot;created_timestamp&quot;:&quot;0&quot;,&quot;copyright&quot;:&quot;&quot;,&quot;focal_length&quot;:&quot;0&quot;,&quot;iso&quot;:&quot;0&quot;,&quot;shutter_speed&quot;:&quot;0&quot;,&quot;title&quot;:&quot;&quot;,&quot;orientation&quot;:&quot;0&quot;}\" data-image-title=\"06 se\u00f1as\" data-image-description=\"\" data-image-caption=\"\" data-large-file=\"https:\/\/www.hoymercedes.com.ar\/principal\/wp-content\/uploads\/2019\/04\/06-se\u00f1as.jpg\" src=\"https:\/\/www.hoymercedes.com.ar\/principal\/wp-content\/uploads\/2019\/04\/06-se\u00f1as.jpg\" alt=\"\" class=\"wp-image-90872\" srcset=\"https:\/\/www.hoymercedes.com.ar\/principal\/wp-content\/uploads\/2019\/04\/06-se\u00f1as.jpg 750w, https:\/\/www.hoymercedes.com.ar\/principal\/wp-content\/uploads\/2019\/04\/06-se\u00f1as-150x100.jpg 150w, https:\/\/www.hoymercedes.com.ar\/principal\/wp-content\/uploads\/2019\/04\/06-se\u00f1as-630x420.jpg 630w, https:\/\/www.hoymercedes.com.ar\/principal\/wp-content\/uploads\/2019\/04\/06-se\u00f1as-720x480.jpg 720w, https:\/\/www.hoymercedes.com.ar\/principal\/wp-content\/uploads\/2019\/04\/06-se\u00f1as-360x240.jpg 360w\" sizes=\"auto, (max-width: 750px) 100vw, 750px\" \/><\/figure>\n\n\n\n<p>Durante el acto de inicio del ciclo del curso, el Jefe Comunal Juan Ignacio Ustarroz destac\u00f3 ante los presentes que la cantidad de inscriptos e interesados en aprender la lengua de se\u00f1as \u00abhabla muy bien de nuestra sociedad que cada vez se compromete y se integra, algo que remarca que somos una sociedad inclusiva\u201d.<\/p>\n\n\n\n<p>A su lado, la Directora de Discapacidad, Tatiana L\u00f3pez resalt\u00f3 el hecho de haber superado las expectativas. \u00abHay m\u00e1s de 500 personas inscriptas, entre ellos m\u00e1s de 50 chicos. Nosotros tratamos de formar y acompa\u00f1ar para que la inclusi\u00f3n sea verdadera\u00bb, agreg\u00f3 la funcionaria sobre el escario del teatro d\u00e1ndole la bienvenida a los inscriptos acompa\u00f1ada del Intendente, la Concejala Celeste Burone y la responsable de brindar el curso Paloma.  \u00a0\u00a0 <\/p>\n","protected":false},"excerpt":{"rendered":"<p>Desde la Direcci\u00f3n de Discapacidad se dio inicio a un nuevo taller gratuito de lengua de se\u00f1as. Huno una previa &#8230; <a title=\"Inici\u00f3 nuevo ciclo de talleres en lengua de se\u00f1as\" class=\"read-more\" href=\"https:\/\/www.hoymercedes.com.ar\/principal\/2019\/04\/06\/inicio-nuevo-ciclo-de-talleres-en-lengua-de-senas\/\" aria-label=\"Leer m\u00e1s sobre Inici\u00f3 nuevo ciclo de talleres en lengua de se\u00f1as\">Leer m\u00e1s<\/a><\/p>\n","protected":false},"author":1,"featured_media":90872,"comment_status":"closed","ping_status":"open","sticky":false,"template":"","format":"standard","meta":{"_monsterinsights_skip_tracking":false,"_monsterinsights_sitenote_active":false,"_monsterinsights_sitenote_note":"","_monsterinsights_sitenote_category":0,"jetpack_post_was_ever_published":false,"_jetpack_newsletter_access":"","_jetpack_dont_email_post_to_subs":false,"_jetpack_newsletter_tier_id":0,"_jetpack_memberships_contains_paywalled_content":false,"_jetpack_memberships_contains_paid_content":false,"footnotes":"","jetpack_publicize_message":"","jetpack_publicize_feature_enabled":true,"jetpack_social_post_already_shared":true,"jetpack_social_options":{"image_generator_settings":{"template":"highway","default_image_id":0,"font":"","enabled":false},"version":2},"_wpas_customize_per_network":false},"categories":[30],"tags":[14817,1927,244],"class_list":["post-90871","post","type-post","status-publish","format-standard","has-post-thumbnail","hentry","category-municipio","tag-curso-de-lengua-de-senas","tag-direccion-de-discapacidad","tag-municipio-2","generate-columns","tablet-grid-50","mobile-grid-100","grid-parent","grid-50"],"jetpack_publicize_connections":[],"jetpack_featured_media_url":"https:\/\/www.hoymercedes.com.ar\/principal\/wp-content\/uploads\/2019\/04\/06-se\u00f1as.jpg","wps_subtitle":"M\u00e1s de 500 inscriptos","jetpack_sharing_enabled":true,"_links":{"self":[{"href":"https:\/\/www.hoymercedes.com.ar\/principal\/wp-json\/wp\/v2\/posts\/90871","targetHints":{"allow":["GET"]}}],"collection":[{"href":"https:\/\/www.hoymercedes.com.ar\/principal\/wp-json\/wp\/v2\/posts"}],"about":[{"href":"https:\/\/www.hoymercedes.com.ar\/principal\/wp-json\/wp\/v2\/types\/post"}],"author":[{"embeddable":true,"href":"https:\/\/www.hoymercedes.com.ar\/principal\/wp-json\/wp\/v2\/users\/1"}],"replies":[{"embeddable":true,"href":"https:\/\/www.hoymercedes.com.ar\/principal\/wp-json\/wp\/v2\/comments?post=90871"}],"version-history":[{"count":0,"href":"https:\/\/www.hoymercedes.com.ar\/principal\/wp-json\/wp\/v2\/posts\/90871\/revisions"}],"wp:featuredmedia":[{"embeddable":true,"href":"https:\/\/www.hoymercedes.com.ar\/principal\/wp-json\/wp\/v2\/media\/90872"}],"wp:attachment":[{"href":"https:\/\/www.hoymercedes.com.ar\/principal\/wp-json\/wp\/v2\/media?parent=90871"}],"wp:term":[{"taxonomy":"category","embeddable":true,"href":"https:\/\/www.hoymercedes.com.ar\/principal\/wp-json\/wp\/v2\/categories?post=90871"},{"taxonomy":"post_tag","embeddable":true,"href":"https:\/\/www.hoymercedes.com.ar\/principal\/wp-json\/wp\/v2\/tags?post=90871"}],"curies":[{"name":"wp","href":"https:\/\/api.w.org\/{rel}","templated":true}]}}