{"id":90874,"date":"2019-04-06T12:34:34","date_gmt":"2019-04-06T15:34:34","guid":{"rendered":"http:\/\/www.hoymercedes.com.ar\/principal\/?p=90874"},"modified":"2019-04-06T14:50:05","modified_gmt":"2019-04-06T17:50:05","slug":"veteranos-recibieron-recaudacion-de-la-pena-solidaria-realizada-por-los-amigos-peneros","status":"publish","type":"post","link":"https:\/\/www.hoymercedes.com.ar\/principal\/2019\/04\/06\/veteranos-recibieron-recaudacion-de-la-pena-solidaria-realizada-por-los-amigos-peneros\/","title":{"rendered":"Veteranos recibieron recaudaci\u00f3n de la pe\u00f1a solidaria realizada por los Amigos Pe\u00f1eros"},"content":{"rendered":"\n<p>Durante el mediod\u00eda del d\u00eda viernes, los Amigos Pe\u00f1eros le entregaron al Centro de Veteranos de Malvinas de Mercedes la recaudaci\u00f3n de la Pe\u00f1a Solidaria realizada el lunes previo, vigilia al 2 de abril. Poco m\u00e1s de 100 mil pesos fue el total entregado que le permitir\u00e1 la construcci\u00f3n de la Casa de los Veteranos, espacio que cuenta con la entrega de materiales brindado por la Municipalidad de Mercedes. <\/p>\n\n\n\n<figure class=\"wp-block-image\"><img loading=\"lazy\" decoding=\"async\" width=\"750\" height=\"500\" data-attachment-id=\"90875\" data-permalink=\"https:\/\/www.hoymercedes.com.ar\/principal\/2019\/04\/06\/veteranos-recibieron-recaudacion-de-la-pena-solidaria-realizada-por-los-amigos-peneros\/06-veteranos-peneros\/#main\" data-orig-file=\"https:\/\/www.hoymercedes.com.ar\/principal\/wp-content\/uploads\/2019\/04\/06-veteranos-pe\u00f1eros.jpg\" data-orig-size=\"750,500\" data-comments-opened=\"0\" data-image-meta=\"{&quot;aperture&quot;:&quot;2&quot;,&quot;credit&quot;:&quot;&quot;,&quot;camera&quot;:&quot;Moto G (5S) Plus&quot;,&quot;caption&quot;:&quot;&quot;,&quot;created_timestamp&quot;:&quot;1554466318&quot;,&quot;copyright&quot;:&quot;&quot;,&quot;focal_length&quot;:&quot;3.59&quot;,&quot;iso&quot;:&quot;971&quot;,&quot;shutter_speed&quot;:&quot;0.05&quot;,&quot;title&quot;:&quot;&quot;,&quot;orientation&quot;:&quot;1&quot;}\" data-image-title=\"06 veteranos pe\u00f1eros\" data-image-description=\"\" data-image-caption=\"\" data-large-file=\"https:\/\/www.hoymercedes.com.ar\/principal\/wp-content\/uploads\/2019\/04\/06-veteranos-pe\u00f1eros.jpg\" src=\"https:\/\/www.hoymercedes.com.ar\/principal\/wp-content\/uploads\/2019\/04\/06-veteranos-pe\u00f1eros.jpg\" alt=\"\" class=\"wp-image-90875\" srcset=\"https:\/\/www.hoymercedes.com.ar\/principal\/wp-content\/uploads\/2019\/04\/06-veteranos-pe\u00f1eros.jpg 750w, https:\/\/www.hoymercedes.com.ar\/principal\/wp-content\/uploads\/2019\/04\/06-veteranos-pe\u00f1eros-150x100.jpg 150w, https:\/\/www.hoymercedes.com.ar\/principal\/wp-content\/uploads\/2019\/04\/06-veteranos-pe\u00f1eros-630x420.jpg 630w, https:\/\/www.hoymercedes.com.ar\/principal\/wp-content\/uploads\/2019\/04\/06-veteranos-pe\u00f1eros-720x480.jpg 720w, https:\/\/www.hoymercedes.com.ar\/principal\/wp-content\/uploads\/2019\/04\/06-veteranos-pe\u00f1eros-360x240.jpg 360w\" sizes=\"auto, (max-width: 750px) 100vw, 750px\" \/><\/figure>\n\n\n\n<p>A trav\u00e9s de un encuentro con los medios, el Centro de Veteranos de Malvinas, los Amigos Pe\u00f1eros y el Jefe de Gabinete Mat\u00edas Dematei, agradecieron a quienes participaron de la pe\u00f1a solidaria y contaron que se quedaron \u00abcortos\u00bb con los bonos vendidos pero que igual muchos de los presentes consumieron en la cantina, recaudaci\u00f3n que tambi\u00e9n se entreg\u00f3 a los Veteranos. <\/p>\n\n\n\n<p>La recaudaci\u00f3n entregada fue de 100.026 pesos y esperan el pr\u00f3ximo a\u00f1o hacer nuevamente una vigilia a la espera del 2 de abril. <\/p>\n\n\n\n<p><strong>Helic\u00f3ptero durante el acto del 2 de abril<\/strong><\/p>\n\n\n\n<p>En plena conferencia de prensa, el titular del Centro de Veteranos de Malvinas, Sergio Cestari, fue consultado por el vuelo del helic\u00f3ptero que sorprendi\u00f3 a los asistentes al acto en 29 y 50. \u00abTanto el Centro de Veteranos de Guerra de Mercedes, como el Municipio no ten\u00edamos conocimiento de lo que sucedi\u00f3. Eso no estaba en el protocolo\u201d, expres\u00f3 que no dud\u00f3 en que fuese un homenaje por parte del Ej\u00e9rcito, del cual ellos no ten\u00edan conocimiento previo. <\/p>\n\n\n\n<p>A su lado, el funcionario municipal anunci\u00f3 que desde la Comuna solicitaron informaci\u00f3n de parte de las autoridades del Ej\u00e9rcito Argentino puesto que consideran que la baja altura del vuelo podr\u00eda haber causado alg\u00fan da\u00f1o a los presentes y un potencial riesgo en caso de una mala maniobra. <\/p>\n","protected":false},"excerpt":{"rendered":"<p>Durante el mediod\u00eda del d\u00eda viernes, los Amigos Pe\u00f1eros le entregaron al Centro de Veteranos de Malvinas de Mercedes la &#8230; <a title=\"Veteranos recibieron recaudaci\u00f3n de la pe\u00f1a solidaria realizada por los Amigos Pe\u00f1eros\" class=\"read-more\" href=\"https:\/\/www.hoymercedes.com.ar\/principal\/2019\/04\/06\/veteranos-recibieron-recaudacion-de-la-pena-solidaria-realizada-por-los-amigos-peneros\/\" aria-label=\"Leer m\u00e1s sobre Veteranos recibieron recaudaci\u00f3n de la pe\u00f1a solidaria realizada por los Amigos Pe\u00f1eros\">Leer m\u00e1s<\/a><\/p>\n","protected":false},"author":1,"featured_media":90875,"comment_status":"closed","ping_status":"open","sticky":false,"template":"","format":"standard","meta":{"_monsterinsights_skip_tracking":false,"_monsterinsights_sitenote_active":false,"_monsterinsights_sitenote_note":"","_monsterinsights_sitenote_category":0,"jetpack_post_was_ever_published":false,"_jetpack_newsletter_access":"","_jetpack_dont_email_post_to_subs":false,"_jetpack_newsletter_tier_id":0,"_jetpack_memberships_contains_paywalled_content":false,"_jetpack_memberships_contains_paid_content":false,"footnotes":"","jetpack_publicize_message":"","jetpack_publicize_feature_enabled":true,"jetpack_social_post_already_shared":true,"jetpack_social_options":{"image_generator_settings":{"template":"highway","default_image_id":0,"font":"","enabled":false},"version":2},"_wpas_customize_per_network":false},"categories":[8],"tags":[12231,14753,14816,7802],"class_list":["post-90874","post","type-post","status-publish","format-standard","has-post-thumbnail","hentry","category-sociedad","tag-amigos-peneros","tag-centro-de-veteranos-de-malvinas","tag-penna-folclorica","tag-sociedad","generate-columns","tablet-grid-50","mobile-grid-100","grid-parent","grid-50"],"jetpack_publicize_connections":[],"jetpack_featured_media_url":"https:\/\/www.hoymercedes.com.ar\/principal\/wp-content\/uploads\/2019\/04\/06-veteranos-pe\u00f1eros.jpg","wps_subtitle":"M\u00e1s de 100 mil pesos recaudados","jetpack_sharing_enabled":true,"_links":{"self":[{"href":"https:\/\/www.hoymercedes.com.ar\/principal\/wp-json\/wp\/v2\/posts\/90874","targetHints":{"allow":["GET"]}}],"collection":[{"href":"https:\/\/www.hoymercedes.com.ar\/principal\/wp-json\/wp\/v2\/posts"}],"about":[{"href":"https:\/\/www.hoymercedes.com.ar\/principal\/wp-json\/wp\/v2\/types\/post"}],"author":[{"embeddable":true,"href":"https:\/\/www.hoymercedes.com.ar\/principal\/wp-json\/wp\/v2\/users\/1"}],"replies":[{"embeddable":true,"href":"https:\/\/www.hoymercedes.com.ar\/principal\/wp-json\/wp\/v2\/comments?post=90874"}],"version-history":[{"count":0,"href":"https:\/\/www.hoymercedes.com.ar\/principal\/wp-json\/wp\/v2\/posts\/90874\/revisions"}],"wp:featuredmedia":[{"embeddable":true,"href":"https:\/\/www.hoymercedes.com.ar\/principal\/wp-json\/wp\/v2\/media\/90875"}],"wp:attachment":[{"href":"https:\/\/www.hoymercedes.com.ar\/principal\/wp-json\/wp\/v2\/media?parent=90874"}],"wp:term":[{"taxonomy":"category","embeddable":true,"href":"https:\/\/www.hoymercedes.com.ar\/principal\/wp-json\/wp\/v2\/categories?post=90874"},{"taxonomy":"post_tag","embeddable":true,"href":"https:\/\/www.hoymercedes.com.ar\/principal\/wp-json\/wp\/v2\/tags?post=90874"}],"curies":[{"name":"wp","href":"https:\/\/api.w.org\/{rel}","templated":true}]}}