{"id":90886,"date":"2019-04-06T20:45:28","date_gmt":"2019-04-06T23:45:28","guid":{"rendered":"http:\/\/www.hoymercedes.com.ar\/principal\/?p=90886"},"modified":"2019-04-06T21:45:34","modified_gmt":"2019-04-07T00:45:34","slug":"recuperan-los-cuerpos-de-los-jovenes-ahogados-en-la-cava","status":"publish","type":"post","link":"https:\/\/www.hoymercedes.com.ar\/principal\/2019\/04\/06\/recuperan-los-cuerpos-de-los-jovenes-ahogados-en-la-cava\/","title":{"rendered":"Recuperan los cuerpos de los j\u00f3venes ahogados en la cava"},"content":{"rendered":"\n<figure class=\"wp-block-image\"><img loading=\"lazy\" decoding=\"async\" width=\"1024\" height=\"768\" data-attachment-id=\"90887\" data-permalink=\"https:\/\/www.hoymercedes.com.ar\/principal\/2019\/04\/06\/recuperan-los-cuerpos-de-los-jovenes-ahogados-en-la-cava\/proteccion-cava-2\/#main\" data-orig-file=\"https:\/\/www.hoymercedes.com.ar\/principal\/wp-content\/uploads\/2019\/04\/proteccion.cava_.2.jpeg\" data-orig-size=\"1040,780\" data-comments-opened=\"0\" data-image-meta=\"{&quot;aperture&quot;:&quot;0&quot;,&quot;credit&quot;:&quot;&quot;,&quot;camera&quot;:&quot;&quot;,&quot;caption&quot;:&quot;&quot;,&quot;created_timestamp&quot;:&quot;0&quot;,&quot;copyright&quot;:&quot;&quot;,&quot;focal_length&quot;:&quot;0&quot;,&quot;iso&quot;:&quot;0&quot;,&quot;shutter_speed&quot;:&quot;0&quot;,&quot;title&quot;:&quot;&quot;,&quot;orientation&quot;:&quot;0&quot;}\" data-image-title=\"proteccion.cava.2\" data-image-description=\"\" data-image-caption=\"\" data-large-file=\"https:\/\/www.hoymercedes.com.ar\/principal\/wp-content\/uploads\/2019\/04\/proteccion.cava_.2-1024x768.jpeg\" src=\"https:\/\/www.hoymercedes.com.ar\/principal\/wp-content\/uploads\/2019\/04\/proteccion.cava_.2-1024x768.jpeg\" alt=\"\" class=\"wp-image-90887\" srcset=\"https:\/\/www.hoymercedes.com.ar\/principal\/wp-content\/uploads\/2019\/04\/proteccion.cava_.2-1024x768.jpeg 1024w, https:\/\/www.hoymercedes.com.ar\/principal\/wp-content\/uploads\/2019\/04\/proteccion.cava_.2-150x113.jpeg 150w, https:\/\/www.hoymercedes.com.ar\/principal\/wp-content\/uploads\/2019\/04\/proteccion.cava_.2-630x473.jpeg 630w, https:\/\/www.hoymercedes.com.ar\/principal\/wp-content\/uploads\/2019\/04\/proteccion.cava_.2-320x240.jpeg 320w, https:\/\/www.hoymercedes.com.ar\/principal\/wp-content\/uploads\/2019\/04\/proteccion.cava_.2-100x75.jpeg 100w, https:\/\/www.hoymercedes.com.ar\/principal\/wp-content\/uploads\/2019\/04\/proteccion.cava_.2.jpeg 1040w\" sizes=\"auto, (max-width: 1024px) 100vw, 1024px\" \/><\/figure>\n\n\n\n<p>Finalmente se confirm\u00f3 el peor de los escenarios al encontrarse los cuerpos de los dos masculino perdidos en el agua de la denominada cava 2 en Tom\u00e1s Jofr\u00e9 mientras se encontraban pescando en el d\u00eda de ayer viernes. Tras una dura tarea de los bomberos voluntarios, protecci\u00f3n civil municipal, polic\u00eda y buzos provenientes de localidades vecinas. <\/p>\n\n\n\n<p>Las v\u00edctimas fueron identificadas\ncomo Nicol\u00e1s Sim\u00f3n de 21 a\u00f1os y Carlos Freitas de 24 a\u00f1os, siendo uno de\nnacionalidad argentina y el otro venezolano. <\/p>\n\n\n\n<p>La cava est\u00e1 cerca de la ruta 42\ny all\u00ed hab\u00edan estado pescando con amigos y la novia del joven de nacionalidad venezolana.\nUno de los amigos logr\u00f3 ser rescatado al quedar en una suerte de islote,\nmientras que los otros dos fueron al fondo del agua, se supo extra\noficialmente, cuando nadaban en el lugar. <\/p>\n\n\n\n<figure class=\"wp-block-image\"><img loading=\"lazy\" decoding=\"async\" width=\"1024\" height=\"768\" data-attachment-id=\"90888\" data-permalink=\"https:\/\/www.hoymercedes.com.ar\/principal\/2019\/04\/06\/recuperan-los-cuerpos-de-los-jovenes-ahogados-en-la-cava\/proteccion-cava-1\/#main\" data-orig-file=\"https:\/\/www.hoymercedes.com.ar\/principal\/wp-content\/uploads\/2019\/04\/proteccion.cava_.1.jpeg\" data-orig-size=\"1040,780\" data-comments-opened=\"0\" data-image-meta=\"{&quot;aperture&quot;:&quot;0&quot;,&quot;credit&quot;:&quot;&quot;,&quot;camera&quot;:&quot;&quot;,&quot;caption&quot;:&quot;&quot;,&quot;created_timestamp&quot;:&quot;0&quot;,&quot;copyright&quot;:&quot;&quot;,&quot;focal_length&quot;:&quot;0&quot;,&quot;iso&quot;:&quot;0&quot;,&quot;shutter_speed&quot;:&quot;0&quot;,&quot;title&quot;:&quot;&quot;,&quot;orientation&quot;:&quot;0&quot;}\" data-image-title=\"proteccion.cava.1\" data-image-description=\"\" data-image-caption=\"\" data-large-file=\"https:\/\/www.hoymercedes.com.ar\/principal\/wp-content\/uploads\/2019\/04\/proteccion.cava_.1-1024x768.jpeg\" src=\"https:\/\/www.hoymercedes.com.ar\/principal\/wp-content\/uploads\/2019\/04\/proteccion.cava_.1-1024x768.jpeg\" alt=\"\" class=\"wp-image-90888\" srcset=\"https:\/\/www.hoymercedes.com.ar\/principal\/wp-content\/uploads\/2019\/04\/proteccion.cava_.1-1024x768.jpeg 1024w, https:\/\/www.hoymercedes.com.ar\/principal\/wp-content\/uploads\/2019\/04\/proteccion.cava_.1-150x113.jpeg 150w, https:\/\/www.hoymercedes.com.ar\/principal\/wp-content\/uploads\/2019\/04\/proteccion.cava_.1-630x473.jpeg 630w, https:\/\/www.hoymercedes.com.ar\/principal\/wp-content\/uploads\/2019\/04\/proteccion.cava_.1-320x240.jpeg 320w, https:\/\/www.hoymercedes.com.ar\/principal\/wp-content\/uploads\/2019\/04\/proteccion.cava_.1-100x75.jpeg 100w, https:\/\/www.hoymercedes.com.ar\/principal\/wp-content\/uploads\/2019\/04\/proteccion.cava_.1.jpeg 1040w\" sizes=\"auto, (max-width: 1024px) 100vw, 1024px\" \/><\/figure>\n\n\n\n<p>Durante toda la tarde del viernes\nbuscaron y retomaron a las 07.00hs del s\u00e1bado. Primero hallaron uno de los\ncuerpos y tras un largo rato de b\u00fasqueda el segundo. &nbsp;<\/p>\n\n\n\n<p>Los cuerpos fueron entregados a\nla Polic\u00eda y se realiz\u00f3 el habitual proceso judicial, m\u00e1s all\u00e1 de que las\ncausas est\u00e1n claras especialmente por los testigos del caso. <\/p>\n","protected":false},"excerpt":{"rendered":"<p>Finalmente se confirm\u00f3 el peor de los escenarios al encontrarse los cuerpos de los dos masculino perdidos en el agua &#8230; <a title=\"Recuperan los cuerpos de los j\u00f3venes ahogados en la cava\" class=\"read-more\" href=\"https:\/\/www.hoymercedes.com.ar\/principal\/2019\/04\/06\/recuperan-los-cuerpos-de-los-jovenes-ahogados-en-la-cava\/\" aria-label=\"Leer m\u00e1s sobre Recuperan los cuerpos de los j\u00f3venes ahogados en la cava\">Leer m\u00e1s<\/a><\/p>\n","protected":false},"author":1,"featured_media":90887,"comment_status":"closed","ping_status":"open","sticky":false,"template":"","format":"standard","meta":{"_monsterinsights_skip_tracking":false,"_monsterinsights_sitenote_active":false,"_monsterinsights_sitenote_note":"","_monsterinsights_sitenote_category":0,"jetpack_post_was_ever_published":false,"_jetpack_newsletter_access":"","_jetpack_dont_email_post_to_subs":false,"_jetpack_newsletter_tier_id":0,"_jetpack_memberships_contains_paywalled_content":false,"_jetpack_memberships_contains_paid_content":false,"footnotes":"","jetpack_publicize_message":"","jetpack_publicize_feature_enabled":true,"jetpack_social_post_already_shared":true,"jetpack_social_options":{"image_generator_settings":{"template":"highway","default_image_id":0,"font":"","enabled":false},"version":2},"_wpas_customize_per_network":false},"categories":[85],"tags":[14819,4128,9122],"class_list":["post-90886","post","type-post","status-publish","format-standard","has-post-thumbnail","hentry","category-policial","tag-ahogados-cava","tag-bomberos","tag-proteccion-civil","generate-columns","tablet-grid-50","mobile-grid-100","grid-parent","grid-50"],"jetpack_publicize_connections":[],"jetpack_featured_media_url":"https:\/\/www.hoymercedes.com.ar\/principal\/wp-content\/uploads\/2019\/04\/proteccion.cava_.2.jpeg","wps_subtitle":"El peor final ","jetpack_sharing_enabled":true,"_links":{"self":[{"href":"https:\/\/www.hoymercedes.com.ar\/principal\/wp-json\/wp\/v2\/posts\/90886","targetHints":{"allow":["GET"]}}],"collection":[{"href":"https:\/\/www.hoymercedes.com.ar\/principal\/wp-json\/wp\/v2\/posts"}],"about":[{"href":"https:\/\/www.hoymercedes.com.ar\/principal\/wp-json\/wp\/v2\/types\/post"}],"author":[{"embeddable":true,"href":"https:\/\/www.hoymercedes.com.ar\/principal\/wp-json\/wp\/v2\/users\/1"}],"replies":[{"embeddable":true,"href":"https:\/\/www.hoymercedes.com.ar\/principal\/wp-json\/wp\/v2\/comments?post=90886"}],"version-history":[{"count":0,"href":"https:\/\/www.hoymercedes.com.ar\/principal\/wp-json\/wp\/v2\/posts\/90886\/revisions"}],"wp:featuredmedia":[{"embeddable":true,"href":"https:\/\/www.hoymercedes.com.ar\/principal\/wp-json\/wp\/v2\/media\/90887"}],"wp:attachment":[{"href":"https:\/\/www.hoymercedes.com.ar\/principal\/wp-json\/wp\/v2\/media?parent=90886"}],"wp:term":[{"taxonomy":"category","embeddable":true,"href":"https:\/\/www.hoymercedes.com.ar\/principal\/wp-json\/wp\/v2\/categories?post=90886"},{"taxonomy":"post_tag","embeddable":true,"href":"https:\/\/www.hoymercedes.com.ar\/principal\/wp-json\/wp\/v2\/tags?post=90886"}],"curies":[{"name":"wp","href":"https:\/\/api.w.org\/{rel}","templated":true}]}}