{"id":9091,"date":"2011-11-13T19:38:16","date_gmt":"2011-11-13T19:38:16","guid":{"rendered":"http:\/\/www.hoymercedes.com.ar\/principal\/?p=9091"},"modified":"2011-11-13T19:38:16","modified_gmt":"2011-11-13T19:38:16","slug":"confirman-detalles-de-la-fiesta-nacional-del-durazno","status":"publish","type":"post","link":"https:\/\/www.hoymercedes.com.ar\/principal\/2011\/11\/13\/confirman-detalles-de-la-fiesta-nacional-del-durazno\/","title":{"rendered":"Confirman detalles de la Fiesta Nacional del Durazno"},"content":{"rendered":"<p>Luego de una reuni\u00f3n del Intendente, Carlos Selva con los integrantes de la Comisi\u00f3n Organizadora. Resaltan las participaciones de Los Nocheros y Miranda. Adem\u00e1s en el sector de productores funcionar\u00e1 una pe\u00f1a folkl\u00f3rica.<\/p>\n<p>Hace algunos d\u00edas tuvo lugar una reuni\u00f3n entre el Intendente, Carlos Selva y los integrantes de la Comisi\u00f3n Organizadora de la 36\u00ba Fiesta Nacional del Durazno con el objetivo de confirmar detalles de los preparativos. En este sentido el Jefe Comunal estuvo acompa\u00f1ado por los responsables de las diferentes \u00e1reas que participan: Marcelo Melo (Coordinador General y Turismo), Oscar L\u00f3pez (Producci\u00f3n), Fernando Pachiani (Artistas), Pablo Vera De Bonis (Prensa y Protocolo), N\u00e9stor Palacios (Ingresos), Esteban Rossi (Seguridad), Daniel Loch (Control e Inspecci\u00f3n) y Pedro Torres (Armado).<\/p>\n<p>Seg\u00fan indicaron la primera jornada estar\u00e1 comenzando el viernes 16 a las 19.30 horas con la tradicional inauguraci\u00f3n de la Carpa de Productores con el corte de cinta y la bendici\u00f3n de los productos. Posteriormente habr\u00e1 show de primer nivel relacionado con el tango y dem\u00e1s actividades en el escenario principal \u00c1ngel Cabral.<\/p>\n<p>El s\u00e1bado el predio abrir\u00e1 desde el mediod\u00eda y llegada la noche las actividades del escenario con show humor\u00edsticos, coronaci\u00f3n de la Reina de la Fiesta Nacional del Durazno, la premiaci\u00f3n del Durazno Campe\u00f3n y cerrando la actuaci\u00f3n especial de Los Nocheros con un show de fuegos artificiales.<\/p>\n<p>En la \u00faltima jornada tambi\u00e9n abrir\u00e1n el predio a las 12 horas, y desde las 18 hora el escenario mayor con diversas actuaciones locales y cerrando la participaci\u00f3n especial de Miranda.<\/p>\n<p><strong>Entradas<\/strong><\/p>\n<p>El costo de las entradas durante la Fiesta en el predio ser\u00e1 de: $ 20 viernes y $ 30 s\u00e1bado y domingo; tambi\u00e9n el d\u00eda del evento estar\u00e1 disponible un bono familiar con cuatro entradas por un valor de $ 100. Al mismo tiempo para las \u00faltimas dos jornadas podr\u00e1n adquirir las entradas anticipadas a $ 20 en la Direcci\u00f3n de Turismo (29 y 26).<\/p>\n","protected":false},"excerpt":{"rendered":"<p>Luego de una reuni\u00f3n del Intendente, Carlos Selva con los integrantes de la Comisi\u00f3n Organizadora. Resaltan las participaciones de Los &#8230; <a title=\"Confirman detalles de la Fiesta Nacional del Durazno\" class=\"read-more\" href=\"https:\/\/www.hoymercedes.com.ar\/principal\/2011\/11\/13\/confirman-detalles-de-la-fiesta-nacional-del-durazno\/\" aria-label=\"Leer m\u00e1s sobre Confirman detalles de la Fiesta Nacional del Durazno\">Leer m\u00e1s<\/a><\/p>\n","protected":false},"author":1,"featured_media":0,"comment_status":"open","ping_status":"open","sticky":false,"template":"","format":"standard","meta":{"_monsterinsights_skip_tracking":false,"_monsterinsights_sitenote_active":false,"_monsterinsights_sitenote_note":"","_monsterinsights_sitenote_category":0,"jetpack_post_was_ever_published":false,"_jetpack_newsletter_access":"","_jetpack_dont_email_post_to_subs":false,"_jetpack_newsletter_tier_id":0,"_jetpack_memberships_contains_paywalled_content":false,"_jetpack_memberships_contains_paid_content":false,"footnotes":"","jetpack_publicize_message":"","jetpack_publicize_feature_enabled":true,"jetpack_social_post_already_shared":false,"jetpack_social_options":{"image_generator_settings":{"template":"highway","default_image_id":0,"font":"","enabled":false},"version":2},"_wpas_customize_per_network":false},"categories":[30],"tags":[208],"class_list":["post-9091","post","type-post","status-publish","format-standard","hentry","category-municipio","tag-fiesta-del-durazno","generate-columns","tablet-grid-50","mobile-grid-100","grid-parent","grid-50"],"jetpack_publicize_connections":[],"jetpack_featured_media_url":"","wps_subtitle":"","jetpack_sharing_enabled":true,"_links":{"self":[{"href":"https:\/\/www.hoymercedes.com.ar\/principal\/wp-json\/wp\/v2\/posts\/9091","targetHints":{"allow":["GET"]}}],"collection":[{"href":"https:\/\/www.hoymercedes.com.ar\/principal\/wp-json\/wp\/v2\/posts"}],"about":[{"href":"https:\/\/www.hoymercedes.com.ar\/principal\/wp-json\/wp\/v2\/types\/post"}],"author":[{"embeddable":true,"href":"https:\/\/www.hoymercedes.com.ar\/principal\/wp-json\/wp\/v2\/users\/1"}],"replies":[{"embeddable":true,"href":"https:\/\/www.hoymercedes.com.ar\/principal\/wp-json\/wp\/v2\/comments?post=9091"}],"version-history":[{"count":0,"href":"https:\/\/www.hoymercedes.com.ar\/principal\/wp-json\/wp\/v2\/posts\/9091\/revisions"}],"wp:attachment":[{"href":"https:\/\/www.hoymercedes.com.ar\/principal\/wp-json\/wp\/v2\/media?parent=9091"}],"wp:term":[{"taxonomy":"category","embeddable":true,"href":"https:\/\/www.hoymercedes.com.ar\/principal\/wp-json\/wp\/v2\/categories?post=9091"},{"taxonomy":"post_tag","embeddable":true,"href":"https:\/\/www.hoymercedes.com.ar\/principal\/wp-json\/wp\/v2\/tags?post=9091"}],"curies":[{"name":"wp","href":"https:\/\/api.w.org\/{rel}","templated":true}]}}