{"id":90918,"date":"2019-04-07T20:18:07","date_gmt":"2019-04-07T23:18:07","guid":{"rendered":"http:\/\/www.hoymercedes.com.ar\/principal\/?p=90918"},"modified":"2019-04-07T20:18:47","modified_gmt":"2019-04-07T23:18:47","slug":"carlos-selva-estuvo-en-tapalque-apoyando-a-candidato-local","status":"publish","type":"post","link":"https:\/\/www.hoymercedes.com.ar\/principal\/2019\/04\/07\/carlos-selva-estuvo-en-tapalque-apoyando-a-candidato-local\/","title":{"rendered":"Carlos Selva estuvo en Tapalqu\u00e9 apoyando a candidato local"},"content":{"rendered":"\n<p>Junto a otros referentes del Frente Renovador, el diputado nacional Carlos Selva estuvo en la localidad bonaerense de Tapalqu\u00e9, el viernes por la tarde, para apuntalar la candidatura del concejal Guillermo D\u00edaz.<\/p>\n\n\n\n<figure class=\"wp-block-image\"><img loading=\"lazy\" decoding=\"async\" width=\"1024\" height=\"576\" data-attachment-id=\"90919\" data-permalink=\"https:\/\/www.hoymercedes.com.ar\/principal\/2019\/04\/07\/carlos-selva-estuvo-en-tapalque-apoyando-a-candidato-local\/07-selva-tapalque\/#main\" data-orig-file=\"https:\/\/www.hoymercedes.com.ar\/principal\/wp-content\/uploads\/2019\/04\/07-selva-tapalque.jpg\" data-orig-size=\"1024,576\" data-comments-opened=\"0\" data-image-meta=\"{&quot;aperture&quot;:&quot;3.4&quot;,&quot;credit&quot;:&quot;&quot;,&quot;camera&quot;:&quot;Canon PowerShot SX510 HS&quot;,&quot;caption&quot;:&quot;&quot;,&quot;created_timestamp&quot;:&quot;1554487698&quot;,&quot;copyright&quot;:&quot;&quot;,&quot;focal_length&quot;:&quot;4.3&quot;,&quot;iso&quot;:&quot;1250&quot;,&quot;shutter_speed&quot;:&quot;0.05&quot;,&quot;title&quot;:&quot;&quot;,&quot;orientation&quot;:&quot;0&quot;}\" data-image-title=\"07 selva tapalque\" data-image-description=\"\" data-image-caption=\"\" data-large-file=\"https:\/\/www.hoymercedes.com.ar\/principal\/wp-content\/uploads\/2019\/04\/07-selva-tapalque-1024x576.jpg\" src=\"https:\/\/www.hoymercedes.com.ar\/principal\/wp-content\/uploads\/2019\/04\/07-selva-tapalque-1024x576.jpg\" alt=\"\" class=\"wp-image-90919\" srcset=\"https:\/\/www.hoymercedes.com.ar\/principal\/wp-content\/uploads\/2019\/04\/07-selva-tapalque.jpg 1024w, https:\/\/www.hoymercedes.com.ar\/principal\/wp-content\/uploads\/2019\/04\/07-selva-tapalque-150x84.jpg 150w, https:\/\/www.hoymercedes.com.ar\/principal\/wp-content\/uploads\/2019\/04\/07-selva-tapalque-630x354.jpg 630w\" sizes=\"auto, (max-width: 1024px) 100vw, 1024px\" \/><\/figure>\n\n\n\n<p>Es as\u00ed que los diputados nacionales Ra\u00fal P\u00e9rez, Mirta Tundis, Marcela Passo y Carlos Selva se acercaron para dar una conferencia de prensa en el local partidario y visitar a la asociaci\u00f3n de equinoterapia \u201cVamos Juntos a la Par\u201d. Y&nbsp;D\u00edaz reafirm\u00f3 el apoyo que Sergio Massa le ofrece para que sea su candidato intendente en Tapalqu\u00e9, con la idea de conformar una lista para las elecciones de octubre.<\/p>\n\n\n\n<p>Carlos Selva afirm\u00f3: \u201cSergio Massa es una de las personas que m\u00e1s se ha preparado para conducir los destino del pa\u00eds. Cada vez que tuvo responsabilidades ejecutivas ha sido de eficiente para arriba\u201d. Y en referencia a las 10 propuestas presentadas recientemente por Massa dijo que con estos diez temas ellos quieren discutir \u201cpara que queremos ser conducci\u00f3n, para que pretendemos asumir obligaciones de gobierno\u201d. Luego agreg\u00f3 que estos puntos est\u00e1n en la mesa para ser discutidos y buscar un consenso, porque lo que se viene es muy dif\u00edcil.<\/p>\n\n\n\n<p><strong>Vamos Juntos a la Par<\/strong><br>Sobre la visita a \u201cVamos Juntos a la Par\u201d, la diputada Passo dijo: \u201cNos vamos muy sorprendidos porque hemos advertido que Tapalqu\u00e9 tienen una comunidad que es muy solidaria y quiero rescatar esto porque es muy importante, sobre todo en estos momentos tan adversos que nos toca vivir a los argentinos\u201d.<\/p>\n\n\n\n<p>Fuente: Carlos Selva Web<\/p>\n","protected":false},"excerpt":{"rendered":"<p>Junto a otros referentes del Frente Renovador, el diputado nacional Carlos Selva estuvo en la localidad bonaerense de Tapalqu\u00e9, el &#8230; <a title=\"Carlos Selva estuvo en Tapalqu\u00e9 apoyando a candidato local\" class=\"read-more\" href=\"https:\/\/www.hoymercedes.com.ar\/principal\/2019\/04\/07\/carlos-selva-estuvo-en-tapalque-apoyando-a-candidato-local\/\" aria-label=\"Leer m\u00e1s sobre Carlos Selva estuvo en Tapalqu\u00e9 apoyando a candidato local\">Leer m\u00e1s<\/a><\/p>\n","protected":false},"author":1,"featured_media":90919,"comment_status":"closed","ping_status":"open","sticky":false,"template":"","format":"standard","meta":{"_monsterinsights_skip_tracking":false,"_monsterinsights_sitenote_active":false,"_monsterinsights_sitenote_note":"","_monsterinsights_sitenote_category":0,"jetpack_post_was_ever_published":false,"_jetpack_newsletter_access":"","_jetpack_dont_email_post_to_subs":false,"_jetpack_newsletter_tier_id":0,"_jetpack_memberships_contains_paywalled_content":false,"_jetpack_memberships_contains_paid_content":false,"footnotes":"","jetpack_publicize_message":"","jetpack_publicize_feature_enabled":true,"jetpack_social_post_already_shared":true,"jetpack_social_options":{"image_generator_settings":{"template":"highway","default_image_id":0,"font":"","enabled":false},"version":2},"_wpas_customize_per_network":false},"categories":[5210],"tags":[14821,39,7500,3537,10113],"class_list":["post-90918","post","type-post","status-publish","format-standard","has-post-thumbnail","hentry","category-politica-nacional","tag-campana-2019","tag-carlos-selva","tag-diputado-nacional","tag-frente-renovador","tag-politica-nacional","generate-columns","tablet-grid-50","mobile-grid-100","grid-parent","grid-50"],"jetpack_publicize_connections":[],"jetpack_featured_media_url":"https:\/\/www.hoymercedes.com.ar\/principal\/wp-content\/uploads\/2019\/04\/07-selva-tapalque.jpg","wps_subtitle":"Previo a la elecciones 2019","jetpack_sharing_enabled":true,"_links":{"self":[{"href":"https:\/\/www.hoymercedes.com.ar\/principal\/wp-json\/wp\/v2\/posts\/90918","targetHints":{"allow":["GET"]}}],"collection":[{"href":"https:\/\/www.hoymercedes.com.ar\/principal\/wp-json\/wp\/v2\/posts"}],"about":[{"href":"https:\/\/www.hoymercedes.com.ar\/principal\/wp-json\/wp\/v2\/types\/post"}],"author":[{"embeddable":true,"href":"https:\/\/www.hoymercedes.com.ar\/principal\/wp-json\/wp\/v2\/users\/1"}],"replies":[{"embeddable":true,"href":"https:\/\/www.hoymercedes.com.ar\/principal\/wp-json\/wp\/v2\/comments?post=90918"}],"version-history":[{"count":0,"href":"https:\/\/www.hoymercedes.com.ar\/principal\/wp-json\/wp\/v2\/posts\/90918\/revisions"}],"wp:featuredmedia":[{"embeddable":true,"href":"https:\/\/www.hoymercedes.com.ar\/principal\/wp-json\/wp\/v2\/media\/90919"}],"wp:attachment":[{"href":"https:\/\/www.hoymercedes.com.ar\/principal\/wp-json\/wp\/v2\/media?parent=90918"}],"wp:term":[{"taxonomy":"category","embeddable":true,"href":"https:\/\/www.hoymercedes.com.ar\/principal\/wp-json\/wp\/v2\/categories?post=90918"},{"taxonomy":"post_tag","embeddable":true,"href":"https:\/\/www.hoymercedes.com.ar\/principal\/wp-json\/wp\/v2\/tags?post=90918"}],"curies":[{"name":"wp","href":"https:\/\/api.w.org\/{rel}","templated":true}]}}