{"id":90924,"date":"2019-04-07T23:34:43","date_gmt":"2019-04-08T02:34:43","guid":{"rendered":"http:\/\/www.hoymercedes.com.ar\/principal\/?p=90924"},"modified":"2019-04-07T23:34:51","modified_gmt":"2019-04-08T02:34:51","slug":"alejandra-duberti-es-la-tortera-del-ano-%ef%bb%bf","status":"publish","type":"post","link":"https:\/\/www.hoymercedes.com.ar\/principal\/2019\/04\/07\/alejandra-duberti-es-la-tortera-del-ano-%ef%bb%bf\/","title":{"rendered":"Alejandra Duberti es la tortera del a\u00f1o \ufeff"},"content":{"rendered":"\n<p><br><\/p>\n\n\n\n<figure class=\"wp-block-image\"><img loading=\"lazy\" decoding=\"async\" width=\"1024\" height=\"683\" data-attachment-id=\"90925\" data-permalink=\"https:\/\/www.hoymercedes.com.ar\/principal\/2019\/04\/07\/alejandra-duberti-es-la-tortera-del-ano-%ef%bb%bf\/tortafrita-2019sja_4713\/#main\" data-orig-file=\"https:\/\/www.hoymercedes.com.ar\/principal\/wp-content\/uploads\/2019\/04\/TortaFrita.2019SJA_4713.jpg\" data-orig-size=\"1450,967\" data-comments-opened=\"0\" data-image-meta=\"{&quot;aperture&quot;:&quot;3.5&quot;,&quot;credit&quot;:&quot;SEBASTIANAMBROSSIO&quot;,&quot;camera&quot;:&quot;&quot;,&quot;caption&quot;:&quot;&quot;,&quot;created_timestamp&quot;:&quot;0&quot;,&quot;copyright&quot;:&quot;SebastianAmbrossio&quot;,&quot;focal_length&quot;:&quot;70&quot;,&quot;iso&quot;:&quot;0&quot;,&quot;shutter_speed&quot;:&quot;0.01&quot;,&quot;title&quot;:&quot;&quot;,&quot;orientation&quot;:&quot;0&quot;}\" data-image-title=\"TortaFrita.2019SJA_4713\" data-image-description=\"\" data-image-caption=\"\" data-large-file=\"https:\/\/www.hoymercedes.com.ar\/principal\/wp-content\/uploads\/2019\/04\/TortaFrita.2019SJA_4713-1024x683.jpg\" src=\"https:\/\/www.hoymercedes.com.ar\/principal\/wp-content\/uploads\/2019\/04\/TortaFrita.2019SJA_4713-1024x683.jpg\" alt=\"\" class=\"wp-image-90925\" srcset=\"https:\/\/www.hoymercedes.com.ar\/principal\/wp-content\/uploads\/2019\/04\/TortaFrita.2019SJA_4713-1024x683.jpg 1024w, https:\/\/www.hoymercedes.com.ar\/principal\/wp-content\/uploads\/2019\/04\/TortaFrita.2019SJA_4713-150x100.jpg 150w, https:\/\/www.hoymercedes.com.ar\/principal\/wp-content\/uploads\/2019\/04\/TortaFrita.2019SJA_4713-630x420.jpg 630w, https:\/\/www.hoymercedes.com.ar\/principal\/wp-content\/uploads\/2019\/04\/TortaFrita.2019SJA_4713-720x480.jpg 720w, https:\/\/www.hoymercedes.com.ar\/principal\/wp-content\/uploads\/2019\/04\/TortaFrita.2019SJA_4713-360x240.jpg 360w, https:\/\/www.hoymercedes.com.ar\/principal\/wp-content\/uploads\/2019\/04\/TortaFrita.2019SJA_4713.jpg 1450w\" sizes=\"auto, (max-width: 1024px) 100vw, 1024px\" \/><figcaption>Alejandra Duberti, tortera del a\u00f1o<\/figcaption><\/figure>\n\n\n\n<p>Como es tradicional se eligi\u00f3 la mejor tortera del a\u00f1o en la\n20\u00b0 edici\u00f3n de la fiesta provincial y fue la letra Q perteneciente a Duberti la\nelegida por el jurado. En segundo lugar qued\u00f3 J\u00e9sica Sequeira y Norma\nPoltronieri fue galardonada por tener el puesto mejor presentado. <\/p>\n\n\n\n<figure class=\"wp-block-image\"><img loading=\"lazy\" decoding=\"async\" width=\"1024\" height=\"683\" data-attachment-id=\"90926\" data-permalink=\"https:\/\/www.hoymercedes.com.ar\/principal\/2019\/04\/07\/alejandra-duberti-es-la-tortera-del-ano-%ef%bb%bf\/tortafrita-2019sja_4724\/#main\" data-orig-file=\"https:\/\/www.hoymercedes.com.ar\/principal\/wp-content\/uploads\/2019\/04\/TortaFrita.2019SJA_4724.jpg\" data-orig-size=\"1450,967\" data-comments-opened=\"0\" data-image-meta=\"{&quot;aperture&quot;:&quot;3.5&quot;,&quot;credit&quot;:&quot;SEBASTIANAMBROSSIO&quot;,&quot;camera&quot;:&quot;&quot;,&quot;caption&quot;:&quot;&quot;,&quot;created_timestamp&quot;:&quot;0&quot;,&quot;copyright&quot;:&quot;SebastianAmbrossio&quot;,&quot;focal_length&quot;:&quot;60&quot;,&quot;iso&quot;:&quot;0&quot;,&quot;shutter_speed&quot;:&quot;0.008&quot;,&quot;title&quot;:&quot;&quot;,&quot;orientation&quot;:&quot;0&quot;}\" data-image-title=\"TortaFrita.2019SJA_4724\" data-image-description=\"\" data-image-caption=\"\" data-large-file=\"https:\/\/www.hoymercedes.com.ar\/principal\/wp-content\/uploads\/2019\/04\/TortaFrita.2019SJA_4724-1024x683.jpg\" src=\"https:\/\/www.hoymercedes.com.ar\/principal\/wp-content\/uploads\/2019\/04\/TortaFrita.2019SJA_4724-1024x683.jpg\" alt=\"\" class=\"wp-image-90926\" srcset=\"https:\/\/www.hoymercedes.com.ar\/principal\/wp-content\/uploads\/2019\/04\/TortaFrita.2019SJA_4724-1024x683.jpg 1024w, https:\/\/www.hoymercedes.com.ar\/principal\/wp-content\/uploads\/2019\/04\/TortaFrita.2019SJA_4724-150x100.jpg 150w, https:\/\/www.hoymercedes.com.ar\/principal\/wp-content\/uploads\/2019\/04\/TortaFrita.2019SJA_4724-630x420.jpg 630w, https:\/\/www.hoymercedes.com.ar\/principal\/wp-content\/uploads\/2019\/04\/TortaFrita.2019SJA_4724-720x480.jpg 720w, https:\/\/www.hoymercedes.com.ar\/principal\/wp-content\/uploads\/2019\/04\/TortaFrita.2019SJA_4724-360x240.jpg 360w, https:\/\/www.hoymercedes.com.ar\/principal\/wp-content\/uploads\/2019\/04\/TortaFrita.2019SJA_4724.jpg 1450w\" sizes=\"auto, (max-width: 1024px) 100vw, 1024px\" \/><figcaption>Intendente felicitando a las participantes <\/figcaption><\/figure>\n\n\n\n<p>Alejandra Duberty, visiblemente\nemocionada, dijo \u201cmuchas gracias a todos\u201d y que \u201cquiero agradecer al jurado, a\nmi mam\u00e1 y mis hijos que me ayudaron\u201d para luego ya una vez bajo el escenario\nagregar que \u201ctrabajo en Tom\u00e1s Jofr\u00e9, es la tercera vez que me presento, hace\ndos a\u00f1os sali\u00f3 mi cu\u00f1ada y ahora me toc\u00f3 a m\u00ed\u201d dejando en claro que \u201cla idea no\nes competir, sino ser parte, estamos muy agradecidos\u201d.<\/p>\n\n\n\n<p>La ganadora recibi\u00f3 el\nreconocimiento de manos del jefe de gobierno, Juan Ustarroz, acompa\u00f1ado de Juan\nPablo L\u00f3pez Baggio y Quique Nu\u00f1ez. <\/p>\n\n\n\n<p>Ustarroz felicit\u00f3 a todas las\ntorteras en nombre de Alejandra, que \u201ccon pasi\u00f3n y dedicaci\u00f3n vuelven a\nregalarnos una fiesta maravillosa\u201d <\/p>\n\n\n\n<p>Por otro lado, el segundo lugar\nfue para J\u00e9sica Sequeira mientras que el stand mejor presentado fue el de Norma\nPoltronieri, hermana del h\u00e9roe de Malvinas. <\/p>\n\n\n\n<p>Este a\u00f1o se vivi\u00f3 la presentaci\u00f3n\nde 26 torteras que compitieron, pero, m\u00e1s all\u00e1 de ello, tuvieron unas\nexcelentes jornadas de ventas de su producci\u00f3n. <\/p>\n\n\n\n<p>Para la elecci\u00f3n, vale recordar\nque el jurado no sabe quien realiz\u00f3 cada muestra que recibe dado que s\u00f3lo\nobtiene una letra para cada lote de torta frita que pruebas y dan puntaje. Por\neso la ganadora tuvo la letra Q y la segunda la letra R<\/p>\n","protected":false},"excerpt":{"rendered":"<p>Como es tradicional se eligi\u00f3 la mejor tortera del a\u00f1o en la 20\u00b0 edici\u00f3n de la fiesta provincial y fue &#8230; <a title=\"Alejandra Duberti es la tortera del a\u00f1o \ufeff\" class=\"read-more\" href=\"https:\/\/www.hoymercedes.com.ar\/principal\/2019\/04\/07\/alejandra-duberti-es-la-tortera-del-ano-%ef%bb%bf\/\" aria-label=\"Leer m\u00e1s sobre Alejandra Duberti es la tortera del a\u00f1o \ufeff\">Leer m\u00e1s<\/a><\/p>\n","protected":false},"author":1,"featured_media":90925,"comment_status":"closed","ping_status":"open","sticky":false,"template":"","format":"standard","meta":{"_monsterinsights_skip_tracking":false,"_monsterinsights_sitenote_active":false,"_monsterinsights_sitenote_note":"","_monsterinsights_sitenote_category":0,"jetpack_post_was_ever_published":false,"_jetpack_newsletter_access":"","_jetpack_dont_email_post_to_subs":false,"_jetpack_newsletter_tier_id":0,"_jetpack_memberships_contains_paywalled_content":false,"_jetpack_memberships_contains_paid_content":false,"footnotes":"","jetpack_publicize_message":"","jetpack_publicize_feature_enabled":true,"jetpack_social_post_already_shared":true,"jetpack_social_options":{"image_generator_settings":{"template":"highway","default_image_id":0,"font":"","enabled":false},"version":2},"_wpas_customize_per_network":false},"categories":[30],"tags":[14822,14823,424],"class_list":["post-90924","post","type-post","status-publish","format-standard","has-post-thumbnail","hentry","category-municipio","tag-20-fiesta-provincial-de-la-torta-frita","tag-alejandra-duberti-tortera-del-ano","tag-ustarroz","generate-columns","tablet-grid-50","mobile-grid-100","grid-parent","grid-50"],"jetpack_publicize_connections":[],"jetpack_featured_media_url":"https:\/\/www.hoymercedes.com.ar\/principal\/wp-content\/uploads\/2019\/04\/TortaFrita.2019SJA_4713.jpg","wps_subtitle":"Fiestas Populares ","jetpack_sharing_enabled":true,"_links":{"self":[{"href":"https:\/\/www.hoymercedes.com.ar\/principal\/wp-json\/wp\/v2\/posts\/90924","targetHints":{"allow":["GET"]}}],"collection":[{"href":"https:\/\/www.hoymercedes.com.ar\/principal\/wp-json\/wp\/v2\/posts"}],"about":[{"href":"https:\/\/www.hoymercedes.com.ar\/principal\/wp-json\/wp\/v2\/types\/post"}],"author":[{"embeddable":true,"href":"https:\/\/www.hoymercedes.com.ar\/principal\/wp-json\/wp\/v2\/users\/1"}],"replies":[{"embeddable":true,"href":"https:\/\/www.hoymercedes.com.ar\/principal\/wp-json\/wp\/v2\/comments?post=90924"}],"version-history":[{"count":0,"href":"https:\/\/www.hoymercedes.com.ar\/principal\/wp-json\/wp\/v2\/posts\/90924\/revisions"}],"wp:featuredmedia":[{"embeddable":true,"href":"https:\/\/www.hoymercedes.com.ar\/principal\/wp-json\/wp\/v2\/media\/90925"}],"wp:attachment":[{"href":"https:\/\/www.hoymercedes.com.ar\/principal\/wp-json\/wp\/v2\/media?parent=90924"}],"wp:term":[{"taxonomy":"category","embeddable":true,"href":"https:\/\/www.hoymercedes.com.ar\/principal\/wp-json\/wp\/v2\/categories?post=90924"},{"taxonomy":"post_tag","embeddable":true,"href":"https:\/\/www.hoymercedes.com.ar\/principal\/wp-json\/wp\/v2\/tags?post=90924"}],"curies":[{"name":"wp","href":"https:\/\/api.w.org\/{rel}","templated":true}]}}