{"id":90936,"date":"2019-04-08T02:54:51","date_gmt":"2019-04-08T05:54:51","guid":{"rendered":"http:\/\/www.hoymercedes.com.ar\/principal\/?p=90936"},"modified":"2019-04-07T23:59:12","modified_gmt":"2019-04-08T02:59:12","slug":"destacan-hubo-asistencia-record-en-la-20-fiesta-provincial-de-la-torta-frita-%ef%bb%bf","status":"publish","type":"post","link":"https:\/\/www.hoymercedes.com.ar\/principal\/2019\/04\/08\/destacan-hubo-asistencia-record-en-la-20-fiesta-provincial-de-la-torta-frita-%ef%bb%bf\/","title":{"rendered":"Destacan hubo asistencia r\u00e9cord en la 20\u00b0 Fiesta Provincial de la Torta Frita \ufeff"},"content":{"rendered":"\n<p><br><\/p>\n\n\n\n<figure class=\"wp-block-image\"><img loading=\"lazy\" decoding=\"async\" width=\"1024\" height=\"576\" data-attachment-id=\"90937\" data-permalink=\"https:\/\/www.hoymercedes.com.ar\/principal\/2019\/04\/08\/destacan-hubo-asistencia-record-en-la-20-fiesta-provincial-de-la-torta-frita-%ef%bb%bf\/aerea\/#main\" data-orig-file=\"https:\/\/www.hoymercedes.com.ar\/principal\/wp-content\/uploads\/2019\/04\/Aerea.jpg\" data-orig-size=\"1024,576\" data-comments-opened=\"0\" data-image-meta=\"{&quot;aperture&quot;:&quot;0&quot;,&quot;credit&quot;:&quot;&quot;,&quot;camera&quot;:&quot;&quot;,&quot;caption&quot;:&quot;&quot;,&quot;created_timestamp&quot;:&quot;0&quot;,&quot;copyright&quot;:&quot;&quot;,&quot;focal_length&quot;:&quot;0&quot;,&quot;iso&quot;:&quot;0&quot;,&quot;shutter_speed&quot;:&quot;0&quot;,&quot;title&quot;:&quot;&quot;,&quot;orientation&quot;:&quot;0&quot;}\" data-image-title=\"Aerea\" data-image-description=\"\" data-image-caption=\"\" data-large-file=\"https:\/\/www.hoymercedes.com.ar\/principal\/wp-content\/uploads\/2019\/04\/Aerea-1024x576.jpg\" src=\"https:\/\/www.hoymercedes.com.ar\/principal\/wp-content\/uploads\/2019\/04\/Aerea-1024x576.jpg\" alt=\"\" class=\"wp-image-90937\" srcset=\"https:\/\/www.hoymercedes.com.ar\/principal\/wp-content\/uploads\/2019\/04\/Aerea.jpg 1024w, https:\/\/www.hoymercedes.com.ar\/principal\/wp-content\/uploads\/2019\/04\/Aerea-150x84.jpg 150w, https:\/\/www.hoymercedes.com.ar\/principal\/wp-content\/uploads\/2019\/04\/Aerea-630x354.jpg 630w\" sizes=\"auto, (max-width: 1024px) 100vw, 1024px\" \/><figcaption>Momento en que sale de fritura la torta frita gigante <\/figcaption><\/figure>\n\n\n\n<p>Con un multitudinario cierre se\nvivi\u00f3 la 20\u00b0 Fiesta Provincial de la Torta Frita. Se elabor\u00f3 la torta frita m\u00e1s\ngrande del mundo. Asistieron m\u00e1s de 25 mil personas s\u00e1bado y domingo mostrando\nuna verdadera multitud en el Parque Municipal.&nbsp;\nFue \u201cun a\u00f1o m\u00e1s de crecimiento\u201d afirmaron desde las Agrupaciones Gauchas\nen este vig\u00e9simo aniversario, siendo una \u201cfiesta realmente hermosa, con todos\nlos condimentos\u201d destacaron desde la organizaci\u00f3n. <\/p>\n\n\n\n<figure class=\"wp-block-image\"><img loading=\"lazy\" decoding=\"async\" width=\"1024\" height=\"576\" data-attachment-id=\"90938\" data-permalink=\"https:\/\/www.hoymercedes.com.ar\/principal\/2019\/04\/08\/destacan-hubo-asistencia-record-en-la-20-fiesta-provincial-de-la-torta-frita-%ef%bb%bf\/dji_0035\/#main\" data-orig-file=\"https:\/\/www.hoymercedes.com.ar\/principal\/wp-content\/uploads\/2019\/04\/DJI_0035.jpg\" data-orig-size=\"1111,625\" data-comments-opened=\"0\" data-image-meta=\"{&quot;aperture&quot;:&quot;0&quot;,&quot;credit&quot;:&quot;&quot;,&quot;camera&quot;:&quot;&quot;,&quot;caption&quot;:&quot;&quot;,&quot;created_timestamp&quot;:&quot;0&quot;,&quot;copyright&quot;:&quot;&quot;,&quot;focal_length&quot;:&quot;0&quot;,&quot;iso&quot;:&quot;0&quot;,&quot;shutter_speed&quot;:&quot;0&quot;,&quot;title&quot;:&quot;&quot;,&quot;orientation&quot;:&quot;0&quot;}\" data-image-title=\"DJI_0035\" data-image-description=\"\" data-image-caption=\"\" data-large-file=\"https:\/\/www.hoymercedes.com.ar\/principal\/wp-content\/uploads\/2019\/04\/DJI_0035-1024x576.jpg\" src=\"https:\/\/www.hoymercedes.com.ar\/principal\/wp-content\/uploads\/2019\/04\/DJI_0035-1024x576.jpg\" alt=\"\" class=\"wp-image-90938\" srcset=\"https:\/\/www.hoymercedes.com.ar\/principal\/wp-content\/uploads\/2019\/04\/DJI_0035-1024x576.jpg 1024w, https:\/\/www.hoymercedes.com.ar\/principal\/wp-content\/uploads\/2019\/04\/DJI_0035-150x84.jpg 150w, https:\/\/www.hoymercedes.com.ar\/principal\/wp-content\/uploads\/2019\/04\/DJI_0035-630x354.jpg 630w, https:\/\/www.hoymercedes.com.ar\/principal\/wp-content\/uploads\/2019\/04\/DJI_0035.jpg 1111w\" sizes=\"auto, (max-width: 1024px) 100vw, 1024px\" \/><figcaption>Parque Municipal, desde el aire<\/figcaption><\/figure>\n\n\n\n<p>El s\u00e1bado ya se not\u00f3 un fuerte\nn\u00famero de asistentes que se multiplic\u00f3 el domingo en el Parque Municipal\nIndependencia. <\/p>\n\n\n\n<figure class=\"wp-block-image\"><img loading=\"lazy\" decoding=\"async\" width=\"1024\" height=\"683\" data-attachment-id=\"90939\" data-permalink=\"https:\/\/www.hoymercedes.com.ar\/principal\/2019\/04\/08\/destacan-hubo-asistencia-record-en-la-20-fiesta-provincial-de-la-torta-frita-%ef%bb%bf\/tortafrita-2019sja_4530\/#main\" data-orig-file=\"https:\/\/www.hoymercedes.com.ar\/principal\/wp-content\/uploads\/2019\/04\/TortaFrita.2019SJA_4530.jpg\" data-orig-size=\"1450,967\" data-comments-opened=\"0\" data-image-meta=\"{&quot;aperture&quot;:&quot;5.6&quot;,&quot;credit&quot;:&quot;SEBASTIANAMBROSSIO&quot;,&quot;camera&quot;:&quot;&quot;,&quot;caption&quot;:&quot;&quot;,&quot;created_timestamp&quot;:&quot;0&quot;,&quot;copyright&quot;:&quot;SebastianAmbrossio&quot;,&quot;focal_length&quot;:&quot;36&quot;,&quot;iso&quot;:&quot;0&quot;,&quot;shutter_speed&quot;:&quot;0.004&quot;,&quot;title&quot;:&quot;&quot;,&quot;orientation&quot;:&quot;0&quot;}\" data-image-title=\"TortaFrita.2019SJA_4530\" data-image-description=\"\" data-image-caption=\"\" data-large-file=\"https:\/\/www.hoymercedes.com.ar\/principal\/wp-content\/uploads\/2019\/04\/TortaFrita.2019SJA_4530-1024x683.jpg\" src=\"https:\/\/www.hoymercedes.com.ar\/principal\/wp-content\/uploads\/2019\/04\/TortaFrita.2019SJA_4530-1024x683.jpg\" alt=\"\" class=\"wp-image-90939\" srcset=\"https:\/\/www.hoymercedes.com.ar\/principal\/wp-content\/uploads\/2019\/04\/TortaFrita.2019SJA_4530-1024x683.jpg 1024w, https:\/\/www.hoymercedes.com.ar\/principal\/wp-content\/uploads\/2019\/04\/TortaFrita.2019SJA_4530-150x100.jpg 150w, https:\/\/www.hoymercedes.com.ar\/principal\/wp-content\/uploads\/2019\/04\/TortaFrita.2019SJA_4530-630x420.jpg 630w, https:\/\/www.hoymercedes.com.ar\/principal\/wp-content\/uploads\/2019\/04\/TortaFrita.2019SJA_4530-720x480.jpg 720w, https:\/\/www.hoymercedes.com.ar\/principal\/wp-content\/uploads\/2019\/04\/TortaFrita.2019SJA_4530-360x240.jpg 360w, https:\/\/www.hoymercedes.com.ar\/principal\/wp-content\/uploads\/2019\/04\/TortaFrita.2019SJA_4530.jpg 1450w\" sizes=\"auto, (max-width: 1024px) 100vw, 1024px\" \/><\/figure>\n\n\n\n<p><strong>Alegr\u00edas <\/strong><\/p>\n\n\n\n<p>Quique Nu\u00f1ez, presidente de la\n\u201cAgrupaciones Gauchas Unidas\u201d fue el primero en tomar la palabra y sostuvo que\n\u201cestoy muy emocionado. Siempre agradezco a Dios y hoy que nos dio estos d\u00edas\u201d y\nafirm\u00f3 que \u201cquiero agradecer a los Pe\u00f1eros que yo los creo parte de nuestra\norganizaci\u00f3n y hacen todo lo referido a los gauchos, el desfile, nobleza obliga\ny hay un mont\u00f3n de formas de agradecer y por eso quiero decir no olvidemos el\nesfuerzo de toda la gente que trabaja, pero tambi\u00e9n gracias al intendente y al\nsecretario de gobierno que hacen todo para que salga bien\u201d y \u201cdesde ac\u00e1 arriba\nse ve un mont\u00f3n de gente y si seguimos as\u00ed el a\u00f1o que viene vamos a ponernos\nbotas para poder estar en el r\u00edo, porque nos va a quedar chico el predio. Los\nesperamos a todos el a\u00f1o que viene\u201d, dijo. <\/p>\n\n\n\n<figure class=\"wp-block-image\"><img loading=\"lazy\" decoding=\"async\" width=\"1024\" height=\"683\" data-attachment-id=\"90940\" data-permalink=\"https:\/\/www.hoymercedes.com.ar\/principal\/2019\/04\/08\/destacan-hubo-asistencia-record-en-la-20-fiesta-provincial-de-la-torta-frita-%ef%bb%bf\/tortafrita-2019sja_4724-2\/#main\" data-orig-file=\"https:\/\/www.hoymercedes.com.ar\/principal\/wp-content\/uploads\/2019\/04\/TortaFrita.2019SJA_4724-1.jpg\" data-orig-size=\"1450,967\" data-comments-opened=\"0\" data-image-meta=\"{&quot;aperture&quot;:&quot;3.5&quot;,&quot;credit&quot;:&quot;SEBASTIANAMBROSSIO&quot;,&quot;camera&quot;:&quot;&quot;,&quot;caption&quot;:&quot;&quot;,&quot;created_timestamp&quot;:&quot;0&quot;,&quot;copyright&quot;:&quot;SebastianAmbrossio&quot;,&quot;focal_length&quot;:&quot;60&quot;,&quot;iso&quot;:&quot;0&quot;,&quot;shutter_speed&quot;:&quot;0.008&quot;,&quot;title&quot;:&quot;&quot;,&quot;orientation&quot;:&quot;0&quot;}\" data-image-title=\"TortaFrita.2019SJA_4724\" data-image-description=\"\" data-image-caption=\"\" data-large-file=\"https:\/\/www.hoymercedes.com.ar\/principal\/wp-content\/uploads\/2019\/04\/TortaFrita.2019SJA_4724-1-1024x683.jpg\" src=\"https:\/\/www.hoymercedes.com.ar\/principal\/wp-content\/uploads\/2019\/04\/TortaFrita.2019SJA_4724-1-1024x683.jpg\" alt=\"\" class=\"wp-image-90940\" srcset=\"https:\/\/www.hoymercedes.com.ar\/principal\/wp-content\/uploads\/2019\/04\/TortaFrita.2019SJA_4724-1-1024x683.jpg 1024w, https:\/\/www.hoymercedes.com.ar\/principal\/wp-content\/uploads\/2019\/04\/TortaFrita.2019SJA_4724-1-150x100.jpg 150w, https:\/\/www.hoymercedes.com.ar\/principal\/wp-content\/uploads\/2019\/04\/TortaFrita.2019SJA_4724-1-630x420.jpg 630w, https:\/\/www.hoymercedes.com.ar\/principal\/wp-content\/uploads\/2019\/04\/TortaFrita.2019SJA_4724-1-720x480.jpg 720w, https:\/\/www.hoymercedes.com.ar\/principal\/wp-content\/uploads\/2019\/04\/TortaFrita.2019SJA_4724-1-360x240.jpg 360w, https:\/\/www.hoymercedes.com.ar\/principal\/wp-content\/uploads\/2019\/04\/TortaFrita.2019SJA_4724-1.jpg 1450w\" sizes=\"auto, (max-width: 1024px) 100vw, 1024px\" \/><\/figure>\n\n\n\n<p>El jefe comunal, Dr, Juan Ignacio\nUstarroz, sostuvo que \u201cestamos muy orgullosos y alegres de estos dos d\u00edas\nespectaculares que nos toc\u00f3 vivir\u201d y \u201cagradecemos a todos los que lo hicieron\nposible, a Quique, a los Amigos Pe\u00f1eros, a las torteras, a los que se quemaban\nhaciendo la torta frita m\u00e1s grande del mundo y sin cobrar un peso dan lo mejor\npara brindar una fiesta m\u00e1s a nuestro pueblo, siendo una fiesta provincial que\na\u00f1o tras a\u00f1o crece gracias al esfuerzo de todos\u201d, remarcando \u201cque hay muchas\ntorteras trabajando, artesanos, puestos de comida y es una oportunidad de\ntrabajo, en \u00e9pocas tan dif\u00edciles para todos, es muy lindo que haya\nposibilidades de trabajar con tanta cantidad de asistentes que de manera\ngratuita pueden venir a disfrutar sin olvidar a nuestros artistas locales por\nbrindar su talento, junto a nuestros h\u00e9roes de Malvinas\u201d para afirmar que se\nmont\u00f3 una gran infraestructura con una gran tarea de los \u201ctrabajadores\nmunicipales que pusieron las luces led, escenario, cuidaron el predio, los\ncooperativistas, la juventud que vino a trabajar voluntariamente para poner en\nvalor los juegos\u201d para finalizar agradeciendo \u201ca todos los turistas y\nmercedinos presentes. Muchas gracias a todos\u201d <\/p>\n\n\n\n<figure class=\"wp-block-image\"><img loading=\"lazy\" decoding=\"async\" width=\"1024\" height=\"577\" data-attachment-id=\"90941\" data-permalink=\"https:\/\/www.hoymercedes.com.ar\/principal\/2019\/04\/08\/destacan-hubo-asistencia-record-en-la-20-fiesta-provincial-de-la-torta-frita-%ef%bb%bf\/dsc09906\/#main\" data-orig-file=\"https:\/\/www.hoymercedes.com.ar\/principal\/wp-content\/uploads\/2019\/04\/DSC09906.jpg\" data-orig-size=\"1109,625\" data-comments-opened=\"0\" data-image-meta=\"{&quot;aperture&quot;:&quot;0&quot;,&quot;credit&quot;:&quot;&quot;,&quot;camera&quot;:&quot;&quot;,&quot;caption&quot;:&quot;&quot;,&quot;created_timestamp&quot;:&quot;0&quot;,&quot;copyright&quot;:&quot;&quot;,&quot;focal_length&quot;:&quot;0&quot;,&quot;iso&quot;:&quot;0&quot;,&quot;shutter_speed&quot;:&quot;0&quot;,&quot;title&quot;:&quot;&quot;,&quot;orientation&quot;:&quot;0&quot;}\" data-image-title=\"DSC09906\" data-image-description=\"\" data-image-caption=\"\" data-large-file=\"https:\/\/www.hoymercedes.com.ar\/principal\/wp-content\/uploads\/2019\/04\/DSC09906-1024x577.jpg\" src=\"https:\/\/www.hoymercedes.com.ar\/principal\/wp-content\/uploads\/2019\/04\/DSC09906-1024x577.jpg\" alt=\"\" class=\"wp-image-90941\" srcset=\"https:\/\/www.hoymercedes.com.ar\/principal\/wp-content\/uploads\/2019\/04\/DSC09906-1024x577.jpg 1024w, https:\/\/www.hoymercedes.com.ar\/principal\/wp-content\/uploads\/2019\/04\/DSC09906-150x85.jpg 150w, https:\/\/www.hoymercedes.com.ar\/principal\/wp-content\/uploads\/2019\/04\/DSC09906-630x355.jpg 630w, https:\/\/www.hoymercedes.com.ar\/principal\/wp-content\/uploads\/2019\/04\/DSC09906.jpg 1109w\" sizes=\"auto, (max-width: 1024px) 100vw, 1024px\" \/><\/figure>\n\n\n\n<p><strong>De distintos lados\u2026<\/strong><\/p>\n\n\n\n<p>Javier y Mariana, de Ituzaing\u00f3,\ncontaron que \u201ces la primera vez que venimos a esta fiesta. Ya hemos estado en\notras, pero nos asombra todo lo que tienen en Mercedes. Y este predio, es\nimpresionante\u201d dijeron ante las c\u00e1maras. Lo mismo sostuvieron Mar\u00edas del Carmen\ny Rudy de CABA que \u201ces hermoso este lugar, no lo conoc\u00edamos, es la primera vez\nque venimos y ya nos llavamos informaci\u00f3n para volver a otras fiestas\u201d, dijeron\nal ser entrevistados. <\/p>\n\n\n\n<p>Se logr\u00f3 identificar,\nparticipando desde el juego desde el escenario, asistentes de Moreno, Mor\u00f3n,\nMerlo, Luj\u00e1n, Chivilcoy, Carmen de Areco, Giles, Ituzaing\u00f3, CABA, La Plata,\nLugano, Lomas de Zamora, La Matanza, Navarro, Suipacha, Jos\u00e9 C. Paz, Malvinas\nArgentinas, Berazategui, Jun\u00edn, Rodr\u00edguez,&nbsp;\nsiendo Capital Federal un destino repetido en las enunciaciones,\nexpusieron desde la organizaci\u00f3n. <\/p>\n","protected":false},"excerpt":{"rendered":"<p>Con un multitudinario cierre se vivi\u00f3 la 20\u00b0 Fiesta Provincial de la Torta Frita. Se elabor\u00f3 la torta frita m\u00e1s &#8230; <a title=\"Destacan hubo asistencia r\u00e9cord en la 20\u00b0 Fiesta Provincial de la Torta Frita \ufeff\" class=\"read-more\" href=\"https:\/\/www.hoymercedes.com.ar\/principal\/2019\/04\/08\/destacan-hubo-asistencia-record-en-la-20-fiesta-provincial-de-la-torta-frita-%ef%bb%bf\/\" aria-label=\"Leer m\u00e1s sobre Destacan hubo asistencia r\u00e9cord en la 20\u00b0 Fiesta Provincial de la Torta Frita \ufeff\">Leer m\u00e1s<\/a><\/p>\n","protected":false},"author":1,"featured_media":90937,"comment_status":"closed","ping_status":"open","sticky":false,"template":"","format":"standard","meta":{"_monsterinsights_skip_tracking":false,"_monsterinsights_sitenote_active":false,"_monsterinsights_sitenote_note":"","_monsterinsights_sitenote_category":0,"jetpack_post_was_ever_published":false,"_jetpack_newsletter_access":"","_jetpack_dont_email_post_to_subs":false,"_jetpack_newsletter_tier_id":0,"_jetpack_memberships_contains_paywalled_content":false,"_jetpack_memberships_contains_paid_content":false,"footnotes":"","jetpack_publicize_message":"","jetpack_publicize_feature_enabled":true,"jetpack_social_post_already_shared":true,"jetpack_social_options":{"image_generator_settings":{"template":"highway","default_image_id":0,"font":"","enabled":false},"version":2},"_wpas_customize_per_network":false},"categories":[30],"tags":[14822,3810],"class_list":["post-90936","post","type-post","status-publish","format-standard","has-post-thumbnail","hentry","category-municipio","tag-20-fiesta-provincial-de-la-torta-frita","tag-matias-dematei","generate-columns","tablet-grid-50","mobile-grid-100","grid-parent","grid-50"],"jetpack_publicize_connections":[],"jetpack_featured_media_url":"https:\/\/www.hoymercedes.com.ar\/principal\/wp-content\/uploads\/2019\/04\/Aerea.jpg","wps_subtitle":"Fiestas Populares ","jetpack_sharing_enabled":true,"_links":{"self":[{"href":"https:\/\/www.hoymercedes.com.ar\/principal\/wp-json\/wp\/v2\/posts\/90936","targetHints":{"allow":["GET"]}}],"collection":[{"href":"https:\/\/www.hoymercedes.com.ar\/principal\/wp-json\/wp\/v2\/posts"}],"about":[{"href":"https:\/\/www.hoymercedes.com.ar\/principal\/wp-json\/wp\/v2\/types\/post"}],"author":[{"embeddable":true,"href":"https:\/\/www.hoymercedes.com.ar\/principal\/wp-json\/wp\/v2\/users\/1"}],"replies":[{"embeddable":true,"href":"https:\/\/www.hoymercedes.com.ar\/principal\/wp-json\/wp\/v2\/comments?post=90936"}],"version-history":[{"count":0,"href":"https:\/\/www.hoymercedes.com.ar\/principal\/wp-json\/wp\/v2\/posts\/90936\/revisions"}],"wp:featuredmedia":[{"embeddable":true,"href":"https:\/\/www.hoymercedes.com.ar\/principal\/wp-json\/wp\/v2\/media\/90937"}],"wp:attachment":[{"href":"https:\/\/www.hoymercedes.com.ar\/principal\/wp-json\/wp\/v2\/media?parent=90936"}],"wp:term":[{"taxonomy":"category","embeddable":true,"href":"https:\/\/www.hoymercedes.com.ar\/principal\/wp-json\/wp\/v2\/categories?post=90936"},{"taxonomy":"post_tag","embeddable":true,"href":"https:\/\/www.hoymercedes.com.ar\/principal\/wp-json\/wp\/v2\/tags?post=90936"}],"curies":[{"name":"wp","href":"https:\/\/api.w.org\/{rel}","templated":true}]}}