{"id":9094,"date":"2011-11-14T02:30:23","date_gmt":"2011-11-14T02:30:23","guid":{"rendered":"http:\/\/www.hoymercedes.com.ar\/principal\/?p=9094"},"modified":"2011-11-14T02:30:23","modified_gmt":"2011-11-14T02:30:23","slug":"resultados-del-pre-cosquin-2012","status":"publish","type":"post","link":"https:\/\/www.hoymercedes.com.ar\/principal\/2011\/11\/14\/resultados-del-pre-cosquin-2012\/","title":{"rendered":"Resultados del Pre-Cosqu\u00edn 2012"},"content":{"rendered":"<p><a href=\"https:\/\/www.hoymercedes.com.ar\/principal\/wp-content\/uploads\/2011\/11\/pre-cosquin-II.jpg\"><img loading=\"lazy\" decoding=\"async\" data-attachment-id=\"9096\" data-permalink=\"https:\/\/www.hoymercedes.com.ar\/principal\/2011\/11\/14\/resultados-del-pre-cosquin-2012\/pre-cosquin-ii\/#main\" data-orig-file=\"https:\/\/www.hoymercedes.com.ar\/principal\/wp-content\/uploads\/2011\/11\/pre-cosquin-II.jpg\" data-orig-size=\"612,314\" data-comments-opened=\"1\" data-image-meta=\"{&quot;aperture&quot;:&quot;4.5&quot;,&quot;credit&quot;:&quot;&quot;,&quot;camera&quot;:&quot;NIKON D50&quot;,&quot;caption&quot;:&quot;&quot;,&quot;created_timestamp&quot;:&quot;1321132379&quot;,&quot;copyright&quot;:&quot;&quot;,&quot;focal_length&quot;:&quot;28&quot;,&quot;iso&quot;:&quot;0&quot;,&quot;shutter_speed&quot;:&quot;0.0125&quot;,&quot;title&quot;:&quot;&quot;}\" data-image-title=\"pre-cosquin-II\" data-image-description=\"\" data-image-caption=\"\" data-large-file=\"https:\/\/www.hoymercedes.com.ar\/principal\/wp-content\/uploads\/2011\/11\/pre-cosquin-II.jpg\" class=\"aligncenter size-full wp-image-9096\" title=\"pre-cosquin-II\" src=\"https:\/\/www.hoymercedes.com.ar\/principal\/wp-content\/uploads\/2011\/11\/pre-cosquin-II.jpg\" alt=\"\" width=\"612\" height=\"314\" \/><\/a><\/p>\n<p>Representar\u00e1n a la ciudad en el mes de enero de 2012 en Cosqu\u00edn, C\u00f3rdoba. Esta nueva edici\u00f3n del certamen arroj\u00f3 record de inscriptos.<\/p>\n<p>La apertura de la Sede tuvo lugar el pasado s\u00e1bado, en el Centro Cultural Teatro Argentino, donde fueron presentados oficialmente todos los participantes y las palabras de apertura del Director de Cultura, Fernando Pachiani, de la Veedora del Festival, Alicia Soria y del Coordinador, Gerardo Caballero, quienes adem\u00e1s presentaron al jurado, que en esta oportunidad fueron: en Danza la profesora Blanca Tolosa de Fusco y el Profesor Claudio Islas, mientras que en m\u00fasica juraron los cantantes Ricardo Coronel y Viviana Vigil.<\/p>\n<p><a href=\"https:\/\/www.hoymercedes.com.ar\/principal\/wp-content\/uploads\/2011\/11\/pre-cosquin-I.jpg\"><img loading=\"lazy\" decoding=\"async\" data-attachment-id=\"9097\" data-permalink=\"https:\/\/www.hoymercedes.com.ar\/principal\/2011\/11\/14\/resultados-del-pre-cosquin-2012\/pre-cosquin-i\/#main\" data-orig-file=\"https:\/\/www.hoymercedes.com.ar\/principal\/wp-content\/uploads\/2011\/11\/pre-cosquin-I.jpg\" data-orig-size=\"612,261\" data-comments-opened=\"1\" data-image-meta=\"{&quot;aperture&quot;:&quot;4.5&quot;,&quot;credit&quot;:&quot;&quot;,&quot;camera&quot;:&quot;NIKON D50&quot;,&quot;caption&quot;:&quot;&quot;,&quot;created_timestamp&quot;:&quot;1321132741&quot;,&quot;copyright&quot;:&quot;&quot;,&quot;focal_length&quot;:&quot;50&quot;,&quot;iso&quot;:&quot;0&quot;,&quot;shutter_speed&quot;:&quot;0.02&quot;,&quot;title&quot;:&quot;&quot;}\" data-image-title=\"pre-cosquin-I\" data-image-description=\"\" data-image-caption=\"\" data-large-file=\"https:\/\/www.hoymercedes.com.ar\/principal\/wp-content\/uploads\/2011\/11\/pre-cosquin-I.jpg\" class=\"aligncenter size-full wp-image-9097\" title=\"pre-cosquin-I\" src=\"https:\/\/www.hoymercedes.com.ar\/principal\/wp-content\/uploads\/2011\/11\/pre-cosquin-I.jpg\" alt=\"\" width=\"612\" height=\"261\" srcset=\"https:\/\/www.hoymercedes.com.ar\/principal\/wp-content\/uploads\/2011\/11\/pre-cosquin-I.jpg 612w, https:\/\/www.hoymercedes.com.ar\/principal\/wp-content\/uploads\/2011\/11\/pre-cosquin-I-300x127.jpg 300w\" sizes=\"auto, (max-width: 612px) 100vw, 612px\" \/><\/a><\/p>\n<p>Estos fueron los participantes en cada rubro:<\/p>\n<p><strong>SOLISTA VOCAL FEMENINO DE FOLKLORE<\/strong><\/p>\n<p>Polizo, Marisa Marcela (Luj\u00e1n)<\/p>\n<p>Centuri\u00f3n, Carolina (Merlo)<\/p>\n<p><strong>SOLISTA VOCAL FEMENINO DE TANGO<\/strong><\/p>\n<p>Mart\u00ednez, Carolina (General Rodr\u00edguez)<\/p>\n<p>Insurrart Celeste (Luj\u00e1n)<\/p>\n<p><strong>SOLISTA VOCAL MASCULINO DE FOLKLORE<\/strong><\/p>\n<p>Habermann, Juan Pablo (Mercedes)<\/p>\n<p>Leiva, Leandro Daniel (Carmen de Areco)<\/p>\n<p>G\u00f3mez, H\u00e9ctor Daniel (Mercedes)<\/p>\n<p>Rosas, Fernando Javier (Espeleta)<\/p>\n<p>Salvatierra, Pablo (Balcarce)<\/p>\n<p>Aloisio Nicol\u00e1s (Mercedes)<\/p>\n<p><strong>SOLISTA VOCAL MASCULINO DE TANGO<\/strong><\/p>\n<p>Aschero, Pablo (Mercedes)<\/p>\n<p><strong>SOLISTA INSTRUMENTAL<\/strong><\/p>\n<p>Bussetti, Mat\u00edas (Luj\u00e1n)<\/p>\n<p>Gonz\u00e1lez, C\u00e9sar Adri\u00e1n (Marcos Paz)<\/p>\n<p><strong>CANCION INEDITA<\/strong><\/p>\n<p>Centuri\u00f3n, Carolina (Marcos Paz)<\/p>\n<p>Ihitz, H\u00e9ctor (Mercedes)<\/p>\n<p>Luna, Carlos (Mercedes)<\/p>\n<p><strong>RECITADOR<\/strong><\/p>\n<p>P\u00e9rez, Roberto (Balcarce)<\/p>\n<p><strong>MALAMBO INDIVIDUAL<\/strong><\/p>\n<p>Montealegre, Alan Ezequiel (Hurlingham)<\/p>\n<p>Romero, Jorge (Esteban Etcheverr\u00eda)<\/p>\n<p>Matus, Roger Emanuel (Santa Cruz)<\/p>\n<p>4) Leguizam\u00f3n Mat\u00edas (Moreno)<\/p>\n<p><strong>CONJUNTO DE MALAMBO<\/strong><\/p>\n<p>Montes, Cuenca, Cuenca, Herrera (Jos\u00e9 C. Paz)<\/p>\n<p>Correa, Moreno, Leguizam\u00f3n, Hoyos (Moreno)<\/p>\n<p>Ram\u00edrez, D\u00edaz, D\u00edaz, Baldi (Moreno)<\/p>\n<p><strong>PAREJA DE BAILE ESTILIZADA<\/strong><\/p>\n<p>Escobar Oscar y Acevedo Mar\u00eda (Hurlingham)<\/p>\n<p>Sanchez El\u00edas y Dell Ortto Angelica (Hurlingham)<\/p>\n<p><strong>PAREJA DE BAILE TRADICIONAL<\/strong><\/p>\n<p>Escobar Oscar y Acevedo Mar\u00eda (Hurlingham)<\/p>\n<p>Bertotti Alejandro y Vasquez Daniela (Hurlingham)<\/p>\n<p>Leguizam\u00f3n Mat\u00edas y Alegre Tamara (Moreno)<\/p>\n<p><strong>BALLET<\/strong><\/p>\n<p>Ballet Estrella Azul (Hurlingham)<\/p>\n<p>Finalizada la Etapa Clasificatoria, se desarroll\u00f3 la Final que tuvo a los siguientes ganadores, quienes obtuvieron el pasaporte a la Final de Cosqu\u00edn, quedando adem\u00e1s estipulado, que el Locutor que presentar\u00e1 la Sede Mercedes (tal como este a\u00f1o est\u00e1 estipulado, ser\u00e1 Diego Mar\u00fa.<\/p>\n<p><strong>GANADORES<\/strong><\/p>\n<p>SOLISTA VOCAL FEMENINO DE FOLKLORE: Carolina Centuri\u00f3n (Marcos Paz)<\/p>\n<p>SOLISTA VOCAL FEMENINO DE TANGO: Itsurrart Celeste (Luj\u00e1n)<\/p>\n<p>SOLISTA VOCAL MASCULINO DE FOLKLORE: Salvatierra Pablo (Balcarce)<\/p>\n<p>SOLISTA VOCAL MASCULINO DE TANGO: Pablo Aschero (Mercedes)<\/p>\n<p>DUO VOCAL: Los pregoneros (Mercedes)<\/p>\n<p>CANCION INEDITA: Conocerte Amblayo, Carolina Centuri\u00f3n (Marcos Paz)<\/p>\n<p>SOLISTA INSTRUMENTAL: Mat\u00edas Bussetti (Luj\u00e1n)<\/p>\n<p>LOCUTOR: Diego Mar\u00fa<\/p>\n<p>MALAMBO INDIVIDUAL: Jorge Romero (Esteban Etcheverr\u00eda)<\/p>\n<p>CONJUNTO DE MALAMBO: Correa, Moreno, Leguizam\u00f3n y Hoyos (Moreno)<\/p>\n<p>PAREJA DE BAILE TRADICIONAL: Bertotti Alejandro y Vazquez Daniela (Hurlingham)<\/p>\n<p>PAREJA DE BAILE ESTILIZADA: Sanchez El\u00edas y Ang\u00e9lica Dell Ortto (Hurlingham)<\/p>\n<p>BALLET: Ballet Estrella Azul (Hurlingham)<\/p>\n","protected":false},"excerpt":{"rendered":"<p>Representar\u00e1n a la ciudad en el mes de enero de 2012 en Cosqu\u00edn, C\u00f3rdoba. Esta nueva edici\u00f3n del certamen arroj\u00f3 &#8230; <a title=\"Resultados del Pre-Cosqu\u00edn 2012\" class=\"read-more\" href=\"https:\/\/www.hoymercedes.com.ar\/principal\/2011\/11\/14\/resultados-del-pre-cosquin-2012\/\" aria-label=\"Leer m\u00e1s sobre Resultados del Pre-Cosqu\u00edn 2012\">Leer m\u00e1s<\/a><\/p>\n","protected":false},"author":1,"featured_media":0,"comment_status":"open","ping_status":"open","sticky":false,"template":"","format":"standard","meta":{"_monsterinsights_skip_tracking":false,"_monsterinsights_sitenote_active":false,"_monsterinsights_sitenote_note":"","_monsterinsights_sitenote_category":0,"jetpack_post_was_ever_published":false,"_jetpack_newsletter_access":"","_jetpack_dont_email_post_to_subs":false,"_jetpack_newsletter_tier_id":0,"_jetpack_memberships_contains_paywalled_content":false,"_jetpack_memberships_contains_paid_content":false,"footnotes":"","jetpack_publicize_message":"","jetpack_publicize_feature_enabled":true,"jetpack_social_post_already_shared":false,"jetpack_social_options":{"image_generator_settings":{"template":"highway","default_image_id":0,"font":"","enabled":false},"version":2},"_wpas_customize_per_network":false},"categories":[1],"tags":[],"class_list":["post-9094","post","type-post","status-publish","format-standard","hentry","category-opinion","generate-columns","tablet-grid-50","mobile-grid-100","grid-parent","grid-50"],"jetpack_publicize_connections":[],"jetpack_featured_media_url":"","wps_subtitle":"","jetpack_sharing_enabled":true,"_links":{"self":[{"href":"https:\/\/www.hoymercedes.com.ar\/principal\/wp-json\/wp\/v2\/posts\/9094","targetHints":{"allow":["GET"]}}],"collection":[{"href":"https:\/\/www.hoymercedes.com.ar\/principal\/wp-json\/wp\/v2\/posts"}],"about":[{"href":"https:\/\/www.hoymercedes.com.ar\/principal\/wp-json\/wp\/v2\/types\/post"}],"author":[{"embeddable":true,"href":"https:\/\/www.hoymercedes.com.ar\/principal\/wp-json\/wp\/v2\/users\/1"}],"replies":[{"embeddable":true,"href":"https:\/\/www.hoymercedes.com.ar\/principal\/wp-json\/wp\/v2\/comments?post=9094"}],"version-history":[{"count":0,"href":"https:\/\/www.hoymercedes.com.ar\/principal\/wp-json\/wp\/v2\/posts\/9094\/revisions"}],"wp:attachment":[{"href":"https:\/\/www.hoymercedes.com.ar\/principal\/wp-json\/wp\/v2\/media?parent=9094"}],"wp:term":[{"taxonomy":"category","embeddable":true,"href":"https:\/\/www.hoymercedes.com.ar\/principal\/wp-json\/wp\/v2\/categories?post=9094"},{"taxonomy":"post_tag","embeddable":true,"href":"https:\/\/www.hoymercedes.com.ar\/principal\/wp-json\/wp\/v2\/tags?post=9094"}],"curies":[{"name":"wp","href":"https:\/\/api.w.org\/{rel}","templated":true}]}}