{"id":90950,"date":"2019-04-08T11:00:08","date_gmt":"2019-04-08T14:00:08","guid":{"rendered":"http:\/\/www.hoymercedes.com.ar\/principal\/?p=90950"},"modified":"2019-04-08T10:48:02","modified_gmt":"2019-04-08T13:48:02","slug":"la-torta-frita-mas-grande-del-mundo-como-la-preparan","status":"publish","type":"post","link":"https:\/\/www.hoymercedes.com.ar\/principal\/2019\/04\/08\/la-torta-frita-mas-grande-del-mundo-como-la-preparan\/","title":{"rendered":"La Torta Frita m\u00e1s grande del mundo \u00bfC\u00f3mo la preparan?"},"content":{"rendered":"\n<figure class=\"wp-block-image\"><img loading=\"lazy\" decoding=\"async\" width=\"1024\" height=\"576\" data-attachment-id=\"90951\" data-permalink=\"https:\/\/www.hoymercedes.com.ar\/principal\/2019\/04\/08\/la-torta-frita-mas-grande-del-mundo-como-la-preparan\/16-5\/#main\" data-orig-file=\"https:\/\/www.hoymercedes.com.ar\/principal\/wp-content\/uploads\/2019\/04\/16.jpeg\" data-orig-size=\"1280,720\" data-comments-opened=\"0\" data-image-meta=\"{&quot;aperture&quot;:&quot;0&quot;,&quot;credit&quot;:&quot;&quot;,&quot;camera&quot;:&quot;&quot;,&quot;caption&quot;:&quot;&quot;,&quot;created_timestamp&quot;:&quot;0&quot;,&quot;copyright&quot;:&quot;&quot;,&quot;focal_length&quot;:&quot;0&quot;,&quot;iso&quot;:&quot;0&quot;,&quot;shutter_speed&quot;:&quot;0&quot;,&quot;title&quot;:&quot;&quot;,&quot;orientation&quot;:&quot;0&quot;}\" data-image-title=\"16\" data-image-description=\"\" data-image-caption=\"\" data-large-file=\"https:\/\/www.hoymercedes.com.ar\/principal\/wp-content\/uploads\/2019\/04\/16-1024x576.jpeg\" src=\"https:\/\/www.hoymercedes.com.ar\/principal\/wp-content\/uploads\/2019\/04\/16-1024x576.jpeg\" alt=\"\" class=\"wp-image-90951\" srcset=\"https:\/\/www.hoymercedes.com.ar\/principal\/wp-content\/uploads\/2019\/04\/16-1024x576.jpeg 1024w, https:\/\/www.hoymercedes.com.ar\/principal\/wp-content\/uploads\/2019\/04\/16-150x84.jpeg 150w, https:\/\/www.hoymercedes.com.ar\/principal\/wp-content\/uploads\/2019\/04\/16-630x354.jpeg 630w, https:\/\/www.hoymercedes.com.ar\/principal\/wp-content\/uploads\/2019\/04\/16.jpeg 1280w\" sizes=\"auto, (max-width: 1024px) 100vw, 1024px\" \/><figcaption>Desde el aire, antes de cortarla y repartir <\/figcaption><\/figure>\n\n\n\n<p>Mercedes logr\u00f3 tener el r\u00e9cord de\nrealizar la torta frita m\u00e1s grande del mundo siendo m\u00e1s de 5 metros de di\u00e1metro\nlos que se cocinan en la cl\u00e1sica sart\u00e9n gigante en cada una de las ediciones de\nla fiesta, mejorando a\u00f1o a a\u00f1o t\u00e9cnicas y elementos de elaboraci\u00f3n por medio de\nlas Agrupaciones Gauchas Unidas. <\/p>\n\n\n\n<p>Este a\u00f1o, como los anteriores, se\npudo atestiguar como se prepara. Para ello se efect\u00faan algunos procesos y\nc\u00e1lculos para tener el excelente resultado que luego los vecinos y turistas\ndisfrutan.<\/p>\n\n\n\n<p><strong>Proceso <\/strong><\/p>\n\n\n\n<ul class=\"wp-block-list\"><li>Casi un mes antes se cortan y derriten 1500 kilos\nde grasa donados por un importante frigor\u00edfico de la zona.<\/li><li>Se hace una pr\u00e1ctica de elaboraci\u00f3n.<\/li><li>Se corta le\u00f1a en cantidad. <\/li><li>Utilizan 5 kg de sal por torta.<\/li><li>Requiere 120kg de harina cada torta.<\/li><li>70 libros de agua. <\/li><li>12 mujeres amasan.<\/li><li>7 hombres hacen fuerza y estiran luego la masa.<\/li><li>Una mesa de 7m de di\u00e1metro.<\/li><li>1 gr\u00faa para levantar y bajar la torta enrejada<\/li><li>Rastrillos, punzones gigantes y muchas cuchillas<\/li><li>Sart\u00e9n de m\u00e1s de 5m de di\u00e1metro, con holgura\nsuficiente para girarla sin que se trabe. <\/li><\/ul>\n\n\n\n<p>El resultado, es una torta gigante con la cual se dan el gusto de probar bocado cientos de personas, adem\u00e1s, con los recortes que quedan, son otras varias docenas de tortas fritas las que se fr\u00eden y reparten. <\/p>\n\n\n\n<figure class=\"wp-block-image\"><img loading=\"lazy\" decoding=\"async\" width=\"1024\" height=\"576\" data-attachment-id=\"90956\" data-permalink=\"https:\/\/www.hoymercedes.com.ar\/principal\/2019\/04\/08\/la-torta-frita-mas-grande-del-mundo-como-la-preparan\/massa-2\/#main\" data-orig-file=\"https:\/\/www.hoymercedes.com.ar\/principal\/wp-content\/uploads\/2019\/04\/massa.jpg\" data-orig-size=\"1111,625\" data-comments-opened=\"0\" data-image-meta=\"{&quot;aperture&quot;:&quot;0&quot;,&quot;credit&quot;:&quot;&quot;,&quot;camera&quot;:&quot;&quot;,&quot;caption&quot;:&quot;&quot;,&quot;created_timestamp&quot;:&quot;0&quot;,&quot;copyright&quot;:&quot;&quot;,&quot;focal_length&quot;:&quot;0&quot;,&quot;iso&quot;:&quot;0&quot;,&quot;shutter_speed&quot;:&quot;0&quot;,&quot;title&quot;:&quot;&quot;,&quot;orientation&quot;:&quot;0&quot;}\" data-image-title=\"massa\" data-image-description=\"\" data-image-caption=\"\" data-large-file=\"https:\/\/www.hoymercedes.com.ar\/principal\/wp-content\/uploads\/2019\/04\/massa-1024x576.jpg\" src=\"https:\/\/www.hoymercedes.com.ar\/principal\/wp-content\/uploads\/2019\/04\/massa-1024x576.jpg\" alt=\"\" class=\"wp-image-90956\" srcset=\"https:\/\/www.hoymercedes.com.ar\/principal\/wp-content\/uploads\/2019\/04\/massa-1024x576.jpg 1024w, https:\/\/www.hoymercedes.com.ar\/principal\/wp-content\/uploads\/2019\/04\/massa-150x84.jpg 150w, https:\/\/www.hoymercedes.com.ar\/principal\/wp-content\/uploads\/2019\/04\/massa-630x354.jpg 630w, https:\/\/www.hoymercedes.com.ar\/principal\/wp-content\/uploads\/2019\/04\/massa.jpg 1111w\" sizes=\"auto, (max-width: 1024px) 100vw, 1024px\" \/><figcaption>Amasado<\/figcaption><\/figure>\n\n\n\n<figure class=\"wp-block-image\"><img loading=\"lazy\" decoding=\"async\" width=\"900\" height=\"438\" data-attachment-id=\"90953\" data-permalink=\"https:\/\/www.hoymercedes.com.ar\/principal\/2019\/04\/08\/la-torta-frita-mas-grande-del-mundo-como-la-preparan\/tortafrita-201920190406_164308\/#main\" data-orig-file=\"https:\/\/www.hoymercedes.com.ar\/principal\/wp-content\/uploads\/2019\/04\/TortaFrita.201920190406_164308.jpg\" data-orig-size=\"900,438\" data-comments-opened=\"0\" data-image-meta=\"{&quot;aperture&quot;:&quot;2.4&quot;,&quot;credit&quot;:&quot;&quot;,&quot;camera&quot;:&quot;SM-G9650&quot;,&quot;caption&quot;:&quot;&quot;,&quot;created_timestamp&quot;:&quot;1554568988&quot;,&quot;copyright&quot;:&quot;&quot;,&quot;focal_length&quot;:&quot;4.3&quot;,&quot;iso&quot;:&quot;50&quot;,&quot;shutter_speed&quot;:&quot;0.0011173184357542&quot;,&quot;title&quot;:&quot;&quot;,&quot;orientation&quot;:&quot;0&quot;}\" data-image-title=\"TortaFrita.201920190406_164308\" data-image-description=\"\" data-image-caption=\"\" data-large-file=\"https:\/\/www.hoymercedes.com.ar\/principal\/wp-content\/uploads\/2019\/04\/TortaFrita.201920190406_164308.jpg\" src=\"https:\/\/www.hoymercedes.com.ar\/principal\/wp-content\/uploads\/2019\/04\/TortaFrita.201920190406_164308.jpg\" alt=\"\" class=\"wp-image-90953\" srcset=\"https:\/\/www.hoymercedes.com.ar\/principal\/wp-content\/uploads\/2019\/04\/TortaFrita.201920190406_164308.jpg 900w, https:\/\/www.hoymercedes.com.ar\/principal\/wp-content\/uploads\/2019\/04\/TortaFrita.201920190406_164308-150x73.jpg 150w, https:\/\/www.hoymercedes.com.ar\/principal\/wp-content\/uploads\/2019\/04\/TortaFrita.201920190406_164308-630x307.jpg 630w\" sizes=\"auto, (max-width: 900px) 100vw, 900px\" \/><figcaption>Estirado de la masa<\/figcaption><\/figure>\n\n\n\n<figure class=\"wp-block-image\"><img loading=\"lazy\" decoding=\"async\" width=\"900\" height=\"438\" data-attachment-id=\"90957\" data-permalink=\"https:\/\/www.hoymercedes.com.ar\/principal\/2019\/04\/08\/la-torta-frita-mas-grande-del-mundo-como-la-preparan\/tortafrita-201920190406_164919\/#main\" data-orig-file=\"https:\/\/www.hoymercedes.com.ar\/principal\/wp-content\/uploads\/2019\/04\/TortaFrita.201920190406_164919.jpg\" data-orig-size=\"900,438\" data-comments-opened=\"0\" data-image-meta=\"{&quot;aperture&quot;:&quot;2.4&quot;,&quot;credit&quot;:&quot;&quot;,&quot;camera&quot;:&quot;SM-G9650&quot;,&quot;caption&quot;:&quot;&quot;,&quot;created_timestamp&quot;:&quot;1554569359&quot;,&quot;copyright&quot;:&quot;&quot;,&quot;focal_length&quot;:&quot;4.3&quot;,&quot;iso&quot;:&quot;50&quot;,&quot;shutter_speed&quot;:&quot;0.0026595744680851&quot;,&quot;title&quot;:&quot;&quot;,&quot;orientation&quot;:&quot;0&quot;}\" data-image-title=\"TortaFrita.201920190406_164919\" data-image-description=\"\" data-image-caption=\"\" data-large-file=\"https:\/\/www.hoymercedes.com.ar\/principal\/wp-content\/uploads\/2019\/04\/TortaFrita.201920190406_164919.jpg\" src=\"https:\/\/www.hoymercedes.com.ar\/principal\/wp-content\/uploads\/2019\/04\/TortaFrita.201920190406_164919.jpg\" alt=\"\" class=\"wp-image-90957\" srcset=\"https:\/\/www.hoymercedes.com.ar\/principal\/wp-content\/uploads\/2019\/04\/TortaFrita.201920190406_164919.jpg 900w, https:\/\/www.hoymercedes.com.ar\/principal\/wp-content\/uploads\/2019\/04\/TortaFrita.201920190406_164919-150x73.jpg 150w, https:\/\/www.hoymercedes.com.ar\/principal\/wp-content\/uploads\/2019\/04\/TortaFrita.201920190406_164919-630x307.jpg 630w\" sizes=\"auto, (max-width: 900px) 100vw, 900px\" \/><figcaption>Colocan en reja para poder freir<\/figcaption><\/figure>\n\n\n\n<figure class=\"wp-block-image\"><img loading=\"lazy\" decoding=\"async\" width=\"900\" height=\"438\" data-attachment-id=\"90958\" data-permalink=\"https:\/\/www.hoymercedes.com.ar\/principal\/2019\/04\/08\/la-torta-frita-mas-grande-del-mundo-como-la-preparan\/tortafrita-201920190406_171736\/#main\" data-orig-file=\"https:\/\/www.hoymercedes.com.ar\/principal\/wp-content\/uploads\/2019\/04\/TortaFrita.201920190406_171736.jpg\" data-orig-size=\"900,438\" data-comments-opened=\"0\" data-image-meta=\"{&quot;aperture&quot;:&quot;2.4&quot;,&quot;credit&quot;:&quot;&quot;,&quot;camera&quot;:&quot;SM-G9650&quot;,&quot;caption&quot;:&quot;&quot;,&quot;created_timestamp&quot;:&quot;1554571056&quot;,&quot;copyright&quot;:&quot;&quot;,&quot;focal_length&quot;:&quot;4.3&quot;,&quot;iso&quot;:&quot;50&quot;,&quot;shutter_speed&quot;:&quot;0.002212389380531&quot;,&quot;title&quot;:&quot;&quot;,&quot;orientation&quot;:&quot;0&quot;}\" data-image-title=\"TortaFrita.201920190406_171736\" data-image-description=\"\" data-image-caption=\"\" data-large-file=\"https:\/\/www.hoymercedes.com.ar\/principal\/wp-content\/uploads\/2019\/04\/TortaFrita.201920190406_171736.jpg\" src=\"https:\/\/www.hoymercedes.com.ar\/principal\/wp-content\/uploads\/2019\/04\/TortaFrita.201920190406_171736.jpg\" alt=\"\" class=\"wp-image-90958\" srcset=\"https:\/\/www.hoymercedes.com.ar\/principal\/wp-content\/uploads\/2019\/04\/TortaFrita.201920190406_171736.jpg 900w, https:\/\/www.hoymercedes.com.ar\/principal\/wp-content\/uploads\/2019\/04\/TortaFrita.201920190406_171736-150x73.jpg 150w, https:\/\/www.hoymercedes.com.ar\/principal\/wp-content\/uploads\/2019\/04\/TortaFrita.201920190406_171736-630x307.jpg 630w\" sizes=\"auto, (max-width: 900px) 100vw, 900px\" \/><figcaption>Con gr\u00faa la levantan para poder meter en sar\u00e9n<br><br><\/figcaption><\/figure>\n\n\n\n<figure class=\"wp-block-image\"><img loading=\"lazy\" decoding=\"async\" width=\"900\" height=\"438\" data-attachment-id=\"90959\" data-permalink=\"https:\/\/www.hoymercedes.com.ar\/principal\/2019\/04\/08\/la-torta-frita-mas-grande-del-mundo-como-la-preparan\/tortafrita-201920190406_171946\/#main\" data-orig-file=\"https:\/\/www.hoymercedes.com.ar\/principal\/wp-content\/uploads\/2019\/04\/TortaFrita.201920190406_171946.jpg\" data-orig-size=\"900,438\" data-comments-opened=\"0\" data-image-meta=\"{&quot;aperture&quot;:&quot;2.4&quot;,&quot;credit&quot;:&quot;&quot;,&quot;camera&quot;:&quot;SM-G9650&quot;,&quot;caption&quot;:&quot;&quot;,&quot;created_timestamp&quot;:&quot;1554571186&quot;,&quot;copyright&quot;:&quot;&quot;,&quot;focal_length&quot;:&quot;4.3&quot;,&quot;iso&quot;:&quot;50&quot;,&quot;shutter_speed&quot;:&quot;0.016666666666667&quot;,&quot;title&quot;:&quot;&quot;,&quot;orientation&quot;:&quot;0&quot;}\" data-image-title=\"TortaFrita.201920190406_171946\" data-image-description=\"\" data-image-caption=\"\" data-large-file=\"https:\/\/www.hoymercedes.com.ar\/principal\/wp-content\/uploads\/2019\/04\/TortaFrita.201920190406_171946.jpg\" src=\"https:\/\/www.hoymercedes.com.ar\/principal\/wp-content\/uploads\/2019\/04\/TortaFrita.201920190406_171946.jpg\" alt=\"\" class=\"wp-image-90959\" srcset=\"https:\/\/www.hoymercedes.com.ar\/principal\/wp-content\/uploads\/2019\/04\/TortaFrita.201920190406_171946.jpg 900w, https:\/\/www.hoymercedes.com.ar\/principal\/wp-content\/uploads\/2019\/04\/TortaFrita.201920190406_171946-150x73.jpg 150w, https:\/\/www.hoymercedes.com.ar\/principal\/wp-content\/uploads\/2019\/04\/TortaFrita.201920190406_171946-630x307.jpg 630w\" sizes=\"auto, (max-width: 900px) 100vw, 900px\" \/><figcaption>Cocci\u00f3n<\/figcaption><\/figure>\n\n\n\n<figure class=\"wp-block-image\"><img loading=\"lazy\" decoding=\"async\" width=\"900\" height=\"438\" data-attachment-id=\"90960\" data-permalink=\"https:\/\/www.hoymercedes.com.ar\/principal\/2019\/04\/08\/la-torta-frita-mas-grande-del-mundo-como-la-preparan\/tortafrita-201920190406_172644\/#main\" data-orig-file=\"https:\/\/www.hoymercedes.com.ar\/principal\/wp-content\/uploads\/2019\/04\/TortaFrita.201920190406_172644.jpg\" data-orig-size=\"900,438\" data-comments-opened=\"0\" data-image-meta=\"{&quot;aperture&quot;:&quot;2.4&quot;,&quot;credit&quot;:&quot;&quot;,&quot;camera&quot;:&quot;SM-G9650&quot;,&quot;caption&quot;:&quot;&quot;,&quot;created_timestamp&quot;:&quot;1554571604&quot;,&quot;copyright&quot;:&quot;&quot;,&quot;focal_length&quot;:&quot;4.3&quot;,&quot;iso&quot;:&quot;64&quot;,&quot;shutter_speed&quot;:&quot;0.01&quot;,&quot;title&quot;:&quot;&quot;,&quot;orientation&quot;:&quot;0&quot;}\" data-image-title=\"TortaFrita.201920190406_172644\" data-image-description=\"\" data-image-caption=\"\" data-large-file=\"https:\/\/www.hoymercedes.com.ar\/principal\/wp-content\/uploads\/2019\/04\/TortaFrita.201920190406_172644.jpg\" src=\"https:\/\/www.hoymercedes.com.ar\/principal\/wp-content\/uploads\/2019\/04\/TortaFrita.201920190406_172644.jpg\" alt=\"\" class=\"wp-image-90960\" srcset=\"https:\/\/www.hoymercedes.com.ar\/principal\/wp-content\/uploads\/2019\/04\/TortaFrita.201920190406_172644.jpg 900w, https:\/\/www.hoymercedes.com.ar\/principal\/wp-content\/uploads\/2019\/04\/TortaFrita.201920190406_172644-150x73.jpg 150w, https:\/\/www.hoymercedes.com.ar\/principal\/wp-content\/uploads\/2019\/04\/TortaFrita.201920190406_172644-630x307.jpg 630w\" sizes=\"auto, (max-width: 900px) 100vw, 900px\" \/><figcaption>Dan vuelta, para que quede de ambos lados cocida<br><br><\/figcaption><\/figure>\n\n\n\n<figure class=\"wp-block-image\"><img loading=\"lazy\" decoding=\"async\" width=\"900\" height=\"438\" data-attachment-id=\"90952\" data-permalink=\"https:\/\/www.hoymercedes.com.ar\/principal\/2019\/04\/08\/la-torta-frita-mas-grande-del-mundo-como-la-preparan\/tortafrita-201920190406_173717-2\/#main\" data-orig-file=\"https:\/\/www.hoymercedes.com.ar\/principal\/wp-content\/uploads\/2019\/04\/TortaFrita.201920190406_173717-1.jpg\" data-orig-size=\"900,438\" data-comments-opened=\"0\" data-image-meta=\"{&quot;aperture&quot;:&quot;2.4&quot;,&quot;credit&quot;:&quot;&quot;,&quot;camera&quot;:&quot;SM-G9650&quot;,&quot;caption&quot;:&quot;&quot;,&quot;created_timestamp&quot;:&quot;1554572236&quot;,&quot;copyright&quot;:&quot;&quot;,&quot;focal_length&quot;:&quot;4.3&quot;,&quot;iso&quot;:&quot;50&quot;,&quot;shutter_speed&quot;:&quot;0.0056179775280899&quot;,&quot;title&quot;:&quot;&quot;,&quot;orientation&quot;:&quot;0&quot;}\" data-image-title=\"TortaFrita.201920190406_173717\" data-image-description=\"\" data-image-caption=\"\" data-large-file=\"https:\/\/www.hoymercedes.com.ar\/principal\/wp-content\/uploads\/2019\/04\/TortaFrita.201920190406_173717-1.jpg\" src=\"https:\/\/www.hoymercedes.com.ar\/principal\/wp-content\/uploads\/2019\/04\/TortaFrita.201920190406_173717-1.jpg\" alt=\"\" class=\"wp-image-90952\" srcset=\"https:\/\/www.hoymercedes.com.ar\/principal\/wp-content\/uploads\/2019\/04\/TortaFrita.201920190406_173717-1.jpg 900w, https:\/\/www.hoymercedes.com.ar\/principal\/wp-content\/uploads\/2019\/04\/TortaFrita.201920190406_173717-1-150x73.jpg 150w, https:\/\/www.hoymercedes.com.ar\/principal\/wp-content\/uploads\/2019\/04\/TortaFrita.201920190406_173717-1-630x307.jpg 630w\" sizes=\"auto, (max-width: 900px) 100vw, 900px\" \/><figcaption> <br>Una vez cocida la sacan y dejan escurrir unos minutos <\/figcaption><\/figure>\n\n\n\n<figure class=\"wp-block-image\"><img loading=\"lazy\" decoding=\"async\" width=\"656\" height=\"369\" data-attachment-id=\"90954\" data-permalink=\"https:\/\/www.hoymercedes.com.ar\/principal\/2019\/04\/08\/la-torta-frita-mas-grande-del-mundo-como-la-preparan\/dsc09721\/#main\" data-orig-file=\"https:\/\/www.hoymercedes.com.ar\/principal\/wp-content\/uploads\/2019\/04\/DSC09721.jpg\" data-orig-size=\"656,369\" data-comments-opened=\"0\" data-image-meta=\"{&quot;aperture&quot;:&quot;0&quot;,&quot;credit&quot;:&quot;&quot;,&quot;camera&quot;:&quot;&quot;,&quot;caption&quot;:&quot;&quot;,&quot;created_timestamp&quot;:&quot;0&quot;,&quot;copyright&quot;:&quot;&quot;,&quot;focal_length&quot;:&quot;0&quot;,&quot;iso&quot;:&quot;0&quot;,&quot;shutter_speed&quot;:&quot;0&quot;,&quot;title&quot;:&quot;&quot;,&quot;orientation&quot;:&quot;0&quot;}\" data-image-title=\"DSC09721\" data-image-description=\"\" data-image-caption=\"\" data-large-file=\"https:\/\/www.hoymercedes.com.ar\/principal\/wp-content\/uploads\/2019\/04\/DSC09721.jpg\" src=\"https:\/\/www.hoymercedes.com.ar\/principal\/wp-content\/uploads\/2019\/04\/DSC09721.jpg\" alt=\"\" class=\"wp-image-90954\" srcset=\"https:\/\/www.hoymercedes.com.ar\/principal\/wp-content\/uploads\/2019\/04\/DSC09721.jpg 656w, https:\/\/www.hoymercedes.com.ar\/principal\/wp-content\/uploads\/2019\/04\/DSC09721-150x84.jpg 150w, https:\/\/www.hoymercedes.com.ar\/principal\/wp-content\/uploads\/2019\/04\/DSC09721-630x354.jpg 630w\" sizes=\"auto, (max-width: 656px) 100vw, 656px\" \/><figcaption>La colocan sobre la mesa y cortan<\/figcaption><\/figure>\n\n\n\n<figure class=\"wp-block-image\"><img loading=\"lazy\" decoding=\"async\" width=\"1024\" height=\"683\" data-attachment-id=\"90962\" data-permalink=\"https:\/\/www.hoymercedes.com.ar\/principal\/2019\/04\/08\/la-torta-frita-mas-grande-del-mundo-como-la-preparan\/tortafrita-2019sja_4560\/#main\" data-orig-file=\"https:\/\/www.hoymercedes.com.ar\/principal\/wp-content\/uploads\/2019\/04\/TortaFrita.2019SJA_4560.jpg\" data-orig-size=\"1450,967\" data-comments-opened=\"0\" data-image-meta=\"{&quot;aperture&quot;:&quot;3.5&quot;,&quot;credit&quot;:&quot;SEBASTIANAMBROSSIO&quot;,&quot;camera&quot;:&quot;&quot;,&quot;caption&quot;:&quot;&quot;,&quot;created_timestamp&quot;:&quot;0&quot;,&quot;copyright&quot;:&quot;SebastianAmbrossio&quot;,&quot;focal_length&quot;:&quot;24&quot;,&quot;iso&quot;:&quot;0&quot;,&quot;shutter_speed&quot;:&quot;0.008&quot;,&quot;title&quot;:&quot;&quot;,&quot;orientation&quot;:&quot;0&quot;}\" data-image-title=\"TortaFrita.2019SJA_4560\" data-image-description=\"\" data-image-caption=\"\" data-large-file=\"https:\/\/www.hoymercedes.com.ar\/principal\/wp-content\/uploads\/2019\/04\/TortaFrita.2019SJA_4560-1024x683.jpg\" src=\"https:\/\/www.hoymercedes.com.ar\/principal\/wp-content\/uploads\/2019\/04\/TortaFrita.2019SJA_4560-1024x683.jpg\" alt=\"\" class=\"wp-image-90962\" srcset=\"https:\/\/www.hoymercedes.com.ar\/principal\/wp-content\/uploads\/2019\/04\/TortaFrita.2019SJA_4560-1024x683.jpg 1024w, https:\/\/www.hoymercedes.com.ar\/principal\/wp-content\/uploads\/2019\/04\/TortaFrita.2019SJA_4560-150x100.jpg 150w, https:\/\/www.hoymercedes.com.ar\/principal\/wp-content\/uploads\/2019\/04\/TortaFrita.2019SJA_4560-630x420.jpg 630w, https:\/\/www.hoymercedes.com.ar\/principal\/wp-content\/uploads\/2019\/04\/TortaFrita.2019SJA_4560-720x480.jpg 720w, https:\/\/www.hoymercedes.com.ar\/principal\/wp-content\/uploads\/2019\/04\/TortaFrita.2019SJA_4560-360x240.jpg 360w, https:\/\/www.hoymercedes.com.ar\/principal\/wp-content\/uploads\/2019\/04\/TortaFrita.2019SJA_4560.jpg 1450w\" sizes=\"auto, (max-width: 1024px) 100vw, 1024px\" \/><figcaption>Cort\u00e1n y colocan en canastas<\/figcaption><\/figure>\n\n\n\n<figure class=\"wp-block-image\"><img loading=\"lazy\" decoding=\"async\" width=\"864\" height=\"576\" data-attachment-id=\"90963\" data-permalink=\"https:\/\/www.hoymercedes.com.ar\/principal\/2019\/04\/08\/la-torta-frita-mas-grande-del-mundo-como-la-preparan\/reparten\/#main\" data-orig-file=\"https:\/\/www.hoymercedes.com.ar\/principal\/wp-content\/uploads\/2019\/04\/reparten.jpg\" data-orig-size=\"864,576\" data-comments-opened=\"0\" data-image-meta=\"{&quot;aperture&quot;:&quot;0&quot;,&quot;credit&quot;:&quot;SEBASTIANAMBROSSIO&quot;,&quot;camera&quot;:&quot;&quot;,&quot;caption&quot;:&quot;&quot;,&quot;created_timestamp&quot;:&quot;0&quot;,&quot;copyright&quot;:&quot;SebastianAmbrossio&quot;,&quot;focal_length&quot;:&quot;0&quot;,&quot;iso&quot;:&quot;0&quot;,&quot;shutter_speed&quot;:&quot;0&quot;,&quot;title&quot;:&quot;&quot;,&quot;orientation&quot;:&quot;0&quot;}\" data-image-title=\"reparten\" data-image-description=\"\" data-image-caption=\"\" data-large-file=\"https:\/\/www.hoymercedes.com.ar\/principal\/wp-content\/uploads\/2019\/04\/reparten.jpg\" src=\"https:\/\/www.hoymercedes.com.ar\/principal\/wp-content\/uploads\/2019\/04\/reparten.jpg\" alt=\"\" class=\"wp-image-90963\" srcset=\"https:\/\/www.hoymercedes.com.ar\/principal\/wp-content\/uploads\/2019\/04\/reparten.jpg 864w, https:\/\/www.hoymercedes.com.ar\/principal\/wp-content\/uploads\/2019\/04\/reparten-150x100.jpg 150w, https:\/\/www.hoymercedes.com.ar\/principal\/wp-content\/uploads\/2019\/04\/reparten-630x420.jpg 630w, https:\/\/www.hoymercedes.com.ar\/principal\/wp-content\/uploads\/2019\/04\/reparten-720x480.jpg 720w, https:\/\/www.hoymercedes.com.ar\/principal\/wp-content\/uploads\/2019\/04\/reparten-360x240.jpg 360w\" sizes=\"auto, (max-width: 864px) 100vw, 864px\" \/><figcaption>Es repartida entre el p\u00fablico <\/figcaption><\/figure>\n","protected":false},"excerpt":{"rendered":"<p>Mercedes logr\u00f3 tener el r\u00e9cord de realizar la torta frita m\u00e1s grande del mundo siendo m\u00e1s de 5 metros de &#8230; <a title=\"La Torta Frita m\u00e1s grande del mundo \u00bfC\u00f3mo la preparan?\" class=\"read-more\" href=\"https:\/\/www.hoymercedes.com.ar\/principal\/2019\/04\/08\/la-torta-frita-mas-grande-del-mundo-como-la-preparan\/\" aria-label=\"Leer m\u00e1s sobre La Torta Frita m\u00e1s grande del mundo \u00bfC\u00f3mo la preparan?\">Leer m\u00e1s<\/a><\/p>\n","protected":false},"author":1,"featured_media":90951,"comment_status":"closed","ping_status":"open","sticky":false,"template":"","format":"standard","meta":{"_monsterinsights_skip_tracking":false,"_monsterinsights_sitenote_active":false,"_monsterinsights_sitenote_note":"","_monsterinsights_sitenote_category":0,"jetpack_post_was_ever_published":false,"_jetpack_newsletter_access":"","_jetpack_dont_email_post_to_subs":false,"_jetpack_newsletter_tier_id":0,"_jetpack_memberships_contains_paywalled_content":false,"_jetpack_memberships_contains_paid_content":false,"footnotes":"","jetpack_publicize_message":"","jetpack_publicize_feature_enabled":true,"jetpack_social_post_already_shared":true,"jetpack_social_options":{"image_generator_settings":{"template":"highway","default_image_id":0,"font":"","enabled":false},"version":2},"_wpas_customize_per_network":false},"categories":[104],"tags":[2057,244,14826],"class_list":["post-90950","post","type-post","status-publish","format-standard","has-post-thumbnail","hentry","category-cultura","tag-fiesta-de-la-torta-frita","tag-municipio-2","tag-torta-frita-gigante","generate-columns","tablet-grid-50","mobile-grid-100","grid-parent","grid-50"],"jetpack_publicize_connections":[],"jetpack_featured_media_url":"https:\/\/www.hoymercedes.com.ar\/principal\/wp-content\/uploads\/2019\/04\/16.jpeg","wps_subtitle":"Arte culinario","jetpack_sharing_enabled":true,"_links":{"self":[{"href":"https:\/\/www.hoymercedes.com.ar\/principal\/wp-json\/wp\/v2\/posts\/90950","targetHints":{"allow":["GET"]}}],"collection":[{"href":"https:\/\/www.hoymercedes.com.ar\/principal\/wp-json\/wp\/v2\/posts"}],"about":[{"href":"https:\/\/www.hoymercedes.com.ar\/principal\/wp-json\/wp\/v2\/types\/post"}],"author":[{"embeddable":true,"href":"https:\/\/www.hoymercedes.com.ar\/principal\/wp-json\/wp\/v2\/users\/1"}],"replies":[{"embeddable":true,"href":"https:\/\/www.hoymercedes.com.ar\/principal\/wp-json\/wp\/v2\/comments?post=90950"}],"version-history":[{"count":0,"href":"https:\/\/www.hoymercedes.com.ar\/principal\/wp-json\/wp\/v2\/posts\/90950\/revisions"}],"wp:featuredmedia":[{"embeddable":true,"href":"https:\/\/www.hoymercedes.com.ar\/principal\/wp-json\/wp\/v2\/media\/90951"}],"wp:attachment":[{"href":"https:\/\/www.hoymercedes.com.ar\/principal\/wp-json\/wp\/v2\/media?parent=90950"}],"wp:term":[{"taxonomy":"category","embeddable":true,"href":"https:\/\/www.hoymercedes.com.ar\/principal\/wp-json\/wp\/v2\/categories?post=90950"},{"taxonomy":"post_tag","embeddable":true,"href":"https:\/\/www.hoymercedes.com.ar\/principal\/wp-json\/wp\/v2\/tags?post=90950"}],"curies":[{"name":"wp","href":"https:\/\/api.w.org\/{rel}","templated":true}]}}