{"id":90968,"date":"2019-04-08T09:44:18","date_gmt":"2019-04-08T12:44:18","guid":{"rendered":"http:\/\/www.hoymercedes.com.ar\/principal\/?p=90968"},"modified":"2019-04-08T10:47:48","modified_gmt":"2019-04-08T13:47:48","slug":"avisa-al-senasa-carbunclo-que-es-y-como-se-transmite-la-enfermedad","status":"publish","type":"post","link":"https:\/\/www.hoymercedes.com.ar\/principal\/2019\/04\/08\/avisa-al-senasa-carbunclo-que-es-y-como-se-transmite-la-enfermedad\/","title":{"rendered":"Avis\u00e1 al Senasa: Carbunclo, qu\u00e9 es y c\u00f3mo se transmite la enfermedad"},"content":{"rendered":"\n<p>Se encuentra diseminada en casi todo el mundo y es responsable de importantes p\u00e9rdidas econ\u00f3micas. Se transmite de animales enfermos o muertos a los humanos pero no se contagia entre personas. <\/p>\n\n\n\n<figure class=\"wp-block-image\"><img loading=\"lazy\" decoding=\"async\" width=\"800\" height=\"800\" data-attachment-id=\"90969\" data-permalink=\"https:\/\/www.hoymercedes.com.ar\/principal\/2019\/04\/08\/avisa-al-senasa-carbunclo-que-es-y-como-se-transmite-la-enfermedad\/carbun_avisa\/#main\" data-orig-file=\"https:\/\/www.hoymercedes.com.ar\/principal\/wp-content\/uploads\/2019\/04\/carbun_avisa.jpg\" data-orig-size=\"800,800\" data-comments-opened=\"0\" data-image-meta=\"{&quot;aperture&quot;:&quot;0&quot;,&quot;credit&quot;:&quot;&quot;,&quot;camera&quot;:&quot;&quot;,&quot;caption&quot;:&quot;&quot;,&quot;created_timestamp&quot;:&quot;0&quot;,&quot;copyright&quot;:&quot;&quot;,&quot;focal_length&quot;:&quot;0&quot;,&quot;iso&quot;:&quot;0&quot;,&quot;shutter_speed&quot;:&quot;0&quot;,&quot;title&quot;:&quot;&quot;,&quot;orientation&quot;:&quot;0&quot;}\" data-image-title=\"carbun_avisa\" data-image-description=\"\" data-image-caption=\"\" data-large-file=\"https:\/\/www.hoymercedes.com.ar\/principal\/wp-content\/uploads\/2019\/04\/carbun_avisa.jpg\" src=\"https:\/\/www.hoymercedes.com.ar\/principal\/wp-content\/uploads\/2019\/04\/carbun_avisa.jpg\" alt=\"\" class=\"wp-image-90969\" srcset=\"https:\/\/www.hoymercedes.com.ar\/principal\/wp-content\/uploads\/2019\/04\/carbun_avisa.jpg 800w, https:\/\/www.hoymercedes.com.ar\/principal\/wp-content\/uploads\/2019\/04\/carbun_avisa-150x150.jpg 150w, https:\/\/www.hoymercedes.com.ar\/principal\/wp-content\/uploads\/2019\/04\/carbun_avisa-620x620.jpg 620w, https:\/\/www.hoymercedes.com.ar\/principal\/wp-content\/uploads\/2019\/04\/carbun_avisa-100x100.jpg 100w\" sizes=\"auto, (max-width: 800px) 100vw, 800px\" \/><\/figure>\n\n\n\n<p>En el marco de la campa\u00f1a \u201cAvis\u00e1 al Senasa\u201d, sobre prevenci\u00f3n y notificaci\u00f3n de enfermedades de los animales, el Servicio Nacional de Sanidad y Calidad Agroalimentaria (Senasa) informa a veterinarios, productores y p\u00fablico general sobre el carbunclo bacteriano, carbunclo o \u00e1ntrax, una enfermedad infecciosa altamente contagiosa, que afecta preferentemente a los rumiantes y es transmisible a otros animales y a las personas.<\/p>\n\n\n\n<p>La transmisi\u00f3n se produce de animales enfermos o muertos a otros animales y a los humanos pero no se contagia entre personas. Cuando la bacteria entra en contacto con el ox\u00edgeno, forma una espora que es resistente en condiciones clim\u00e1ticas adversas.<\/p>\n\n\n\n<p>Luego, las esporas ingresan al organismo donde liberan toxinas que pueden llegar a causar la muerte. La enfermedad afecta preferentemente a los rumiantes y es transmisible a otros animales.<\/p>\n\n\n\n<p>El principal signo de carbunclo en los bovinos es la muerte s\u00fabita con sangre sin coagular en los orificios naturales (boca, nariz y ano), en los cuales se encuentra la bacteria que la produce. En los caballos es posible observar signos cl\u00ednicos como edemas en cuello y abdomen, as\u00ed como trastornos digestivos, c\u00f3licos y fiebre. En los porcinos tambi\u00e9n se da una evoluci\u00f3n m\u00e1s lenta, con edemas en la zona del cuello.<\/p>\n\n\n\n<p>Es importante la r\u00e1pida adopci\u00f3n de medidas sanitarias para evitar la ocurrencia de casos humanos. En los establecimientos con antecedentes de carbunclo, y ante la detecci\u00f3n de casos de esta enfermedad, se recomienda la vacunaci\u00f3n sistem\u00e1tica del ganado y la eliminaci\u00f3n mediante el procedimiento correspondiente de los animales muertos y del material contaminado.<\/p>\n\n\n\n<p>Recuerde que el carbunclo se encuentra dentro del grupo de enfermedades de denuncia obligatoria por lo que ante la sospecha o confirmaci\u00f3n de alg\u00fan caso en animales, cont\u00e1ctese con el Senasa para notificar sobre esta enfermedad.<\/p>\n\n\n\n<p><strong>Las formas de contacto son:<\/strong><\/p>\n\n\n\n<p>\u2022 En las oficinas del Senasa \u2013comunic\u00e1ndose personalmente o por tel\u00e9fono (las ubicaciones se pueden consultar a trav\u00e9s de la&nbsp;<a href=\"https:\/\/www.argentina.gob.ar\/senasa\/que-es\/centros-regionales\" target=\"_blank\" rel=\"noopener\">web del Organismo<\/a>)\u2013<br>\u2022 A trav\u00e9s de la app \u201cNotificaciones Senasa\u201d, disponible en Play Store.<\/p>\n\n\n\n<p>De esta manera, los veterinarios del Organismo se pondr\u00e1n en conocimiento del caso y evaluar\u00e1n cu\u00e1les son las acciones que se deber\u00e1n seguir. La detecci\u00f3n temprana y la notificaci\u00f3n inmediata de casos de carbunclo son fundamentales para la implementaci\u00f3n de medidas de prevenci\u00f3n, control y vigilancia por parte de los organismos competentes.<\/p>\n","protected":false},"excerpt":{"rendered":"<p>Se encuentra diseminada en casi todo el mundo y es responsable de importantes p\u00e9rdidas econ\u00f3micas. Se transmite de animales enfermos &#8230; <a title=\"Avis\u00e1 al Senasa: Carbunclo, qu\u00e9 es y c\u00f3mo se transmite la enfermedad\" class=\"read-more\" href=\"https:\/\/www.hoymercedes.com.ar\/principal\/2019\/04\/08\/avisa-al-senasa-carbunclo-que-es-y-como-se-transmite-la-enfermedad\/\" aria-label=\"Leer m\u00e1s sobre Avis\u00e1 al Senasa: Carbunclo, qu\u00e9 es y c\u00f3mo se transmite la enfermedad\">Leer m\u00e1s<\/a><\/p>\n","protected":false},"author":1,"featured_media":90969,"comment_status":"closed","ping_status":"open","sticky":false,"template":"","format":"standard","meta":{"_monsterinsights_skip_tracking":false,"_monsterinsights_sitenote_active":false,"_monsterinsights_sitenote_note":"","_monsterinsights_sitenote_category":0,"jetpack_post_was_ever_published":false,"_jetpack_newsletter_access":"","_jetpack_dont_email_post_to_subs":false,"_jetpack_newsletter_tier_id":0,"_jetpack_memberships_contains_paywalled_content":false,"_jetpack_memberships_contains_paid_content":false,"footnotes":"","jetpack_publicize_message":"","jetpack_publicize_feature_enabled":true,"jetpack_social_post_already_shared":true,"jetpack_social_options":{"image_generator_settings":{"template":"highway","default_image_id":0,"font":"","enabled":false},"version":2},"_wpas_customize_per_network":false},"categories":[9791],"tags":[134,14537,8450],"class_list":["post-90968","post","type-post","status-publish","format-standard","has-post-thumbnail","hentry","category-salud","tag-salud","tag-sanidad-animal","tag-senasa","generate-columns","tablet-grid-50","mobile-grid-100","grid-parent","grid-50"],"jetpack_publicize_connections":[],"jetpack_featured_media_url":"https:\/\/www.hoymercedes.com.ar\/principal\/wp-content\/uploads\/2019\/04\/carbun_avisa.jpg","wps_subtitle":"Sanidad animal","jetpack_sharing_enabled":true,"_links":{"self":[{"href":"https:\/\/www.hoymercedes.com.ar\/principal\/wp-json\/wp\/v2\/posts\/90968","targetHints":{"allow":["GET"]}}],"collection":[{"href":"https:\/\/www.hoymercedes.com.ar\/principal\/wp-json\/wp\/v2\/posts"}],"about":[{"href":"https:\/\/www.hoymercedes.com.ar\/principal\/wp-json\/wp\/v2\/types\/post"}],"author":[{"embeddable":true,"href":"https:\/\/www.hoymercedes.com.ar\/principal\/wp-json\/wp\/v2\/users\/1"}],"replies":[{"embeddable":true,"href":"https:\/\/www.hoymercedes.com.ar\/principal\/wp-json\/wp\/v2\/comments?post=90968"}],"version-history":[{"count":0,"href":"https:\/\/www.hoymercedes.com.ar\/principal\/wp-json\/wp\/v2\/posts\/90968\/revisions"}],"wp:featuredmedia":[{"embeddable":true,"href":"https:\/\/www.hoymercedes.com.ar\/principal\/wp-json\/wp\/v2\/media\/90969"}],"wp:attachment":[{"href":"https:\/\/www.hoymercedes.com.ar\/principal\/wp-json\/wp\/v2\/media?parent=90968"}],"wp:term":[{"taxonomy":"category","embeddable":true,"href":"https:\/\/www.hoymercedes.com.ar\/principal\/wp-json\/wp\/v2\/categories?post=90968"},{"taxonomy":"post_tag","embeddable":true,"href":"https:\/\/www.hoymercedes.com.ar\/principal\/wp-json\/wp\/v2\/tags?post=90968"}],"curies":[{"name":"wp","href":"https:\/\/api.w.org\/{rel}","templated":true}]}}