{"id":91007,"date":"2019-04-08T12:27:11","date_gmt":"2019-04-08T15:27:11","guid":{"rendered":"http:\/\/www.hoymercedes.com.ar\/principal\/?p=91007"},"modified":"2019-04-08T14:34:27","modified_gmt":"2019-04-08T17:34:27","slug":"estudiantes-ateneo-quilmes-y-juventud-son-los-lideres-en-primera-galeria-de-fotos","status":"publish","type":"post","link":"https:\/\/www.hoymercedes.com.ar\/principal\/2019\/04\/08\/estudiantes-ateneo-quilmes-y-juventud-son-los-lideres-en-primera-galeria-de-fotos\/","title":{"rendered":"Estudiantes, Ateneo, Quilmes y Juventud son los l\u00edderes en Primera (galer\u00eda de fotos)"},"content":{"rendered":"\n<p><strong>Fotos: Mario Moreira.<\/strong> En este particular torneo que tiene la Primera Divisi\u00f3n de la Liga Mercedina, este fin de semana se jug\u00f3 la cuarta fecha, que fue la segunda zonal, ya que en las dos anteriores se jugaron encuentros interzonales. Quedaron libres Club Mercedes, Uni\u00f3n y Talleres Payr\u00f3, mientras que los encuentros entre Comunicaciones y El Front\u00f3n y el de La Diego Armando ante Pabell\u00f3n, se postergaron.<\/p>\n\n\n\n<figure class=\"wp-block-image\"><img loading=\"lazy\" decoding=\"async\" width=\"650\" height=\"432\" data-attachment-id=\"91008\" data-permalink=\"https:\/\/www.hoymercedes.com.ar\/principal\/2019\/04\/08\/estudiantes-ateneo-quilmes-y-juventud-son-los-lideres-en-primera-galeria-de-fotos\/dsc_3568\/#main\" data-orig-file=\"https:\/\/www.hoymercedes.com.ar\/principal\/wp-content\/uploads\/2019\/04\/DSC_3568.jpg\" data-orig-size=\"650,432\" data-comments-opened=\"0\" data-image-meta=\"{&quot;aperture&quot;:&quot;4.5&quot;,&quot;credit&quot;:&quot;Moreira Mario Hugo&quot;,&quot;camera&quot;:&quot;NIKON D300&quot;,&quot;caption&quot;:&quot;&quot;,&quot;created_timestamp&quot;:&quot;1554556535&quot;,&quot;copyright&quot;:&quot;Moreira Mario Hugo&quot;,&quot;focal_length&quot;:&quot;170&quot;,&quot;iso&quot;:&quot;100&quot;,&quot;shutter_speed&quot;:&quot;0.0008&quot;,&quot;title&quot;:&quot;&quot;,&quot;orientation&quot;:&quot;0&quot;}\" data-image-title=\"DSC_3568\" data-image-description=\"\" data-image-caption=\"\" data-large-file=\"https:\/\/www.hoymercedes.com.ar\/principal\/wp-content\/uploads\/2019\/04\/DSC_3568.jpg\" src=\"https:\/\/www.hoymercedes.com.ar\/principal\/wp-content\/uploads\/2019\/04\/DSC_3568.jpg\" alt=\"\" class=\"wp-image-91008\" srcset=\"https:\/\/www.hoymercedes.com.ar\/principal\/wp-content\/uploads\/2019\/04\/DSC_3568.jpg 650w, https:\/\/www.hoymercedes.com.ar\/principal\/wp-content\/uploads\/2019\/04\/DSC_3568-150x100.jpg 150w, https:\/\/www.hoymercedes.com.ar\/principal\/wp-content\/uploads\/2019\/04\/DSC_3568-630x419.jpg 630w, https:\/\/www.hoymercedes.com.ar\/principal\/wp-content\/uploads\/2019\/04\/DSC_3568-360x240.jpg 360w\" sizes=\"auto, (max-width: 650px) 100vw, 650px\" \/><\/figure>\n\n\n\n<p><strong>Col\u00f3n 2:<\/strong>&nbsp;Ariel Rivero, Jos\u00e9 Peralta, Tob\u00edas Cuberas, Osvaldo Ferrari, Hugo Bordi, Alberto Araujo, Federico Marrafeiro, Nicol\u00e1s Arce, Juan Tiberi, Laureano Medina y Tom\u00e1s Moreno.&nbsp;<strong>DT:<\/strong>&nbsp;Fernando Mainelli.&nbsp;<strong>Suplentes:<\/strong>&nbsp;Mat\u00edas Serra, Germ\u00e1n Alvarez y Gonzalo Espinosa.<br><strong>Ateneo de la Juventud 2:<\/strong>&nbsp;Agust\u00edn Ramos, Joaqu\u00edn Mendiola, Joaqu\u00edn Medina, Santiago Chen, Nicol\u00e1s P\u00e9rez, Manuel Bigongiari, Lucio Ojeda, Nicol\u00e1s Ram\u00edrez, Angel Pucheta, Ger\u00f3nimo Puricelli y Gino Jadra Tau.&nbsp;<strong>DT:<\/strong>&nbsp;Mario Morales.&nbsp;<strong>Suplentes:<\/strong>&nbsp;Franco Pascual, Enzo Spoturno y Nicol\u00e1s Bertaina.<br><strong>Goles en el PT:<\/strong>&nbsp;A los 15\u2019 Nicol\u00e1s Arce para Col\u00f3n y a los 18\u2019 Angel Pucheta para Ateneo.<br><strong>Gol en el ST:<\/strong>&nbsp;A los 18\u2019 Juan Tiberi para Col\u00f3n. A los 31\u2019 Gino Jadra Tau en Ateneo.<br><strong>Cambios:<\/strong>&nbsp;Leonardo Chaparro por Lucio Ojeda, Maximiliano Arzani por Nicol\u00e1s P\u00e9rez y Claudio Carrizo por Nicol\u00e1s Ram\u00edrez en Ateneo. Marcelo Echecopar por Nicol\u00e1s Arce y Flavio Rey por Tom\u00e1s Moreno y Jos\u00edas Cuberas por Tob\u00edas Cuberas en Col\u00f3n.<br><strong>Arbitro:<\/strong>&nbsp;C\u00e9sar Espinoza (SADRA). <\/p>\n\n\n\n<p><strong>AMEFIP San Mart\u00edn 1:<\/strong>&nbsp;Diego Benedeti, Lucas Blanco, Juli\u00e1n Galardo, Ezequiel Ramos, Dar\u00edo Guti\u00e9rrez, Cristian Salvatierra, Cristian Pedrazza, Agust\u00edn Ram\u00edrez, Federico Amaya, Enzo Cobuccio y Leandro Ram\u00edrez.&nbsp;<strong>DT:<\/strong>&nbsp;Nicol\u00e1s Serebrinsky.&nbsp;<strong>Suplentes:<\/strong>&nbsp;Lucas Lambiasse; Emanuel Castro y Marcos Camargo.<br><strong>El Tim\u00f3n 2:<\/strong>&nbsp;Agust\u00edn Garc\u00eda, Diego Asensos, Cristian Re, Gustavo Saavedra, Patricio Garc\u00eda Rey, N\u00e9stor Fern\u00e1ndez, Mart\u00edn Di Blasi, Jerem\u00eda Souble, Juan Rolandelli, Federico Monz\u00f3n y Mat\u00edas S\u00e1nchez.&nbsp;<strong>DT:<\/strong>&nbsp;Pablo Aranda.&nbsp;<strong>Suplentes:<\/strong>&nbsp;Pablo Micheli, Nicol\u00e1s Rodr\u00edguez, Ariel Giacovino y Pablo Barbieri.<br><strong>Gol en el ST:<\/strong>&nbsp;A los 13\u2019 Juan Rolandelli para El Tim\u00f3n y a los 38\u2019 Sergio Ram\u00edrez para AMEFIP San Mart\u00edn y a los 44\u2019 Juan Lagrecca para El Tim\u00f3n.<br><strong>Cambios:<\/strong>&nbsp;Enzo Mendoza por Leandro Ram\u00edrez, Sergio Ram\u00edrez por Juli\u00e1n Galardo en AMEFIP San Mart\u00edn. Bautista Mignone por Mat\u00edas S\u00e1nchez y Juan Lagrecca por Mart\u00edn Di Blasi y Nicol\u00e1s Lecce por Federico Monz\u00f3n en El Tim\u00f3n.<br><strong>Arbitro:<\/strong>&nbsp;Carlos Alnny (SADRA).<br><strong>Expulsados:<\/strong>&nbsp;Cristian Re en El Tim\u00f3n y Ezequiel Ramos en AMEFIP San Mart\u00edn en 40\u2019 del ST. <\/p>\n\n\n\n<p><strong>Holanda 1:<\/strong>&nbsp;Paulo Villaroel, Lucas Ortubia, Nicol\u00e1s D\u00edaz, Brian Climi\u00f1o, Santiago Vaca, Jorge Canteros, Juli\u00e1n Vita, Jonathan Damonte, Mat\u00edas Meriles, Rodrigo Colicigno y Gast\u00f3n Lucero.&nbsp;<strong>DT:<\/strong>&nbsp;Jos\u00e9 Medina.&nbsp;<strong>Suplentes:<\/strong>&nbsp; Adolfo Leiva y Horacio Sotelo.<br><strong>Estudiantes 1:<\/strong>&nbsp;Tom\u00e1s Borrasca, Bruno Maldonado, Leandro Vignau, Diego Ferrara, Juan Ponce, Jer\u00f3nimo Luna, Mart\u00edn Echeverry, Pablo Giacoy, Axel Reyne, Francisco Basualdo y Mat\u00edas L\u00f3pez.&nbsp;<strong>DT:<\/strong>&nbsp;Gabriel Lima.&nbsp;<strong>Suplentes:<\/strong>&nbsp;Jorge Bartolomeo, Agust\u00edn Luna y Juan Montero.<br><strong>Gol en el PT:<\/strong>&nbsp;A los 34\u2019 Axel Reyne para Estudiantes.<br><strong>Gol en el ST:<\/strong>&nbsp;A los 34\u2019 Juli\u00e1n Vita para Holanda.<br><strong>Cambios:<\/strong>&nbsp;Nicol\u00e1s Ledesma por Mart\u00edn Echeverry, Diego Ludue\u00f1a por Francisco Basualdo y Paulo Lescano por Mat\u00edas L\u00f3pez en Estudiantes. Jorge Olivera por Nicol\u00e1s D\u00edaz y Gustavo Morales por Jorge Contreras en Holanda.<br><strong>Arbitro:<\/strong>&nbsp;Sergio Monz\u00f3n (SADRA). <\/p>\n\n\n\n<p><strong>Quilmes 3:<\/strong>&nbsp;Pablo Fontana, Mariano Carretero, Nicol\u00e1s Gollo, Nicol\u00e1s Mansilla, Facundo Quiroga, Oscar Morales, Nicol\u00e1s Paniagua, Daniel Paj\u00f3n, Jonathan L\u00f3pez, Alejandro Cardozo y Lucas Nocetti.&nbsp;<strong>DT:<\/strong>&nbsp;Cristian Coccaro.&nbsp;<strong>Suplentes:<\/strong>&nbsp;Mateo Mirano, Manuel Culicino, Juan Robin y Joaqu\u00edn Dabove.<br><strong>Defensores 2:<\/strong>&nbsp;Diego Avenda\u00f1o, Ariel Sejas, Jos\u00e9 Rodr\u00edguez, Brandon Fern\u00e1ndez, Emmanuel Cantero, Mart\u00edn Ag\u00fcero, Leonardo Rettori, Ezequiel Roda, Leonardo Ferrero, Jonathan Cuello y Sebasti\u00e1n Su\u00e1rez.&nbsp;<strong>DT:<\/strong>&nbsp;Oscar Altuna.&nbsp;<strong>Suplentes:<\/strong>&nbsp;Gustavo Leiva, Mart\u00edn Altuna y Tom\u00e1s L\u00f3pez.<br><strong>Gol en el PT:<\/strong>&nbsp;A los 14\u2019 Leonardo Rettori para Defensores.<br><strong>Goles en el ST:<\/strong>&nbsp;Al 1\u2019 Alejandro Cardozo&nbsp; y&nbsp; a los 18\u2019 Daniel Paj\u00f3n para Quilmes. A los 25\u2019 Mart\u00edn Ag\u00fcero para Defensores y a los 32\u2019 Alejandro Cardozo para Quilmes.<br><strong>Cambios:<\/strong>&nbsp;Francisco Gorosito por Brandon Fern\u00e1ndez, Luis Corbera por Jonathan Cuello y&nbsp; Eric Sosa por Francisco Gorosito en Defensores. Nicol\u00e1s Loza por Nicol\u00e1s Paniagua, Agust\u00edn Covello por Joaqu\u00edn Lucas Nocetti y Mariano Villone por Daniel Paj\u00f3n en Quilmes.<br><strong>Arbitro:<\/strong> Germ\u00e1n Gauna (AAM).<\/p>\n\n\n\n<p><strong>V\u00e9lez Sarsfield 5:<\/strong>&nbsp;Mat\u00edas Ram\u00edrez, Alvaro D\u00edaz, Miguel Maldonado, Daniel Jara, Maximiliano Lettieri, Jonatan Torre, Federico Alderete, Rodolfo Aquino, Nicol\u00e1s Bartolomeo, Dante D\u00edaz y Gabriel Maldonado.&nbsp;<strong>DT:<\/strong>&nbsp;Ernesto Ballesteros.&nbsp;<strong>Suplentes:<\/strong>Lautaro Benavidez y Diego Serrano.<br><strong>Palometas 0:<\/strong>&nbsp;Jos\u00e9 Ventura, Maximiliano Scheitler, Eduardo Libares, Miguel Lobos, Nicol\u00e1s Aranda, Cristian Pereira, Agust\u00edn P\u00f3rfido, Mart\u00edn Pastor, David Bertera, Deivy Gonz\u00e1lez y Facundo Pinto.&nbsp;<strong>DT:<\/strong>&nbsp;Juan Amed.&nbsp;<strong>Suplentes:<\/strong>&nbsp;Mat\u00edas Fern\u00e1ndez, Tom\u00e1s Pinto, Maximiliano castro y Luciano Apariente.<br><strong>Goles:<\/strong>&nbsp;Alvaro D\u00edaz, Federico Alderete 2, Rodolfo Aquino y Nicol\u00e1s Bartolomeo.<br><strong>Cambios:<\/strong>&nbsp;Ariel Mu\u00f1oz por Dante D\u00edaz, Agust\u00edn Deachaval por Nicol\u00e1s Bartolomeo y Edward Doria por Federico Alderete en V\u00e9lez. Diego Figueredo por Deivy Gonz\u00e1lez, Nicol\u00e1s M\u00e9ndez por Eduardo Libares y Gustavo Medone por Miguel Lobos en Palometas.<br><strong>Arbitro:<\/strong>&nbsp;Mariano Marcelo (AAM). <\/p>\n\n\n\n<p><strong>Costa Brava 0.<br>Juventud 4:<\/strong>&nbsp;Mat\u00edas Correa, Joaqu\u00edn Sosa 2 y Eduardo Su\u00e1rez.<\/p>\n\n\n\n<p><strong>Atl\u00e9tico Marcos Paz 0.<br>Trocha 0.<\/strong><\/p>\n\n\n\n<p>Pr\u00f3xima fecha &#8211; 5\u00b0<\/p>\n\n\n\n<p><em><strong>Domingo 14 de abril, cancha Liga Mercedina<\/strong><\/em><br>13:00 hs. Los Carteros Vs. Atl\u00e9tico Marcos Paz<br>15:00 hs. Estudiantes Vs. V\u00e9lez<br>17:00 hs. Holanda Vs. AMEFIP<\/p>\n\n\n\n<p><em><strong>Domingo 14 de abril, cancha V\u00e9lez Sarsfield<\/strong><\/em><br>13:30 hs. Ateneo Vs. Defensores<br>15:30 hs. La Diego Armando Vs. Juventud<\/p>\n\n\n\n<p><em><strong>Domingo 14 de abril, cancha Col\u00f3n de Luj\u00e1n<\/strong><\/em><br>15:00 hs. Col\u00f3n Vs. Quilmes<\/p>\n\n\n\n<p><em><strong>Domingo 14 de abril, cancha Costa Brava<\/strong><\/em><br>16:00 hs. Costa Brava Vs. Uni\u00f3n<\/p>\n\n\n\n<p><em><strong>Mi\u00e9rcoles 17 de abril, cancha Liga Mercedina<\/strong><\/em><br>19:30 hs. Mercedes Vs. Talleres<br>21:30 hs. Trocha Vs. El Front\u00f3n<\/p>\n\n\n\n<p><em><strong>Mi\u00e9rcoles 17 de abril, cancha Pabell\u00f3n Argentino<\/strong><\/em><br>A confirmar hora Pabell\u00f3n Argentino Vs. Palometas<\/p>\n\n\n\n<ul class=\"wp-block-gallery columns-3 is-cropped wp-block-gallery-1 is-layout-flex wp-block-gallery-is-layout-flex\"><li class=\"blocks-gallery-item\"><figure><img loading=\"lazy\" decoding=\"async\" width=\"650\" height=\"432\" data-attachment-id=\"91009\" data-permalink=\"https:\/\/www.hoymercedes.com.ar\/principal\/2019\/04\/08\/estudiantes-ateneo-quilmes-y-juventud-son-los-lideres-en-primera-galeria-de-fotos\/dsc_3616\/#main\" data-orig-file=\"https:\/\/www.hoymercedes.com.ar\/principal\/wp-content\/uploads\/2019\/04\/DSC_3616.jpg\" data-orig-size=\"650,432\" data-comments-opened=\"0\" data-image-meta=\"{&quot;aperture&quot;:&quot;4&quot;,&quot;credit&quot;:&quot;Moreira Mario Hugo&quot;,&quot;camera&quot;:&quot;NIKON D300&quot;,&quot;caption&quot;:&quot;&quot;,&quot;created_timestamp&quot;:&quot;1554557800&quot;,&quot;copyright&quot;:&quot;Moreira Mario Hugo&quot;,&quot;focal_length&quot;:&quot;200&quot;,&quot;iso&quot;:&quot;200&quot;,&quot;shutter_speed&quot;:&quot;0.00125&quot;,&quot;title&quot;:&quot;&quot;,&quot;orientation&quot;:&quot;0&quot;}\" data-image-title=\"DSC_3616\" data-image-description=\"\" data-image-caption=\"\" data-large-file=\"https:\/\/www.hoymercedes.com.ar\/principal\/wp-content\/uploads\/2019\/04\/DSC_3616.jpg\" src=\"https:\/\/www.hoymercedes.com.ar\/principal\/wp-content\/uploads\/2019\/04\/DSC_3616.jpg\" alt=\"\" data-id=\"91009\" data-link=\"https:\/\/www.hoymercedes.com.ar\/principal\/?attachment_id=91009\" class=\"wp-image-91009\" srcset=\"https:\/\/www.hoymercedes.com.ar\/principal\/wp-content\/uploads\/2019\/04\/DSC_3616.jpg 650w, https:\/\/www.hoymercedes.com.ar\/principal\/wp-content\/uploads\/2019\/04\/DSC_3616-150x100.jpg 150w, https:\/\/www.hoymercedes.com.ar\/principal\/wp-content\/uploads\/2019\/04\/DSC_3616-630x419.jpg 630w, https:\/\/www.hoymercedes.com.ar\/principal\/wp-content\/uploads\/2019\/04\/DSC_3616-360x240.jpg 360w\" sizes=\"auto, (max-width: 650px) 100vw, 650px\" \/><\/figure><\/li><li class=\"blocks-gallery-item\"><figure><img loading=\"lazy\" decoding=\"async\" width=\"650\" height=\"432\" data-attachment-id=\"91010\" data-permalink=\"https:\/\/www.hoymercedes.com.ar\/principal\/2019\/04\/08\/estudiantes-ateneo-quilmes-y-juventud-son-los-lideres-en-primera-galeria-de-fotos\/dsc_3852\/#main\" data-orig-file=\"https:\/\/www.hoymercedes.com.ar\/principal\/wp-content\/uploads\/2019\/04\/DSC_3852.jpg\" data-orig-size=\"650,432\" data-comments-opened=\"0\" data-image-meta=\"{&quot;aperture&quot;:&quot;4.5&quot;,&quot;credit&quot;:&quot;Moreira Mario Hugo&quot;,&quot;camera&quot;:&quot;NIKON D300&quot;,&quot;caption&quot;:&quot;&quot;,&quot;created_timestamp&quot;:&quot;1554568401&quot;,&quot;copyright&quot;:&quot;Moreira Mario Hugo&quot;,&quot;focal_length&quot;:&quot;200&quot;,&quot;iso&quot;:&quot;125&quot;,&quot;shutter_speed&quot;:&quot;0.001&quot;,&quot;title&quot;:&quot;&quot;,&quot;orientation&quot;:&quot;0&quot;}\" data-image-title=\"DSC_3852\" data-image-description=\"\" data-image-caption=\"\" data-large-file=\"https:\/\/www.hoymercedes.com.ar\/principal\/wp-content\/uploads\/2019\/04\/DSC_3852.jpg\" src=\"https:\/\/www.hoymercedes.com.ar\/principal\/wp-content\/uploads\/2019\/04\/DSC_3852.jpg\" alt=\"\" data-id=\"91010\" data-link=\"https:\/\/www.hoymercedes.com.ar\/principal\/?attachment_id=91010\" class=\"wp-image-91010\" srcset=\"https:\/\/www.hoymercedes.com.ar\/principal\/wp-content\/uploads\/2019\/04\/DSC_3852.jpg 650w, https:\/\/www.hoymercedes.com.ar\/principal\/wp-content\/uploads\/2019\/04\/DSC_3852-150x100.jpg 150w, https:\/\/www.hoymercedes.com.ar\/principal\/wp-content\/uploads\/2019\/04\/DSC_3852-630x419.jpg 630w, https:\/\/www.hoymercedes.com.ar\/principal\/wp-content\/uploads\/2019\/04\/DSC_3852-360x240.jpg 360w\" sizes=\"auto, (max-width: 650px) 100vw, 650px\" \/><\/figure><\/li><li class=\"blocks-gallery-item\"><figure><img loading=\"lazy\" decoding=\"async\" width=\"650\" height=\"432\" data-attachment-id=\"91011\" data-permalink=\"https:\/\/www.hoymercedes.com.ar\/principal\/2019\/04\/08\/estudiantes-ateneo-quilmes-y-juventud-son-los-lideres-en-primera-galeria-de-fotos\/dsc_3867\/#main\" data-orig-file=\"https:\/\/www.hoymercedes.com.ar\/principal\/wp-content\/uploads\/2019\/04\/DSC_3867.jpg\" data-orig-size=\"650,432\" data-comments-opened=\"0\" data-image-meta=\"{&quot;aperture&quot;:&quot;4&quot;,&quot;credit&quot;:&quot;Moreira Mario Hugo&quot;,&quot;camera&quot;:&quot;NIKON D300&quot;,&quot;caption&quot;:&quot;&quot;,&quot;created_timestamp&quot;:&quot;1554568995&quot;,&quot;copyright&quot;:&quot;Moreira Mario Hugo&quot;,&quot;focal_length&quot;:&quot;200&quot;,&quot;iso&quot;:&quot;160&quot;,&quot;shutter_speed&quot;:&quot;0.000625&quot;,&quot;title&quot;:&quot;&quot;,&quot;orientation&quot;:&quot;0&quot;}\" data-image-title=\"DSC_3867\" data-image-description=\"\" data-image-caption=\"\" data-large-file=\"https:\/\/www.hoymercedes.com.ar\/principal\/wp-content\/uploads\/2019\/04\/DSC_3867.jpg\" src=\"https:\/\/www.hoymercedes.com.ar\/principal\/wp-content\/uploads\/2019\/04\/DSC_3867.jpg\" alt=\"\" data-id=\"91011\" data-link=\"https:\/\/www.hoymercedes.com.ar\/principal\/?attachment_id=91011\" class=\"wp-image-91011\" srcset=\"https:\/\/www.hoymercedes.com.ar\/principal\/wp-content\/uploads\/2019\/04\/DSC_3867.jpg 650w, https:\/\/www.hoymercedes.com.ar\/principal\/wp-content\/uploads\/2019\/04\/DSC_3867-150x100.jpg 150w, https:\/\/www.hoymercedes.com.ar\/principal\/wp-content\/uploads\/2019\/04\/DSC_3867-630x419.jpg 630w, https:\/\/www.hoymercedes.com.ar\/principal\/wp-content\/uploads\/2019\/04\/DSC_3867-360x240.jpg 360w\" sizes=\"auto, (max-width: 650px) 100vw, 650px\" \/><\/figure><\/li><li class=\"blocks-gallery-item\"><figure><img loading=\"lazy\" decoding=\"async\" width=\"650\" height=\"432\" data-attachment-id=\"91012\" data-permalink=\"https:\/\/www.hoymercedes.com.ar\/principal\/2019\/04\/08\/estudiantes-ateneo-quilmes-y-juventud-son-los-lideres-en-primera-galeria-de-fotos\/dsc_3914\/#main\" data-orig-file=\"https:\/\/www.hoymercedes.com.ar\/principal\/wp-content\/uploads\/2019\/04\/DSC_3914.jpg\" data-orig-size=\"650,432\" data-comments-opened=\"0\" data-image-meta=\"{&quot;aperture&quot;:&quot;4&quot;,&quot;credit&quot;:&quot;Moreira Mario Hugo&quot;,&quot;camera&quot;:&quot;NIKON D300&quot;,&quot;caption&quot;:&quot;&quot;,&quot;created_timestamp&quot;:&quot;1554571065&quot;,&quot;copyright&quot;:&quot;Moreira Mario Hugo&quot;,&quot;focal_length&quot;:&quot;125&quot;,&quot;iso&quot;:&quot;320&quot;,&quot;shutter_speed&quot;:&quot;0.00125&quot;,&quot;title&quot;:&quot;&quot;,&quot;orientation&quot;:&quot;0&quot;}\" data-image-title=\"DSC_3914\" data-image-description=\"\" data-image-caption=\"\" data-large-file=\"https:\/\/www.hoymercedes.com.ar\/principal\/wp-content\/uploads\/2019\/04\/DSC_3914.jpg\" src=\"https:\/\/www.hoymercedes.com.ar\/principal\/wp-content\/uploads\/2019\/04\/DSC_3914.jpg\" alt=\"\" data-id=\"91012\" data-link=\"https:\/\/www.hoymercedes.com.ar\/principal\/?attachment_id=91012\" class=\"wp-image-91012\" srcset=\"https:\/\/www.hoymercedes.com.ar\/principal\/wp-content\/uploads\/2019\/04\/DSC_3914.jpg 650w, https:\/\/www.hoymercedes.com.ar\/principal\/wp-content\/uploads\/2019\/04\/DSC_3914-150x100.jpg 150w, https:\/\/www.hoymercedes.com.ar\/principal\/wp-content\/uploads\/2019\/04\/DSC_3914-630x419.jpg 630w, https:\/\/www.hoymercedes.com.ar\/principal\/wp-content\/uploads\/2019\/04\/DSC_3914-360x240.jpg 360w\" sizes=\"auto, (max-width: 650px) 100vw, 650px\" \/><\/figure><\/li><li class=\"blocks-gallery-item\"><figure><img loading=\"lazy\" decoding=\"async\" width=\"650\" height=\"432\" data-attachment-id=\"91013\" data-permalink=\"https:\/\/www.hoymercedes.com.ar\/principal\/2019\/04\/08\/estudiantes-ateneo-quilmes-y-juventud-son-los-lideres-en-primera-galeria-de-fotos\/dsc_3934\/#main\" data-orig-file=\"https:\/\/www.hoymercedes.com.ar\/principal\/wp-content\/uploads\/2019\/04\/DSC_3934.jpg\" data-orig-size=\"650,432\" data-comments-opened=\"0\" data-image-meta=\"{&quot;aperture&quot;:&quot;3.2&quot;,&quot;credit&quot;:&quot;Moreira Mario Hugo&quot;,&quot;camera&quot;:&quot;NIKON D300&quot;,&quot;caption&quot;:&quot;&quot;,&quot;created_timestamp&quot;:&quot;1554571493&quot;,&quot;copyright&quot;:&quot;Moreira Mario Hugo&quot;,&quot;focal_length&quot;:&quot;200&quot;,&quot;iso&quot;:&quot;500&quot;,&quot;shutter_speed&quot;:&quot;0.00125&quot;,&quot;title&quot;:&quot;&quot;,&quot;orientation&quot;:&quot;0&quot;}\" data-image-title=\"DSC_3934\" data-image-description=\"\" data-image-caption=\"\" data-large-file=\"https:\/\/www.hoymercedes.com.ar\/principal\/wp-content\/uploads\/2019\/04\/DSC_3934.jpg\" src=\"https:\/\/www.hoymercedes.com.ar\/principal\/wp-content\/uploads\/2019\/04\/DSC_3934.jpg\" alt=\"\" data-id=\"91013\" data-link=\"https:\/\/www.hoymercedes.com.ar\/principal\/?attachment_id=91013\" class=\"wp-image-91013\" srcset=\"https:\/\/www.hoymercedes.com.ar\/principal\/wp-content\/uploads\/2019\/04\/DSC_3934.jpg 650w, https:\/\/www.hoymercedes.com.ar\/principal\/wp-content\/uploads\/2019\/04\/DSC_3934-150x100.jpg 150w, https:\/\/www.hoymercedes.com.ar\/principal\/wp-content\/uploads\/2019\/04\/DSC_3934-630x419.jpg 630w, https:\/\/www.hoymercedes.com.ar\/principal\/wp-content\/uploads\/2019\/04\/DSC_3934-360x240.jpg 360w\" sizes=\"auto, (max-width: 650px) 100vw, 650px\" \/><\/figure><\/li><li class=\"blocks-gallery-item\"><figure><img loading=\"lazy\" decoding=\"async\" width=\"650\" height=\"432\" data-attachment-id=\"91014\" data-permalink=\"https:\/\/www.hoymercedes.com.ar\/principal\/2019\/04\/08\/estudiantes-ateneo-quilmes-y-juventud-son-los-lideres-en-primera-galeria-de-fotos\/dsc_3993\/#main\" data-orig-file=\"https:\/\/www.hoymercedes.com.ar\/principal\/wp-content\/uploads\/2019\/04\/DSC_3993.jpg\" data-orig-size=\"650,432\" data-comments-opened=\"0\" data-image-meta=\"{&quot;aperture&quot;:&quot;2.8&quot;,&quot;credit&quot;:&quot;Moreira Mario Hugo&quot;,&quot;camera&quot;:&quot;NIKON D300&quot;,&quot;caption&quot;:&quot;&quot;,&quot;created_timestamp&quot;:&quot;1554572929&quot;,&quot;copyright&quot;:&quot;Moreira Mario Hugo&quot;,&quot;focal_length&quot;:&quot;145&quot;,&quot;iso&quot;:&quot;400&quot;,&quot;shutter_speed&quot;:&quot;0.00125&quot;,&quot;title&quot;:&quot;&quot;,&quot;orientation&quot;:&quot;0&quot;}\" data-image-title=\"DSC_3993\" data-image-description=\"\" data-image-caption=\"\" data-large-file=\"https:\/\/www.hoymercedes.com.ar\/principal\/wp-content\/uploads\/2019\/04\/DSC_3993.jpg\" src=\"https:\/\/www.hoymercedes.com.ar\/principal\/wp-content\/uploads\/2019\/04\/DSC_3993.jpg\" alt=\"\" data-id=\"91014\" data-link=\"https:\/\/www.hoymercedes.com.ar\/principal\/?attachment_id=91014\" class=\"wp-image-91014\" srcset=\"https:\/\/www.hoymercedes.com.ar\/principal\/wp-content\/uploads\/2019\/04\/DSC_3993.jpg 650w, https:\/\/www.hoymercedes.com.ar\/principal\/wp-content\/uploads\/2019\/04\/DSC_3993-150x100.jpg 150w, https:\/\/www.hoymercedes.com.ar\/principal\/wp-content\/uploads\/2019\/04\/DSC_3993-630x419.jpg 630w, https:\/\/www.hoymercedes.com.ar\/principal\/wp-content\/uploads\/2019\/04\/DSC_3993-360x240.jpg 360w\" sizes=\"auto, (max-width: 650px) 100vw, 650px\" \/><\/figure><\/li><\/ul>\n\n\n\n<div class=\"wp-block-image\"><figure class=\"aligncenter\"><img loading=\"lazy\" decoding=\"async\" width=\"615\" height=\"772\" data-attachment-id=\"91030\" data-permalink=\"https:\/\/www.hoymercedes.com.ar\/principal\/2019\/04\/08\/estudiantes-ateneo-quilmes-y-juventud-son-los-lideres-en-primera-galeria-de-fotos\/primera-liga-pos-8\/#main\" data-orig-file=\"https:\/\/www.hoymercedes.com.ar\/principal\/wp-content\/uploads\/2019\/04\/PRIMERA-LIGA-POS-2.png\" data-orig-size=\"615,772\" data-comments-opened=\"0\" data-image-meta=\"{&quot;aperture&quot;:&quot;0&quot;,&quot;credit&quot;:&quot;&quot;,&quot;camera&quot;:&quot;&quot;,&quot;caption&quot;:&quot;&quot;,&quot;created_timestamp&quot;:&quot;0&quot;,&quot;copyright&quot;:&quot;&quot;,&quot;focal_length&quot;:&quot;0&quot;,&quot;iso&quot;:&quot;0&quot;,&quot;shutter_speed&quot;:&quot;0&quot;,&quot;title&quot;:&quot;&quot;,&quot;orientation&quot;:&quot;0&quot;}\" data-image-title=\"PRIMERA LIGA POS\" data-image-description=\"\" data-image-caption=\"\" data-large-file=\"https:\/\/www.hoymercedes.com.ar\/principal\/wp-content\/uploads\/2019\/04\/PRIMERA-LIGA-POS-2.png\" src=\"https:\/\/www.hoymercedes.com.ar\/principal\/wp-content\/uploads\/2019\/04\/PRIMERA-LIGA-POS-2.png\" alt=\"\" class=\"wp-image-91030\" srcset=\"https:\/\/www.hoymercedes.com.ar\/principal\/wp-content\/uploads\/2019\/04\/PRIMERA-LIGA-POS-2.png 615w, https:\/\/www.hoymercedes.com.ar\/principal\/wp-content\/uploads\/2019\/04\/PRIMERA-LIGA-POS-2-119x150.png 119w, https:\/\/www.hoymercedes.com.ar\/principal\/wp-content\/uploads\/2019\/04\/PRIMERA-LIGA-POS-2-494x620.png 494w\" sizes=\"auto, (max-width: 615px) 100vw, 615px\" \/><\/figure><\/div>\n","protected":false},"excerpt":{"rendered":"<p>Fotos: Mario Moreira. En este particular torneo que tiene la Primera Divisi\u00f3n de la Liga Mercedina, este fin de semana &#8230; <a title=\"Estudiantes, Ateneo, Quilmes y Juventud son los l\u00edderes en Primera (galer\u00eda de fotos)\" class=\"read-more\" href=\"https:\/\/www.hoymercedes.com.ar\/principal\/2019\/04\/08\/estudiantes-ateneo-quilmes-y-juventud-son-los-lideres-en-primera-galeria-de-fotos\/\" aria-label=\"Leer m\u00e1s sobre Estudiantes, Ateneo, Quilmes y Juventud son los l\u00edderes en Primera (galer\u00eda de fotos)\">Leer m\u00e1s<\/a><\/p>\n","protected":false},"author":1,"featured_media":91009,"comment_status":"closed","ping_status":"open","sticky":false,"template":"","format":"standard","meta":{"_monsterinsights_skip_tracking":false,"_monsterinsights_sitenote_active":false,"_monsterinsights_sitenote_note":"","_monsterinsights_sitenote_category":0,"jetpack_post_was_ever_published":false,"_jetpack_newsletter_access":"","_jetpack_dont_email_post_to_subs":false,"_jetpack_newsletter_tier_id":0,"_jetpack_memberships_contains_paywalled_content":false,"_jetpack_memberships_contains_paid_content":false,"footnotes":"","jetpack_publicize_message":"","jetpack_publicize_feature_enabled":true,"jetpack_social_post_already_shared":true,"jetpack_social_options":{"image_generator_settings":{"template":"highway","default_image_id":0,"font":"","enabled":false},"version":2},"_wpas_customize_per_network":false},"categories":[21],"tags":[1003],"class_list":["post-91007","post","type-post","status-publish","format-standard","has-post-thumbnail","hentry","category-deportes","tag-futbol","generate-columns","tablet-grid-50","mobile-grid-100","grid-parent","grid-50"],"jetpack_publicize_connections":[],"jetpack_featured_media_url":"https:\/\/www.hoymercedes.com.ar\/principal\/wp-content\/uploads\/2019\/04\/DSC_3616.jpg","wps_subtitle":"Liga Mercedina","jetpack_sharing_enabled":true,"_links":{"self":[{"href":"https:\/\/www.hoymercedes.com.ar\/principal\/wp-json\/wp\/v2\/posts\/91007","targetHints":{"allow":["GET"]}}],"collection":[{"href":"https:\/\/www.hoymercedes.com.ar\/principal\/wp-json\/wp\/v2\/posts"}],"about":[{"href":"https:\/\/www.hoymercedes.com.ar\/principal\/wp-json\/wp\/v2\/types\/post"}],"author":[{"embeddable":true,"href":"https:\/\/www.hoymercedes.com.ar\/principal\/wp-json\/wp\/v2\/users\/1"}],"replies":[{"embeddable":true,"href":"https:\/\/www.hoymercedes.com.ar\/principal\/wp-json\/wp\/v2\/comments?post=91007"}],"version-history":[{"count":0,"href":"https:\/\/www.hoymercedes.com.ar\/principal\/wp-json\/wp\/v2\/posts\/91007\/revisions"}],"wp:featuredmedia":[{"embeddable":true,"href":"https:\/\/www.hoymercedes.com.ar\/principal\/wp-json\/wp\/v2\/media\/91009"}],"wp:attachment":[{"href":"https:\/\/www.hoymercedes.com.ar\/principal\/wp-json\/wp\/v2\/media?parent=91007"}],"wp:term":[{"taxonomy":"category","embeddable":true,"href":"https:\/\/www.hoymercedes.com.ar\/principal\/wp-json\/wp\/v2\/categories?post=91007"},{"taxonomy":"post_tag","embeddable":true,"href":"https:\/\/www.hoymercedes.com.ar\/principal\/wp-json\/wp\/v2\/tags?post=91007"}],"curies":[{"name":"wp","href":"https:\/\/api.w.org\/{rel}","templated":true}]}}