{"id":9103,"date":"2011-11-14T02:38:30","date_gmt":"2011-11-14T02:38:30","guid":{"rendered":"http:\/\/www.hoymercedes.com.ar\/principal\/?p=9103"},"modified":"2011-11-14T02:38:30","modified_gmt":"2011-11-14T02:38:30","slug":"joven-de-23-anos-pierde-la-vida-en-accidente-de-transito","status":"publish","type":"post","link":"https:\/\/www.hoymercedes.com.ar\/principal\/2011\/11\/14\/joven-de-23-anos-pierde-la-vida-en-accidente-de-transito\/","title":{"rendered":"Joven de 23 a\u00f1os pierde la vida en accidente de tr\u00e1nsito"},"content":{"rendered":"<p>Un joven de 23 a\u00f1os identificado como Leonardo Meza perdi\u00f3 la vida este domingo al colisionar el autom\u00f3vil en el cual se movilizaba en direcci\u00f3n Luj\u00e1n- Mercedes contra un \u00e1rbol al salirse de la cinta asf\u00e1ltica de la hoy llamada autopista 5.<\/p>\n<p>A las pocas horas de transcurrido el accidente los datos no son muchos, pero, algunos fueron suministrados por la Estaci\u00f3n Comunal Mercedes que es una de las instituciones en primeros t\u00e9rminos en llegar.<\/p>\n<p>La v\u00edctima se desplazaba en un Volskwagen Gol junto a otras cuatro personas cuando por causa que tratan de determinarse el rodado se sali\u00f3 de la cinta asf\u00e1ltica impactando con violencia contra un \u00e1rbol.<\/p>\n<p>De esta manera el joven perdi\u00f3 la vida\u00a0convirti\u00e9ndose\u00a0en un tr\u00e1gico acontecimiento.<\/p>\n","protected":false},"excerpt":{"rendered":"<p>Un joven de 23 a\u00f1os identificado como Leonardo Meza perdi\u00f3 la vida este domingo al colisionar el autom\u00f3vil en el &#8230; <a title=\"Joven de 23 a\u00f1os pierde la vida en accidente de tr\u00e1nsito\" class=\"read-more\" href=\"https:\/\/www.hoymercedes.com.ar\/principal\/2011\/11\/14\/joven-de-23-anos-pierde-la-vida-en-accidente-de-transito\/\" aria-label=\"Leer m\u00e1s sobre Joven de 23 a\u00f1os pierde la vida en accidente de tr\u00e1nsito\">Leer m\u00e1s<\/a><\/p>\n","protected":false},"author":1,"featured_media":0,"comment_status":"open","ping_status":"open","sticky":false,"template":"","format":"standard","meta":{"_monsterinsights_skip_tracking":false,"_monsterinsights_sitenote_active":false,"_monsterinsights_sitenote_note":"","_monsterinsights_sitenote_category":0,"jetpack_post_was_ever_published":false,"_jetpack_newsletter_access":"","_jetpack_dont_email_post_to_subs":false,"_jetpack_newsletter_tier_id":0,"_jetpack_memberships_contains_paywalled_content":false,"_jetpack_memberships_contains_paid_content":false,"footnotes":"","jetpack_publicize_message":"","jetpack_publicize_feature_enabled":true,"jetpack_social_post_already_shared":false,"jetpack_social_options":{"image_generator_settings":{"template":"highway","default_image_id":0,"font":"","enabled":false},"version":2},"_wpas_customize_per_network":false},"categories":[8],"tags":[832,1583,538],"class_list":["post-9103","post","type-post","status-publish","format-standard","hentry","category-sociedad","tag-accidente","tag-muerte-en-ruta-5","tag-ruta-5","generate-columns","tablet-grid-50","mobile-grid-100","grid-parent","grid-50"],"jetpack_publicize_connections":[],"jetpack_featured_media_url":"","wps_subtitle":"","jetpack_sharing_enabled":true,"_links":{"self":[{"href":"https:\/\/www.hoymercedes.com.ar\/principal\/wp-json\/wp\/v2\/posts\/9103","targetHints":{"allow":["GET"]}}],"collection":[{"href":"https:\/\/www.hoymercedes.com.ar\/principal\/wp-json\/wp\/v2\/posts"}],"about":[{"href":"https:\/\/www.hoymercedes.com.ar\/principal\/wp-json\/wp\/v2\/types\/post"}],"author":[{"embeddable":true,"href":"https:\/\/www.hoymercedes.com.ar\/principal\/wp-json\/wp\/v2\/users\/1"}],"replies":[{"embeddable":true,"href":"https:\/\/www.hoymercedes.com.ar\/principal\/wp-json\/wp\/v2\/comments?post=9103"}],"version-history":[{"count":0,"href":"https:\/\/www.hoymercedes.com.ar\/principal\/wp-json\/wp\/v2\/posts\/9103\/revisions"}],"wp:attachment":[{"href":"https:\/\/www.hoymercedes.com.ar\/principal\/wp-json\/wp\/v2\/media?parent=9103"}],"wp:term":[{"taxonomy":"category","embeddable":true,"href":"https:\/\/www.hoymercedes.com.ar\/principal\/wp-json\/wp\/v2\/categories?post=9103"},{"taxonomy":"post_tag","embeddable":true,"href":"https:\/\/www.hoymercedes.com.ar\/principal\/wp-json\/wp\/v2\/tags?post=9103"}],"curies":[{"name":"wp","href":"https:\/\/api.w.org\/{rel}","templated":true}]}}