{"id":91055,"date":"2019-04-09T11:10:33","date_gmt":"2019-04-09T14:10:33","guid":{"rendered":"http:\/\/www.hoymercedes.com.ar\/principal\/?p=91055"},"modified":"2019-04-08T18:28:17","modified_gmt":"2019-04-08T21:28:17","slug":"santiago-sosa-visito-la-escuelita-de-futbol-de-club-mercedes","status":"publish","type":"post","link":"https:\/\/www.hoymercedes.com.ar\/principal\/2019\/04\/09\/santiago-sosa-visito-la-escuelita-de-futbol-de-club-mercedes\/","title":{"rendered":"Santiago Sosa visit\u00f3 la Escuelita de F\u00fatbol de Club Mercedes"},"content":{"rendered":"\n<p>El volante Santiago Sosa, que hizo sus inferiores en Club Mercedes hasta su arribo a River Plate, pas\u00f3 este fin de semana por la Escuela de F\u00fatbol del Blanquinegro realizando una visita al campo de deportes y a la cancha que lo viera iniciarse en la pr\u00e1ctica futbol\u00edstica.<\/p>\n\n\n\n<figure class=\"wp-block-image\"><img loading=\"lazy\" decoding=\"async\" width=\"960\" height=\"960\" data-attachment-id=\"91056\" data-permalink=\"https:\/\/www.hoymercedes.com.ar\/principal\/2019\/04\/09\/santiago-sosa-visito-la-escuelita-de-futbol-de-club-mercedes\/santiago-sosa-camiseta-club-mercedes\/#main\" data-orig-file=\"https:\/\/www.hoymercedes.com.ar\/principal\/wp-content\/uploads\/2019\/04\/Santiago-Sosa-camiseta-Club-Mercedes.jpg\" data-orig-size=\"960,960\" data-comments-opened=\"0\" data-image-meta=\"{&quot;aperture&quot;:&quot;0&quot;,&quot;credit&quot;:&quot;&quot;,&quot;camera&quot;:&quot;&quot;,&quot;caption&quot;:&quot;&quot;,&quot;created_timestamp&quot;:&quot;0&quot;,&quot;copyright&quot;:&quot;&quot;,&quot;focal_length&quot;:&quot;0&quot;,&quot;iso&quot;:&quot;0&quot;,&quot;shutter_speed&quot;:&quot;0&quot;,&quot;title&quot;:&quot;&quot;,&quot;orientation&quot;:&quot;0&quot;}\" data-image-title=\"Santiago Sosa camiseta Club Mercedes\" data-image-description=\"\" data-image-caption=\"\" data-large-file=\"https:\/\/www.hoymercedes.com.ar\/principal\/wp-content\/uploads\/2019\/04\/Santiago-Sosa-camiseta-Club-Mercedes.jpg\" src=\"https:\/\/www.hoymercedes.com.ar\/principal\/wp-content\/uploads\/2019\/04\/Santiago-Sosa-camiseta-Club-Mercedes.jpg\" alt=\"\" class=\"wp-image-91056\" srcset=\"https:\/\/www.hoymercedes.com.ar\/principal\/wp-content\/uploads\/2019\/04\/Santiago-Sosa-camiseta-Club-Mercedes.jpg 960w, https:\/\/www.hoymercedes.com.ar\/principal\/wp-content\/uploads\/2019\/04\/Santiago-Sosa-camiseta-Club-Mercedes-150x150.jpg 150w, https:\/\/www.hoymercedes.com.ar\/principal\/wp-content\/uploads\/2019\/04\/Santiago-Sosa-camiseta-Club-Mercedes-620x620.jpg 620w, https:\/\/www.hoymercedes.com.ar\/principal\/wp-content\/uploads\/2019\/04\/Santiago-Sosa-camiseta-Club-Mercedes-100x100.jpg 100w\" sizes=\"auto, (max-width: 960px) 100vw, 960px\" \/><\/figure>\n\n\n\n<p>El volante campe\u00f3n con River de la Copa Libertadores de Am\u00e9rica y que este domingo fue titular en la derrota del Millonario ante Tigre por 3 a 2, es el padrino de la Escuela de F\u00fatbol. Este s\u00e1bado comparti\u00f3 un momento inolvidable para los chicos que se inician en la pr\u00e1ctica de este deporte, adem\u00e1s de estar con directivos y entrenadores, adem\u00e1s de sacarse fotos con todos los presentes.<\/p>\n\n\n\n<figure class=\"wp-block-image\"><img loading=\"lazy\" decoding=\"async\" width=\"960\" height=\"960\" data-attachment-id=\"91057\" data-permalink=\"https:\/\/www.hoymercedes.com.ar\/principal\/2019\/04\/09\/santiago-sosa-visito-la-escuelita-de-futbol-de-club-mercedes\/santiago-sosa-camiseta-club-mercedes-2\/#main\" data-orig-file=\"https:\/\/www.hoymercedes.com.ar\/principal\/wp-content\/uploads\/2019\/04\/Santiago-Sosa-camiseta-Club-Mercedes-2.jpg\" data-orig-size=\"960,960\" data-comments-opened=\"0\" data-image-meta=\"{&quot;aperture&quot;:&quot;0&quot;,&quot;credit&quot;:&quot;&quot;,&quot;camera&quot;:&quot;&quot;,&quot;caption&quot;:&quot;&quot;,&quot;created_timestamp&quot;:&quot;0&quot;,&quot;copyright&quot;:&quot;&quot;,&quot;focal_length&quot;:&quot;0&quot;,&quot;iso&quot;:&quot;0&quot;,&quot;shutter_speed&quot;:&quot;0&quot;,&quot;title&quot;:&quot;&quot;,&quot;orientation&quot;:&quot;0&quot;}\" data-image-title=\"Santiago Sosa camiseta Club Mercedes 2\" data-image-description=\"\" data-image-caption=\"\" data-large-file=\"https:\/\/www.hoymercedes.com.ar\/principal\/wp-content\/uploads\/2019\/04\/Santiago-Sosa-camiseta-Club-Mercedes-2.jpg\" src=\"https:\/\/www.hoymercedes.com.ar\/principal\/wp-content\/uploads\/2019\/04\/Santiago-Sosa-camiseta-Club-Mercedes-2.jpg\" alt=\"\" class=\"wp-image-91057\" srcset=\"https:\/\/www.hoymercedes.com.ar\/principal\/wp-content\/uploads\/2019\/04\/Santiago-Sosa-camiseta-Club-Mercedes-2.jpg 960w, https:\/\/www.hoymercedes.com.ar\/principal\/wp-content\/uploads\/2019\/04\/Santiago-Sosa-camiseta-Club-Mercedes-2-150x150.jpg 150w, https:\/\/www.hoymercedes.com.ar\/principal\/wp-content\/uploads\/2019\/04\/Santiago-Sosa-camiseta-Club-Mercedes-2-620x620.jpg 620w, https:\/\/www.hoymercedes.com.ar\/principal\/wp-content\/uploads\/2019\/04\/Santiago-Sosa-camiseta-Club-Mercedes-2-100x100.jpg 100w\" sizes=\"auto, (max-width: 960px) 100vw, 960px\" \/><\/figure>\n\n\n\n<p>Por otra parte, le regalaron a Sosa una camiseta de Club Mercedes con el n\u00famero 5 en la espalda y un mate con el escudo de Mercedes grabado.<\/p>\n","protected":false},"excerpt":{"rendered":"<p>El volante Santiago Sosa, que hizo sus inferiores en Club Mercedes hasta su arribo a River Plate, pas\u00f3 este fin &#8230; <a title=\"Santiago Sosa visit\u00f3 la Escuelita de F\u00fatbol de Club Mercedes\" class=\"read-more\" href=\"https:\/\/www.hoymercedes.com.ar\/principal\/2019\/04\/09\/santiago-sosa-visito-la-escuelita-de-futbol-de-club-mercedes\/\" aria-label=\"Leer m\u00e1s sobre Santiago Sosa visit\u00f3 la Escuelita de F\u00fatbol de Club Mercedes\">Leer m\u00e1s<\/a><\/p>\n","protected":false},"author":1,"featured_media":91056,"comment_status":"closed","ping_status":"open","sticky":false,"template":"","format":"standard","meta":{"_monsterinsights_skip_tracking":false,"_monsterinsights_sitenote_active":false,"_monsterinsights_sitenote_note":"","_monsterinsights_sitenote_category":0,"jetpack_post_was_ever_published":false,"_jetpack_newsletter_access":"","_jetpack_dont_email_post_to_subs":false,"_jetpack_newsletter_tier_id":0,"_jetpack_memberships_contains_paywalled_content":false,"_jetpack_memberships_contains_paid_content":false,"footnotes":"","jetpack_publicize_message":"","jetpack_publicize_feature_enabled":true,"jetpack_social_post_already_shared":true,"jetpack_social_options":{"image_generator_settings":{"template":"highway","default_image_id":0,"font":"","enabled":false},"version":2},"_wpas_customize_per_network":false},"categories":[21],"tags":[122,12706],"class_list":["post-91055","post","type-post","status-publish","format-standard","has-post-thumbnail","hentry","category-deportes","tag-club-mercedes","tag-santiago-sosa","generate-columns","tablet-grid-50","mobile-grid-100","grid-parent","grid-50"],"jetpack_publicize_connections":[],"jetpack_featured_media_url":"https:\/\/www.hoymercedes.com.ar\/principal\/wp-content\/uploads\/2019\/04\/Santiago-Sosa-camiseta-Club-Mercedes.jpg","wps_subtitle":"La Legi\u00f3n","jetpack_sharing_enabled":true,"_links":{"self":[{"href":"https:\/\/www.hoymercedes.com.ar\/principal\/wp-json\/wp\/v2\/posts\/91055","targetHints":{"allow":["GET"]}}],"collection":[{"href":"https:\/\/www.hoymercedes.com.ar\/principal\/wp-json\/wp\/v2\/posts"}],"about":[{"href":"https:\/\/www.hoymercedes.com.ar\/principal\/wp-json\/wp\/v2\/types\/post"}],"author":[{"embeddable":true,"href":"https:\/\/www.hoymercedes.com.ar\/principal\/wp-json\/wp\/v2\/users\/1"}],"replies":[{"embeddable":true,"href":"https:\/\/www.hoymercedes.com.ar\/principal\/wp-json\/wp\/v2\/comments?post=91055"}],"version-history":[{"count":0,"href":"https:\/\/www.hoymercedes.com.ar\/principal\/wp-json\/wp\/v2\/posts\/91055\/revisions"}],"wp:featuredmedia":[{"embeddable":true,"href":"https:\/\/www.hoymercedes.com.ar\/principal\/wp-json\/wp\/v2\/media\/91056"}],"wp:attachment":[{"href":"https:\/\/www.hoymercedes.com.ar\/principal\/wp-json\/wp\/v2\/media?parent=91055"}],"wp:term":[{"taxonomy":"category","embeddable":true,"href":"https:\/\/www.hoymercedes.com.ar\/principal\/wp-json\/wp\/v2\/categories?post=91055"},{"taxonomy":"post_tag","embeddable":true,"href":"https:\/\/www.hoymercedes.com.ar\/principal\/wp-json\/wp\/v2\/tags?post=91055"}],"curies":[{"name":"wp","href":"https:\/\/api.w.org\/{rel}","templated":true}]}}