{"id":91060,"date":"2019-04-09T15:33:49","date_gmt":"2019-04-09T18:33:49","guid":{"rendered":"http:\/\/www.hoymercedes.com.ar\/principal\/?p=91060"},"modified":"2019-04-08T18:55:17","modified_gmt":"2019-04-08T21:55:17","slug":"quedo-inaugurada-la-cancha-del-club-deportivo-y-social-gowland","status":"publish","type":"post","link":"https:\/\/www.hoymercedes.com.ar\/principal\/2019\/04\/09\/quedo-inaugurada-la-cancha-del-club-deportivo-y-social-gowland\/","title":{"rendered":"Qued\u00f3 inaugurada la cancha del Club Deportivo y Social Gowland"},"content":{"rendered":"\n<p>Club Social y Deportivo Gowland ya tiene sus instalaciones funcionando a pleno. Este s\u00e1bado se inauguraron. Con fondos del programa \u201cEsfuerzos Compartidos\u201d y un gran trabajo de su comunidad hoy los ni\u00f1os y ni\u00f1as tienen un lugar para desarrollar sus actividades. Ustarroz expres\u00f3 \u201cestamos muy felices con este trabajo y este paso que hemos dado todos\u201d.<\/p>\n\n\n\n<figure class=\"wp-block-image\"><img loading=\"lazy\" decoding=\"async\" width=\"1024\" height=\"576\" data-attachment-id=\"91061\" data-permalink=\"https:\/\/www.hoymercedes.com.ar\/principal\/2019\/04\/09\/quedo-inaugurada-la-cancha-del-club-deportivo-y-social-gowland\/dji_0029-1\/#main\" data-orig-file=\"https:\/\/www.hoymercedes.com.ar\/principal\/wp-content\/uploads\/2019\/04\/DJI_0029-1.jpg\" data-orig-size=\"1111,625\" data-comments-opened=\"0\" data-image-meta=\"{&quot;aperture&quot;:&quot;0&quot;,&quot;credit&quot;:&quot;&quot;,&quot;camera&quot;:&quot;&quot;,&quot;caption&quot;:&quot;&quot;,&quot;created_timestamp&quot;:&quot;0&quot;,&quot;copyright&quot;:&quot;&quot;,&quot;focal_length&quot;:&quot;0&quot;,&quot;iso&quot;:&quot;0&quot;,&quot;shutter_speed&quot;:&quot;0&quot;,&quot;title&quot;:&quot;&quot;,&quot;orientation&quot;:&quot;0&quot;}\" data-image-title=\"DJI_0029 (1)\" data-image-description=\"\" data-image-caption=\"\" data-large-file=\"https:\/\/www.hoymercedes.com.ar\/principal\/wp-content\/uploads\/2019\/04\/DJI_0029-1-1024x576.jpg\" src=\"https:\/\/www.hoymercedes.com.ar\/principal\/wp-content\/uploads\/2019\/04\/DJI_0029-1-1024x576.jpg\" alt=\"\" class=\"wp-image-91061\" srcset=\"https:\/\/www.hoymercedes.com.ar\/principal\/wp-content\/uploads\/2019\/04\/DJI_0029-1-1024x576.jpg 1024w, https:\/\/www.hoymercedes.com.ar\/principal\/wp-content\/uploads\/2019\/04\/DJI_0029-1-150x84.jpg 150w, https:\/\/www.hoymercedes.com.ar\/principal\/wp-content\/uploads\/2019\/04\/DJI_0029-1-630x354.jpg 630w, https:\/\/www.hoymercedes.com.ar\/principal\/wp-content\/uploads\/2019\/04\/DJI_0029-1.jpg 1111w\" sizes=\"auto, (max-width: 1024px) 100vw, 1024px\" \/><\/figure>\n\n\n\n<p>La Municipalidad de Mercedes a trav\u00e9s de del Direcci\u00f3n de Deportes, y la comunidad de Gowland inauguraron el \u201cClub Deportivo y Social Gowland\u201d, pensado en beneficio de toda la zona rural. De esta manera, y apuntalando una de las pol\u00edticas p\u00fablicas de mayor crecimiento en la ciudad, el municipio de manera mancomunada con padres e instituciones contin\u00faa trabajando en la integraci\u00f3n y uni\u00f3n de los grandes y chicos de la ciudad. Este nuevo club cuenta con cancha de f\u00fatbol, vestuarios, iluminaci\u00f3n led e instalaciones totalmente nuevas.<\/p>\n\n\n\n<p>El jefe comunal, el Dr.Ustarroz expres\u00f3 \u201cestamos muy felices con este trabajo y este paso que hemos dado todos\u201dy reconoci\u00f3 a aquellos \u201cque so\u00f1aron con este club -que hoy contiene a 60 chicos- un espacio para compartir y unir a la familia, porque no hay nada m\u00e1s lindo que ver un s\u00e1bado a la tarde ver a los chicos jugar\u201d.<\/p>\n\n\n\n<figure class=\"wp-block-image\"><img loading=\"lazy\" decoding=\"async\" width=\"1024\" height=\"576\" data-attachment-id=\"91062\" data-permalink=\"https:\/\/www.hoymercedes.com.ar\/principal\/2019\/04\/09\/quedo-inaugurada-la-cancha-del-club-deportivo-y-social-gowland\/10-8\/#main\" data-orig-file=\"https:\/\/www.hoymercedes.com.ar\/principal\/wp-content\/uploads\/2019\/04\/10.jpeg\" data-orig-size=\"1024,576\" data-comments-opened=\"0\" data-image-meta=\"{&quot;aperture&quot;:&quot;0&quot;,&quot;credit&quot;:&quot;&quot;,&quot;camera&quot;:&quot;&quot;,&quot;caption&quot;:&quot;&quot;,&quot;created_timestamp&quot;:&quot;0&quot;,&quot;copyright&quot;:&quot;&quot;,&quot;focal_length&quot;:&quot;0&quot;,&quot;iso&quot;:&quot;0&quot;,&quot;shutter_speed&quot;:&quot;0&quot;,&quot;title&quot;:&quot;&quot;,&quot;orientation&quot;:&quot;0&quot;}\" data-image-title=\"10\" data-image-description=\"\" data-image-caption=\"\" data-large-file=\"https:\/\/www.hoymercedes.com.ar\/principal\/wp-content\/uploads\/2019\/04\/10-1024x576.jpeg\" src=\"https:\/\/www.hoymercedes.com.ar\/principal\/wp-content\/uploads\/2019\/04\/10-1024x576.jpeg\" alt=\"\" class=\"wp-image-91062\" srcset=\"https:\/\/www.hoymercedes.com.ar\/principal\/wp-content\/uploads\/2019\/04\/10.jpeg 1024w, https:\/\/www.hoymercedes.com.ar\/principal\/wp-content\/uploads\/2019\/04\/10-150x84.jpeg 150w, https:\/\/www.hoymercedes.com.ar\/principal\/wp-content\/uploads\/2019\/04\/10-630x354.jpeg 630w\" sizes=\"auto, (max-width: 1024px) 100vw, 1024px\" \/><\/figure>\n\n\n\n<p>Tambi\u00e9n fueron parte de esta importante inauguraci\u00f3n el Director de Deportes, Mart\u00edn Silvestre y el Coordinador de la Direcci\u00f3n de Deporte, Pablo Massa, el jefe de gabinete Mat\u00edas Dematei y un importante n\u00famero de vecinos, dirigentes, trabajadores y representantes de la Sociedad de Fomento.<\/p>\n\n\n\n<p>Por otro lado, Ustarroz \u00a0pidi\u00f3 un reconocimiento para todos los trabajadores municipales \u201cespecialmente a la delegaci\u00f3n de Gowland y al \u00e1rea de deporte que han hecho un excelente trabajo\u201d y valorando el gran trabajo mancomunado entre el municipio, los padres, los comercios de la zona, y todos los que de una manera u otra pusieron fueron parte integral en la concreci\u00f3n de esta instituci\u00f3n, el Dr. Ustarroz se\u00f1al\u00f3 \u201ccreo que hoy todos est\u00e1n dando ejemplos concretos de c\u00f3mo tenemos que salir adelante, sigamos as\u00ed, unidos y trabajando por el deporte y por lo mejor que tiene una ciudad, nuestros ni\u00f1os\u201d.<\/p>\n\n\n\n<figure class=\"wp-block-image\"><img loading=\"lazy\" decoding=\"async\" width=\"820\" height=\"575\" data-attachment-id=\"91063\" data-permalink=\"https:\/\/www.hoymercedes.com.ar\/principal\/2019\/04\/09\/quedo-inaugurada-la-cancha-del-club-deportivo-y-social-gowland\/14-5\/#main\" data-orig-file=\"https:\/\/www.hoymercedes.com.ar\/principal\/wp-content\/uploads\/2019\/04\/14.jpeg\" data-orig-size=\"820,575\" data-comments-opened=\"0\" data-image-meta=\"{&quot;aperture&quot;:&quot;0&quot;,&quot;credit&quot;:&quot;&quot;,&quot;camera&quot;:&quot;&quot;,&quot;caption&quot;:&quot;&quot;,&quot;created_timestamp&quot;:&quot;0&quot;,&quot;copyright&quot;:&quot;&quot;,&quot;focal_length&quot;:&quot;0&quot;,&quot;iso&quot;:&quot;0&quot;,&quot;shutter_speed&quot;:&quot;0&quot;,&quot;title&quot;:&quot;&quot;,&quot;orientation&quot;:&quot;0&quot;}\" data-image-title=\"14\" data-image-description=\"\" data-image-caption=\"\" data-large-file=\"https:\/\/www.hoymercedes.com.ar\/principal\/wp-content\/uploads\/2019\/04\/14.jpeg\" src=\"https:\/\/www.hoymercedes.com.ar\/principal\/wp-content\/uploads\/2019\/04\/14.jpeg\" alt=\"\" class=\"wp-image-91063\" srcset=\"https:\/\/www.hoymercedes.com.ar\/principal\/wp-content\/uploads\/2019\/04\/14.jpeg 820w, https:\/\/www.hoymercedes.com.ar\/principal\/wp-content\/uploads\/2019\/04\/14-150x105.jpeg 150w, https:\/\/www.hoymercedes.com.ar\/principal\/wp-content\/uploads\/2019\/04\/14-630x442.jpeg 630w\" sizes=\"auto, (max-width: 820px) 100vw, 820px\" \/><\/figure>\n\n\n\n<p>Al tomar la palabra, Juli\u00e1n Inzaugarat, uno de los m\u00e1ximos representantes del club e impulsores agradeci\u00f3 \u201ca los padres de los chicos que creyeron este proyecto, que nace pura y exclusivamente de la sistematizaci\u00f3n de la educaci\u00f3n f\u00edsica que es el trabajo que tambi\u00e9n estamos haciendo en el CEF\u201d y agreg\u00f3 \u201chablando con el intendente Ustarroz le dijimos que este era un sue\u00f1o de todos\u201d.<\/p>\n\n\n\n<p>Y destac\u00f3 \u201choy tenemos 60 chicos inscriptos en la Liga Mercedina de F\u00fatbol, que en su totalidad son de esta zona de la ciudad\u201d y valor\u00f3 \u201csi este club no existiera, ser\u00edan 60 chicos menos participando de una actividad deportiva, y esto me parece, es incluir\u201d.<\/p>\n\n\n\n<ul class=\"wp-block-gallery columns-3 is-cropped wp-block-gallery-1 is-layout-flex wp-block-gallery-is-layout-flex\"><li class=\"blocks-gallery-item\"><figure><img loading=\"lazy\" decoding=\"async\" width=\"1024\" height=\"576\" data-attachment-id=\"91064\" data-permalink=\"https:\/\/www.hoymercedes.com.ar\/principal\/2019\/04\/09\/quedo-inaugurada-la-cancha-del-club-deportivo-y-social-gowland\/7-11\/#main\" data-orig-file=\"https:\/\/www.hoymercedes.com.ar\/principal\/wp-content\/uploads\/2019\/04\/7.jpeg\" data-orig-size=\"1024,576\" data-comments-opened=\"0\" data-image-meta=\"{&quot;aperture&quot;:&quot;0&quot;,&quot;credit&quot;:&quot;&quot;,&quot;camera&quot;:&quot;&quot;,&quot;caption&quot;:&quot;&quot;,&quot;created_timestamp&quot;:&quot;0&quot;,&quot;copyright&quot;:&quot;&quot;,&quot;focal_length&quot;:&quot;0&quot;,&quot;iso&quot;:&quot;0&quot;,&quot;shutter_speed&quot;:&quot;0&quot;,&quot;title&quot;:&quot;&quot;,&quot;orientation&quot;:&quot;0&quot;}\" data-image-title=\"7\" data-image-description=\"\" data-image-caption=\"\" data-large-file=\"https:\/\/www.hoymercedes.com.ar\/principal\/wp-content\/uploads\/2019\/04\/7-1024x576.jpeg\" src=\"https:\/\/www.hoymercedes.com.ar\/principal\/wp-content\/uploads\/2019\/04\/7-1024x576.jpeg\" alt=\"\" data-id=\"91064\" data-link=\"https:\/\/www.hoymercedes.com.ar\/principal\/?attachment_id=91064\" class=\"wp-image-91064\" srcset=\"https:\/\/www.hoymercedes.com.ar\/principal\/wp-content\/uploads\/2019\/04\/7.jpeg 1024w, https:\/\/www.hoymercedes.com.ar\/principal\/wp-content\/uploads\/2019\/04\/7-150x84.jpeg 150w, https:\/\/www.hoymercedes.com.ar\/principal\/wp-content\/uploads\/2019\/04\/7-630x354.jpeg 630w\" sizes=\"auto, (max-width: 1024px) 100vw, 1024px\" \/><\/figure><\/li><li class=\"blocks-gallery-item\"><figure><img loading=\"lazy\" decoding=\"async\" width=\"1024\" height=\"576\" data-attachment-id=\"91065\" data-permalink=\"https:\/\/www.hoymercedes.com.ar\/principal\/2019\/04\/09\/quedo-inaugurada-la-cancha-del-club-deportivo-y-social-gowland\/17-6\/#main\" data-orig-file=\"https:\/\/www.hoymercedes.com.ar\/principal\/wp-content\/uploads\/2019\/04\/17.jpeg\" data-orig-size=\"1024,576\" data-comments-opened=\"0\" data-image-meta=\"{&quot;aperture&quot;:&quot;0&quot;,&quot;credit&quot;:&quot;&quot;,&quot;camera&quot;:&quot;&quot;,&quot;caption&quot;:&quot;&quot;,&quot;created_timestamp&quot;:&quot;0&quot;,&quot;copyright&quot;:&quot;&quot;,&quot;focal_length&quot;:&quot;0&quot;,&quot;iso&quot;:&quot;0&quot;,&quot;shutter_speed&quot;:&quot;0&quot;,&quot;title&quot;:&quot;&quot;,&quot;orientation&quot;:&quot;0&quot;}\" data-image-title=\"17\" data-image-description=\"\" data-image-caption=\"\" data-large-file=\"https:\/\/www.hoymercedes.com.ar\/principal\/wp-content\/uploads\/2019\/04\/17-1024x576.jpeg\" src=\"https:\/\/www.hoymercedes.com.ar\/principal\/wp-content\/uploads\/2019\/04\/17-1024x576.jpeg\" alt=\"\" data-id=\"91065\" data-link=\"https:\/\/www.hoymercedes.com.ar\/principal\/?attachment_id=91065\" class=\"wp-image-91065\" srcset=\"https:\/\/www.hoymercedes.com.ar\/principal\/wp-content\/uploads\/2019\/04\/17.jpeg 1024w, https:\/\/www.hoymercedes.com.ar\/principal\/wp-content\/uploads\/2019\/04\/17-150x84.jpeg 150w, https:\/\/www.hoymercedes.com.ar\/principal\/wp-content\/uploads\/2019\/04\/17-630x354.jpeg 630w\" sizes=\"auto, (max-width: 1024px) 100vw, 1024px\" \/><\/figure><\/li><li class=\"blocks-gallery-item\"><figure><img loading=\"lazy\" decoding=\"async\" width=\"1024\" height=\"576\" data-attachment-id=\"91066\" data-permalink=\"https:\/\/www.hoymercedes.com.ar\/principal\/2019\/04\/09\/quedo-inaugurada-la-cancha-del-club-deportivo-y-social-gowland\/5-6\/#main\" data-orig-file=\"https:\/\/www.hoymercedes.com.ar\/principal\/wp-content\/uploads\/2019\/04\/5.jpeg\" data-orig-size=\"1024,576\" data-comments-opened=\"0\" data-image-meta=\"{&quot;aperture&quot;:&quot;0&quot;,&quot;credit&quot;:&quot;&quot;,&quot;camera&quot;:&quot;&quot;,&quot;caption&quot;:&quot;&quot;,&quot;created_timestamp&quot;:&quot;0&quot;,&quot;copyright&quot;:&quot;&quot;,&quot;focal_length&quot;:&quot;0&quot;,&quot;iso&quot;:&quot;0&quot;,&quot;shutter_speed&quot;:&quot;0&quot;,&quot;title&quot;:&quot;&quot;,&quot;orientation&quot;:&quot;0&quot;}\" data-image-title=\"5\" data-image-description=\"\" data-image-caption=\"\" data-large-file=\"https:\/\/www.hoymercedes.com.ar\/principal\/wp-content\/uploads\/2019\/04\/5-1024x576.jpeg\" src=\"https:\/\/www.hoymercedes.com.ar\/principal\/wp-content\/uploads\/2019\/04\/5-1024x576.jpeg\" alt=\"\" data-id=\"91066\" data-link=\"https:\/\/www.hoymercedes.com.ar\/principal\/?attachment_id=91066\" class=\"wp-image-91066\" srcset=\"https:\/\/www.hoymercedes.com.ar\/principal\/wp-content\/uploads\/2019\/04\/5.jpeg 1024w, https:\/\/www.hoymercedes.com.ar\/principal\/wp-content\/uploads\/2019\/04\/5-150x84.jpeg 150w, https:\/\/www.hoymercedes.com.ar\/principal\/wp-content\/uploads\/2019\/04\/5-630x354.jpeg 630w\" sizes=\"auto, (max-width: 1024px) 100vw, 1024px\" \/><\/figure><\/li><li class=\"blocks-gallery-item\"><figure><img loading=\"lazy\" decoding=\"async\" width=\"1024\" height=\"576\" data-attachment-id=\"91067\" data-permalink=\"https:\/\/www.hoymercedes.com.ar\/principal\/2019\/04\/09\/quedo-inaugurada-la-cancha-del-club-deportivo-y-social-gowland\/4-14\/#main\" data-orig-file=\"https:\/\/www.hoymercedes.com.ar\/principal\/wp-content\/uploads\/2019\/04\/4.jpeg\" data-orig-size=\"1024,576\" data-comments-opened=\"0\" data-image-meta=\"{&quot;aperture&quot;:&quot;0&quot;,&quot;credit&quot;:&quot;&quot;,&quot;camera&quot;:&quot;&quot;,&quot;caption&quot;:&quot;&quot;,&quot;created_timestamp&quot;:&quot;0&quot;,&quot;copyright&quot;:&quot;&quot;,&quot;focal_length&quot;:&quot;0&quot;,&quot;iso&quot;:&quot;0&quot;,&quot;shutter_speed&quot;:&quot;0&quot;,&quot;title&quot;:&quot;&quot;,&quot;orientation&quot;:&quot;0&quot;}\" data-image-title=\"4\" data-image-description=\"\" data-image-caption=\"\" data-large-file=\"https:\/\/www.hoymercedes.com.ar\/principal\/wp-content\/uploads\/2019\/04\/4-1024x576.jpeg\" src=\"https:\/\/www.hoymercedes.com.ar\/principal\/wp-content\/uploads\/2019\/04\/4-1024x576.jpeg\" alt=\"\" data-id=\"91067\" data-link=\"https:\/\/www.hoymercedes.com.ar\/principal\/?attachment_id=91067\" class=\"wp-image-91067\" srcset=\"https:\/\/www.hoymercedes.com.ar\/principal\/wp-content\/uploads\/2019\/04\/4.jpeg 1024w, https:\/\/www.hoymercedes.com.ar\/principal\/wp-content\/uploads\/2019\/04\/4-150x84.jpeg 150w, https:\/\/www.hoymercedes.com.ar\/principal\/wp-content\/uploads\/2019\/04\/4-630x354.jpeg 630w\" sizes=\"auto, (max-width: 1024px) 100vw, 1024px\" \/><\/figure><\/li><\/ul>\n","protected":false},"excerpt":{"rendered":"<p>Club Social y Deportivo Gowland ya tiene sus instalaciones funcionando a pleno. Este s\u00e1bado se inauguraron. Con fondos del programa &#8230; <a title=\"Qued\u00f3 inaugurada la cancha del Club Deportivo y Social Gowland\" class=\"read-more\" href=\"https:\/\/www.hoymercedes.com.ar\/principal\/2019\/04\/09\/quedo-inaugurada-la-cancha-del-club-deportivo-y-social-gowland\/\" aria-label=\"Leer m\u00e1s sobre Qued\u00f3 inaugurada la cancha del Club Deportivo y Social Gowland\">Leer m\u00e1s<\/a><\/p>\n","protected":false},"author":1,"featured_media":91061,"comment_status":"closed","ping_status":"open","sticky":false,"template":"","format":"standard","meta":{"_monsterinsights_skip_tracking":false,"_monsterinsights_sitenote_active":false,"_monsterinsights_sitenote_note":"","_monsterinsights_sitenote_category":0,"jetpack_post_was_ever_published":false,"_jetpack_newsletter_access":"","_jetpack_dont_email_post_to_subs":false,"_jetpack_newsletter_tier_id":0,"_jetpack_memberships_contains_paywalled_content":false,"_jetpack_memberships_contains_paid_content":false,"footnotes":"","jetpack_publicize_message":"","jetpack_publicize_feature_enabled":true,"jetpack_social_post_already_shared":true,"jetpack_social_options":{"image_generator_settings":{"template":"highway","default_image_id":0,"font":"","enabled":false},"version":2},"_wpas_customize_per_network":false},"categories":[21],"tags":[14797,14829],"class_list":["post-91060","post","type-post","status-publish","format-standard","has-post-thumbnail","hentry","category-deportes","tag-club-deportivo-gowland","tag-inauguracion-cancha","generate-columns","tablet-grid-50","mobile-grid-100","grid-parent","grid-50"],"jetpack_publicize_connections":[],"jetpack_featured_media_url":"https:\/\/www.hoymercedes.com.ar\/principal\/wp-content\/uploads\/2019\/04\/DJI_0029-1.jpg","wps_subtitle":"F\u00fatbol Infantil","jetpack_sharing_enabled":true,"_links":{"self":[{"href":"https:\/\/www.hoymercedes.com.ar\/principal\/wp-json\/wp\/v2\/posts\/91060","targetHints":{"allow":["GET"]}}],"collection":[{"href":"https:\/\/www.hoymercedes.com.ar\/principal\/wp-json\/wp\/v2\/posts"}],"about":[{"href":"https:\/\/www.hoymercedes.com.ar\/principal\/wp-json\/wp\/v2\/types\/post"}],"author":[{"embeddable":true,"href":"https:\/\/www.hoymercedes.com.ar\/principal\/wp-json\/wp\/v2\/users\/1"}],"replies":[{"embeddable":true,"href":"https:\/\/www.hoymercedes.com.ar\/principal\/wp-json\/wp\/v2\/comments?post=91060"}],"version-history":[{"count":0,"href":"https:\/\/www.hoymercedes.com.ar\/principal\/wp-json\/wp\/v2\/posts\/91060\/revisions"}],"wp:featuredmedia":[{"embeddable":true,"href":"https:\/\/www.hoymercedes.com.ar\/principal\/wp-json\/wp\/v2\/media\/91061"}],"wp:attachment":[{"href":"https:\/\/www.hoymercedes.com.ar\/principal\/wp-json\/wp\/v2\/media?parent=91060"}],"wp:term":[{"taxonomy":"category","embeddable":true,"href":"https:\/\/www.hoymercedes.com.ar\/principal\/wp-json\/wp\/v2\/categories?post=91060"},{"taxonomy":"post_tag","embeddable":true,"href":"https:\/\/www.hoymercedes.com.ar\/principal\/wp-json\/wp\/v2\/tags?post=91060"}],"curies":[{"name":"wp","href":"https:\/\/api.w.org\/{rel}","templated":true}]}}