{"id":91070,"date":"2019-04-09T18:05:23","date_gmt":"2019-04-09T21:05:23","guid":{"rendered":"http:\/\/www.hoymercedes.com.ar\/principal\/?p=91070"},"modified":"2019-04-09T16:29:06","modified_gmt":"2019-04-09T19:29:06","slug":"vidrios-mercedes-igualo-pero-sigue-en-la-cima","status":"publish","type":"post","link":"https:\/\/www.hoymercedes.com.ar\/principal\/2019\/04\/09\/vidrios-mercedes-igualo-pero-sigue-en-la-cima\/","title":{"rendered":"Vidrios Mercedes igual\u00f3, pero sigue en la cima"},"content":{"rendered":"\n<p>De mayor a menor fue el calor en el predio de la Asociaci\u00f3n de Judiciales Bonaerenses. Igualmente la temperatura, fueron los equipos quienes la hicieron subir, en cada uno de los encuentros pactados. Como se mencion\u00f3 anteriormente se registraron muchas igualdades, la mayor\u00eda en un tanto por lado.<\/p>\n\n\n\n<figure class=\"wp-block-image\"><img loading=\"lazy\" decoding=\"async\" width=\"1024\" height=\"768\" data-attachment-id=\"91071\" data-permalink=\"https:\/\/www.hoymercedes.com.ar\/principal\/2019\/04\/09\/vidrios-mercedes-igualo-pero-sigue-en-la-cima\/uom-mercedesjpg\/#main\" data-orig-file=\"https:\/\/www.hoymercedes.com.ar\/principal\/wp-content\/uploads\/2019\/04\/UOM-MERCEDESJPG.jpg\" data-orig-size=\"2080,1560\" data-comments-opened=\"0\" data-image-meta=\"{&quot;aperture&quot;:&quot;0&quot;,&quot;credit&quot;:&quot;&quot;,&quot;camera&quot;:&quot;&quot;,&quot;caption&quot;:&quot;&quot;,&quot;created_timestamp&quot;:&quot;0&quot;,&quot;copyright&quot;:&quot;&quot;,&quot;focal_length&quot;:&quot;0&quot;,&quot;iso&quot;:&quot;0&quot;,&quot;shutter_speed&quot;:&quot;0&quot;,&quot;title&quot;:&quot;&quot;,&quot;orientation&quot;:&quot;0&quot;}\" data-image-title=\"UOM MERCEDESJPG\" data-image-description=\"\" data-image-caption=\"\" data-large-file=\"https:\/\/www.hoymercedes.com.ar\/principal\/wp-content\/uploads\/2019\/04\/UOM-MERCEDESJPG-1024x768.jpg\" src=\"https:\/\/www.hoymercedes.com.ar\/principal\/wp-content\/uploads\/2019\/04\/UOM-MERCEDESJPG-1024x768.jpg\" alt=\"\" class=\"wp-image-91071\" srcset=\"https:\/\/www.hoymercedes.com.ar\/principal\/wp-content\/uploads\/2019\/04\/UOM-MERCEDESJPG-1024x768.jpg 1024w, https:\/\/www.hoymercedes.com.ar\/principal\/wp-content\/uploads\/2019\/04\/UOM-MERCEDESJPG-150x113.jpg 150w, https:\/\/www.hoymercedes.com.ar\/principal\/wp-content\/uploads\/2019\/04\/UOM-MERCEDESJPG-630x473.jpg 630w, https:\/\/www.hoymercedes.com.ar\/principal\/wp-content\/uploads\/2019\/04\/UOM-MERCEDESJPG-320x240.jpg 320w, https:\/\/www.hoymercedes.com.ar\/principal\/wp-content\/uploads\/2019\/04\/UOM-MERCEDESJPG-100x75.jpg 100w\" sizes=\"auto, (max-width: 1024px) 100vw, 1024px\" \/><\/figure>\n\n\n\n<p><strong>Puntos repartidos<\/strong><br>El primero de los encuentros que termin\u00f3 uno a uno fue el Vidrios Mercedes contra Carnicer\u00eda Pisoni-Ind Zitro. Los de verde y blanco comenzaron abajo en el tanteador, tras uno de los dos tantos que convirti\u00f3 Juan Francisco Cassiani. Minutos m\u00e1s tarde, desde los doce pasos, vidrios igual\u00f3 las condiciones; pero despu\u00e9s se puso al frente dos a uno. En un abrir y cerrar de ojos, su adversario concret\u00f3 el dos a dos final. Por el momento, Vidrios Mercedes sigue primero con 10 puntos. Uom Mercedes y Mantenimiento Chapelo, dos que vienen en el lote de los perseguidores, se deleitaron ante los ojos de todos los presentes en el complejo. Uom Mercedes puso el marcador uno a cero en su favor. Mantenimiento Chapelo no se qued\u00f3 de brazos cruzados y marc\u00f3 el uno a uno. Fue un encuentro para cualquiera de los dos, pero la n\u00b05 no quiso entrar. Casi en lo que fue un verdadero cl\u00e1sico, una impresionante batalla, AIB&amp;Futbol y El Porvenir-El Prado tambi\u00e9n terminaro empatados en uno. En todos los sectores de la cancha el match fue m\u00e1s que disputados, y por momentos todo se puso muy caliente.<\/p>\n\n\n\n<p>Los beneficiados<br>Bendita Moda y Distribuidora Lud Marc se sumaron a los planteles que tienen tres unidades. En su presentaci\u00f3n contra Deportivo Uri, Bendita Moda se visti\u00f3 de gala, y del sombrero sac\u00f3 dos hermosos goles para derrotar a su contrincante. Los de Lud Marc no le dieron piedad a El Resto. En una formidable jugada, Maximiliano Devincenzi anot\u00f3 el uno a cero definitorio.<\/p>\n\n\n\n<p>Pas\u00f3 la cuarta fecha, y hasta el momento todo sigue igual. Un l\u00edder y los dem\u00e1s perros de caza tratando de alcanzar al primero. Falta mucho y se vienen jornadas determinantes y decisivas.<\/p>\n\n\n\n<p><strong>Resultados<\/strong><br>Vidrios Mercedes: 2 (Francisco Mc Cormack, Mariano Ramos).<br>Carniceria Pisoni-Ind Zitro: 2 (Juan Francisco Cassiani)<\/p>\n\n\n\n<p>Distribuidora Lud Marc: 1 (Maximiliano Devincenzi).<br>El Resto: 0<\/p>\n\n\n\n<p>Uom Mercedes: 1 (Luis Yacoy).<br>Mantenimiento Chapelo: 1 (Leandro Bernasconi).<\/p>\n\n\n\n<p>AIB&amp;Futbol: 1 (Juan Bereterbide).<br>El porvenir-El Prado: 1 (Marcos Piccone).<\/p>\n\n\n\n<p>Deportivo Uri: 0.<br>Bendita Moda: 2 (Facundo Demicheli, Pablo Nicol\u00e1s Marconi).<\/p>\n\n\n\n<div class=\"wp-block-image\"><figure class=\"aligncenter\"><img loading=\"lazy\" decoding=\"async\" width=\"357\" height=\"340\" data-attachment-id=\"91072\" data-permalink=\"https:\/\/www.hoymercedes.com.ar\/principal\/2019\/04\/09\/vidrios-mercedes-igualo-pero-sigue-en-la-cima\/ajb-4-fecha-tabla-imagen\/#main\" data-orig-file=\"https:\/\/www.hoymercedes.com.ar\/principal\/wp-content\/uploads\/2019\/04\/AJB-4-FECHA-TABLA-IMAGEN.png\" data-orig-size=\"357,340\" data-comments-opened=\"0\" data-image-meta=\"{&quot;aperture&quot;:&quot;0&quot;,&quot;credit&quot;:&quot;&quot;,&quot;camera&quot;:&quot;&quot;,&quot;caption&quot;:&quot;&quot;,&quot;created_timestamp&quot;:&quot;0&quot;,&quot;copyright&quot;:&quot;&quot;,&quot;focal_length&quot;:&quot;0&quot;,&quot;iso&quot;:&quot;0&quot;,&quot;shutter_speed&quot;:&quot;0&quot;,&quot;title&quot;:&quot;&quot;,&quot;orientation&quot;:&quot;0&quot;}\" data-image-title=\"AJB 4 FECHA TABLA IMAGEN\" data-image-description=\"\" data-image-caption=\"\" data-large-file=\"https:\/\/www.hoymercedes.com.ar\/principal\/wp-content\/uploads\/2019\/04\/AJB-4-FECHA-TABLA-IMAGEN.png\" src=\"https:\/\/www.hoymercedes.com.ar\/principal\/wp-content\/uploads\/2019\/04\/AJB-4-FECHA-TABLA-IMAGEN.png\" alt=\"\" class=\"wp-image-91072\" srcset=\"https:\/\/www.hoymercedes.com.ar\/principal\/wp-content\/uploads\/2019\/04\/AJB-4-FECHA-TABLA-IMAGEN.png 357w, https:\/\/www.hoymercedes.com.ar\/principal\/wp-content\/uploads\/2019\/04\/AJB-4-FECHA-TABLA-IMAGEN-150x143.png 150w\" sizes=\"auto, (max-width: 357px) 100vw, 357px\" \/><\/figure><\/div>\n","protected":false},"excerpt":{"rendered":"<p>De mayor a menor fue el calor en el predio de la Asociaci\u00f3n de Judiciales Bonaerenses. Igualmente la temperatura, fueron &#8230; <a title=\"Vidrios Mercedes igual\u00f3, pero sigue en la cima\" class=\"read-more\" href=\"https:\/\/www.hoymercedes.com.ar\/principal\/2019\/04\/09\/vidrios-mercedes-igualo-pero-sigue-en-la-cima\/\" aria-label=\"Leer m\u00e1s sobre Vidrios Mercedes igual\u00f3, pero sigue en la cima\">Leer m\u00e1s<\/a><\/p>\n","protected":false},"author":1,"featured_media":91071,"comment_status":"closed","ping_status":"open","sticky":false,"template":"","format":"standard","meta":{"_monsterinsights_skip_tracking":false,"_monsterinsights_sitenote_active":false,"_monsterinsights_sitenote_note":"","_monsterinsights_sitenote_category":0,"jetpack_post_was_ever_published":false,"_jetpack_newsletter_access":"","_jetpack_dont_email_post_to_subs":false,"_jetpack_newsletter_tier_id":0,"_jetpack_memberships_contains_paywalled_content":false,"_jetpack_memberships_contains_paid_content":false,"footnotes":"","jetpack_publicize_message":"","jetpack_publicize_feature_enabled":true,"jetpack_social_post_already_shared":true,"jetpack_social_options":{"image_generator_settings":{"template":"highway","default_image_id":0,"font":"","enabled":false},"version":2},"_wpas_customize_per_network":false},"categories":[21],"tags":[12957],"class_list":["post-91070","post","type-post","status-publish","format-standard","has-post-thumbnail","hentry","category-deportes","tag-futbol-amateur","generate-columns","tablet-grid-50","mobile-grid-100","grid-parent","grid-50"],"jetpack_publicize_connections":[],"jetpack_featured_media_url":"https:\/\/www.hoymercedes.com.ar\/principal\/wp-content\/uploads\/2019\/04\/UOM-MERCEDESJPG.jpg","wps_subtitle":"Torneo AJB","jetpack_sharing_enabled":true,"_links":{"self":[{"href":"https:\/\/www.hoymercedes.com.ar\/principal\/wp-json\/wp\/v2\/posts\/91070","targetHints":{"allow":["GET"]}}],"collection":[{"href":"https:\/\/www.hoymercedes.com.ar\/principal\/wp-json\/wp\/v2\/posts"}],"about":[{"href":"https:\/\/www.hoymercedes.com.ar\/principal\/wp-json\/wp\/v2\/types\/post"}],"author":[{"embeddable":true,"href":"https:\/\/www.hoymercedes.com.ar\/principal\/wp-json\/wp\/v2\/users\/1"}],"replies":[{"embeddable":true,"href":"https:\/\/www.hoymercedes.com.ar\/principal\/wp-json\/wp\/v2\/comments?post=91070"}],"version-history":[{"count":0,"href":"https:\/\/www.hoymercedes.com.ar\/principal\/wp-json\/wp\/v2\/posts\/91070\/revisions"}],"wp:featuredmedia":[{"embeddable":true,"href":"https:\/\/www.hoymercedes.com.ar\/principal\/wp-json\/wp\/v2\/media\/91071"}],"wp:attachment":[{"href":"https:\/\/www.hoymercedes.com.ar\/principal\/wp-json\/wp\/v2\/media?parent=91070"}],"wp:term":[{"taxonomy":"category","embeddable":true,"href":"https:\/\/www.hoymercedes.com.ar\/principal\/wp-json\/wp\/v2\/categories?post=91070"},{"taxonomy":"post_tag","embeddable":true,"href":"https:\/\/www.hoymercedes.com.ar\/principal\/wp-json\/wp\/v2\/tags?post=91070"}],"curies":[{"name":"wp","href":"https:\/\/api.w.org\/{rel}","templated":true}]}}