{"id":91080,"date":"2019-04-09T22:15:54","date_gmt":"2019-04-10T01:15:54","guid":{"rendered":"http:\/\/www.hoymercedes.com.ar\/principal\/?p=91080"},"modified":"2019-04-08T19:18:42","modified_gmt":"2019-04-08T22:18:42","slug":"electromecanica-zunino-campeon-de-los-veteranos","status":"publish","type":"post","link":"https:\/\/www.hoymercedes.com.ar\/principal\/2019\/04\/09\/electromecanica-zunino-campeon-de-los-veteranos\/","title":{"rendered":"Electromec\u00e1nica Zunino campe\u00f3n de los veteranos"},"content":{"rendered":"\n<p>Mientras que el torneo libre sigue a todo vapor en ambas zonas, de clasificados y no clasificados, el gran certamen de los mayores concluy\u00f3 con una final\u00edsima, acorde a la jerarqu\u00eda que tuvo el torneo en el transcurso de todas sus fechas.<\/p>\n\n\n\n<figure class=\"wp-block-image\"><img loading=\"lazy\" decoding=\"async\" width=\"1024\" height=\"768\" data-attachment-id=\"91081\" data-permalink=\"https:\/\/www.hoymercedes.com.ar\/principal\/2019\/04\/09\/electromecanica-zunino-campeon-de-los-veteranos\/e-zunino-jpg\/#main\" data-orig-file=\"https:\/\/www.hoymercedes.com.ar\/principal\/wp-content\/uploads\/2019\/04\/e-zunino.jpg.jpg\" data-orig-size=\"2080,1560\" data-comments-opened=\"0\" data-image-meta=\"{&quot;aperture&quot;:&quot;0&quot;,&quot;credit&quot;:&quot;&quot;,&quot;camera&quot;:&quot;&quot;,&quot;caption&quot;:&quot;&quot;,&quot;created_timestamp&quot;:&quot;0&quot;,&quot;copyright&quot;:&quot;&quot;,&quot;focal_length&quot;:&quot;0&quot;,&quot;iso&quot;:&quot;0&quot;,&quot;shutter_speed&quot;:&quot;0&quot;,&quot;title&quot;:&quot;&quot;,&quot;orientation&quot;:&quot;0&quot;}\" data-image-title=\"e zunino.jpg\" data-image-description=\"\" data-image-caption=\"\" data-large-file=\"https:\/\/www.hoymercedes.com.ar\/principal\/wp-content\/uploads\/2019\/04\/e-zunino.jpg-1024x768.jpg\" src=\"https:\/\/www.hoymercedes.com.ar\/principal\/wp-content\/uploads\/2019\/04\/e-zunino.jpg-1024x768.jpg\" alt=\"\" class=\"wp-image-91081\" srcset=\"https:\/\/www.hoymercedes.com.ar\/principal\/wp-content\/uploads\/2019\/04\/e-zunino.jpg-1024x768.jpg 1024w, https:\/\/www.hoymercedes.com.ar\/principal\/wp-content\/uploads\/2019\/04\/e-zunino.jpg-150x113.jpg 150w, https:\/\/www.hoymercedes.com.ar\/principal\/wp-content\/uploads\/2019\/04\/e-zunino.jpg-630x473.jpg 630w, https:\/\/www.hoymercedes.com.ar\/principal\/wp-content\/uploads\/2019\/04\/e-zunino.jpg-320x240.jpg 320w, https:\/\/www.hoymercedes.com.ar\/principal\/wp-content\/uploads\/2019\/04\/e-zunino.jpg-100x75.jpg 100w\" sizes=\"auto, (max-width: 1024px) 100vw, 1024px\" \/><\/figure>\n\n\n\n<p><strong>Copa Goodyear Neum\u00e1ticos<br><\/strong>Entre Lo Jarrones y Electromec\u00e1nica Zunino se defin\u00eda el campe\u00f3n del torneo m\u00e1ster. El enfrentamiento se dio el viernes por la noche en la cancha 2 del complejo del Sindicato de la Carne de Mercedes, bajo la organizaci\u00f3n impecable de Walter Banega. Con un clima muy fr\u00edo, que para nada impidi\u00f3 que el p\u00fablico se acerque a observar la gran final, se jug\u00f3 este partido entre dos teams que dejaron todo en cada una de sus presentaciones. Durante el desarrollo del partido, Lo Jarrones no pudo contra su adversario. R\u00e1pidamente el partido estaba dos a uno a favor de Electromec\u00e1nica Zunino. Lo Jarrones segu\u00edan insistiendo, pero lleg\u00f3 el tres a uno. Sin bajar los brazos, los de casaca amarilla con vivos negros, siguieron empujando hasta alcanzar el tres a dos, pero no pudo torcer el destino del partido. Los de la electromec\u00e1nica dieron la vuelta ol\u00edmpica y, tras el partido, los equipos se saludaron amablemente y todo fue festejo por parte de los reci\u00e9n consagrados.<\/p>\n\n\n\n<p><strong>Copa Mercedes Deportes<br><\/strong>Los clasificados siguen cumpliendo con sus respectivos compromisos. Los Pibes est\u00e1n segundos a un punto de los tres l\u00edderes que tiene la liguilla final. El conjunto de Los Pibes despach\u00f3 tres a cero a Gimnasio M&amp;M casi sin transpirar, imponiendo toda su jerarqu\u00eda futbol\u00edstica. En otro match, Despensa El Cone Vapule\u00f3 cuatro a cero a Estudio Jur\u00eddico Pagano Poggio y cosecha as\u00ed nueve puntos, siendo uno de los tres punteros que tiene el certamen. Recordemos que el conjunto conducido por Dar\u00edo Ravassa tuv una impecable performance en la etapa clasificatoria, y hasta el momento se muestra imbatible en su camino hacia la vuelta ol\u00edmpica.<\/p>\n\n\n\n<p>Verduler\u00eda Roc\u00edo sigue goleando y sin darle chances a nadie. Enfrente tuvo al buen equipo de El Rejunte. Sin darle minutos de protagonismo, los verduleros golearon por cinco a uno, y comparten la punta junto a El Cone y San Mart\u00edn. El mencionado en \u00faltimo t\u00e9rmino no fue menos que los dem\u00e1s punteros y destroz\u00f3 cinco a cero a los Galgueros. A falta de una sola fecha, este tridente de punteros promete una definici\u00f3n no apta para card\u00edacos. Se vivir\u00e1 un s\u00e1bado m\u00e1s que intenso.<\/p>\n\n\n\n<p><strong>Los del consuelo<br><\/strong>Dentro de los no clasificados, Culebras le sac\u00f3 un punto de diferencia a De Rabona. En su presentaci\u00f3n contra Vadex Shop-Jun\u00edn protagoniz\u00f3 la goleada de la jornada de s\u00e1bado. Arras\u00f3 ante su rival por ocho goles a nada. El Bosquecito-Peluquer\u00eda Juan Cesar sigue sumando y va por el buen camino: Fue cuatro a dos ante un Quilmes que comenz\u00f3 ganando, pero no pudo sostenerlo, ya que en el segundo tiempo ingresaron Jos\u00e9 Lopez y Dami\u00e1n Cont\u00edn, la carta ganadora que ten\u00eda guardada el conjunto azulgrana. Cromos Taller Gr\u00e1ficos hizo lo que ten\u00eda que hacer y se mantiene tercero en la tabla. En el verde c\u00e9sped enfrent\u00f3 a Carnicer\u00eda la 11-Refrigeraci\u00f3n D&amp;N y le gan\u00f3 uno a cero.<\/p>\n\n\n\n<p><strong>Resultados&nbsp; Copa Goodyear Neum\u00e1ticos<br><\/strong>Lo Jarrones: 2 (Maciel, Diego Moles).<br>Electromec\u00e1nica Zunino: 3 (Mauricio Ruiz D\u00edaz 3)<\/p>\n\n\n\n<p><strong>Resultados&nbsp; Copa Mercedes Deportes<br><\/strong>San Mart\u00edn: 5 (Wilson Alcaraz 3, Richard Dim\u00ednguez, Diego Maiorana).<br>Galgueros: 0<\/p>\n\n\n\n<p>Verduler\u00eda Roc\u00edo: 5 (Leandro Lazarte, Luciano Lecouna, Dami\u00e1n Mansilla 2, Ignacio Martina).<br>El Rejunte: 1 (Pedro Larrea)<\/p>\n\n\n\n<p>Despensa el Cone: 4 (Jorge Guzm\u00e1n, Franco Novo, Juli\u00e1n Padula 2).<br>Estudio Jur\u00eddico Pagano-Poggio: 0<\/p>\n\n\n\n<p>Gimnasio M&amp;M: 0.<br>Los Pibes: 3 (Braian Lucero)<\/p>\n\n\n\n<p>Cromos Taller Gr\u00e1ficos: 1 (Nicol\u00e1s Scasso).<br>Carnicer\u00eda la 11-Refrigeraci\u00f3n D&amp;N: 0<\/p>\n\n\n\n<p>Bosquecito-Peluquer\u00eda Juan Cesar: 4 (Jos\u00e9 Ram\u00edrez 3, Damian Cont\u00edn).<br>Quilmes: 2 (Diego Lucero, Maximiliano Arzani)<\/p>\n\n\n\n<p>Culebras: 8 (Luis Dipieri, Juan Quiroga 2, Mart\u00edn Vel\u00e1zques 2, Luis Ayala, Gast\u00f3n Tust 2).<br>Vadex Shop-Jun\u00edn: 0.<\/p>\n\n\n\n<div class=\"wp-block-image\"><figure class=\"aligncenter\"><img loading=\"lazy\" decoding=\"async\" width=\"405\" height=\"527\" data-attachment-id=\"91082\" data-permalink=\"https:\/\/www.hoymercedes.com.ar\/principal\/2019\/04\/09\/electromecanica-zunino-campeon-de-los-veteranos\/imagen-tabla-menores-sindicato\/#main\" data-orig-file=\"https:\/\/www.hoymercedes.com.ar\/principal\/wp-content\/uploads\/2019\/04\/imagen-tabla-menores-sindicato.png\" data-orig-size=\"405,527\" data-comments-opened=\"0\" data-image-meta=\"{&quot;aperture&quot;:&quot;0&quot;,&quot;credit&quot;:&quot;&quot;,&quot;camera&quot;:&quot;&quot;,&quot;caption&quot;:&quot;&quot;,&quot;created_timestamp&quot;:&quot;0&quot;,&quot;copyright&quot;:&quot;&quot;,&quot;focal_length&quot;:&quot;0&quot;,&quot;iso&quot;:&quot;0&quot;,&quot;shutter_speed&quot;:&quot;0&quot;,&quot;title&quot;:&quot;&quot;,&quot;orientation&quot;:&quot;0&quot;}\" data-image-title=\"imagen tabla menores sindicato\" data-image-description=\"\" data-image-caption=\"\" data-large-file=\"https:\/\/www.hoymercedes.com.ar\/principal\/wp-content\/uploads\/2019\/04\/imagen-tabla-menores-sindicato.png\" src=\"https:\/\/www.hoymercedes.com.ar\/principal\/wp-content\/uploads\/2019\/04\/imagen-tabla-menores-sindicato.png\" alt=\"\" class=\"wp-image-91082\" srcset=\"https:\/\/www.hoymercedes.com.ar\/principal\/wp-content\/uploads\/2019\/04\/imagen-tabla-menores-sindicato.png 405w, https:\/\/www.hoymercedes.com.ar\/principal\/wp-content\/uploads\/2019\/04\/imagen-tabla-menores-sindicato-115x150.png 115w\" sizes=\"auto, (max-width: 405px) 100vw, 405px\" \/><\/figure><\/div>\n","protected":false},"excerpt":{"rendered":"<p>Mientras que el torneo libre sigue a todo vapor en ambas zonas, de clasificados y no clasificados, el gran certamen &#8230; <a title=\"Electromec\u00e1nica Zunino campe\u00f3n de los veteranos\" class=\"read-more\" href=\"https:\/\/www.hoymercedes.com.ar\/principal\/2019\/04\/09\/electromecanica-zunino-campeon-de-los-veteranos\/\" aria-label=\"Leer m\u00e1s sobre Electromec\u00e1nica Zunino campe\u00f3n de los veteranos\">Leer m\u00e1s<\/a><\/p>\n","protected":false},"author":1,"featured_media":91081,"comment_status":"closed","ping_status":"open","sticky":false,"template":"","format":"standard","meta":{"_monsterinsights_skip_tracking":false,"_monsterinsights_sitenote_active":false,"_monsterinsights_sitenote_note":"","_monsterinsights_sitenote_category":0,"jetpack_post_was_ever_published":false,"_jetpack_newsletter_access":"","_jetpack_dont_email_post_to_subs":false,"_jetpack_newsletter_tier_id":0,"_jetpack_memberships_contains_paywalled_content":false,"_jetpack_memberships_contains_paid_content":false,"footnotes":"","jetpack_publicize_message":"","jetpack_publicize_feature_enabled":true,"jetpack_social_post_already_shared":true,"jetpack_social_options":{"image_generator_settings":{"template":"highway","default_image_id":0,"font":"","enabled":false},"version":2},"_wpas_customize_per_network":false},"categories":[21],"tags":[12957,1789],"class_list":["post-91080","post","type-post","status-publish","format-standard","has-post-thumbnail","hentry","category-deportes","tag-futbol-amateur","tag-sindicato-de-la-carne","generate-columns","tablet-grid-50","mobile-grid-100","grid-parent","grid-50"],"jetpack_publicize_connections":[],"jetpack_featured_media_url":"https:\/\/www.hoymercedes.com.ar\/principal\/wp-content\/uploads\/2019\/04\/e-zunino.jpg.jpg","wps_subtitle":"Sindicato de la Carne","jetpack_sharing_enabled":true,"jetpack-related-posts":[{"id":90575,"url":"https:\/\/www.hoymercedes.com.ar\/principal\/2019\/04\/01\/se-viene-la-super-final-para-los-veteranos-del-sindicato\/","url_meta":{"origin":91080,"position":0},"title":"Se viene la s\u00faper final para los veteranos del Sindicato","author":"hoymercedes","date":"1 abril, 2019","format":false,"excerpt":"La misma ser\u00e1 disputada por Lo Jarrones contra Electromec\u00e1nica Zunino. Ambos superaron sus semifinales. En menores, pas\u00f3 una nueva jornada de f\u00fatbol. El torneo nocturno de la m\u00e1ster tuvo su acci\u00f3n, as\u00ed como tambi\u00e9n el campeonato de la categor\u00eda libre; ambos organizados de manera m\u00e1s que correcta por Walter Banega.\u2026","rel":"","context":"En \u00abDeportes\u00bb","block_context":{"text":"Deportes","link":"https:\/\/www.hoymercedes.com.ar\/principal\/category\/deportes\/"},"img":{"alt_text":"","src":"https:\/\/i0.wp.com\/www.hoymercedes.com.ar\/principal\/wp-content\/uploads\/2019\/04\/quilmes.jpg.jpg?resize=350%2C200&ssl=1","width":350,"height":200,"srcset":"https:\/\/i0.wp.com\/www.hoymercedes.com.ar\/principal\/wp-content\/uploads\/2019\/04\/quilmes.jpg.jpg?resize=350%2C200&ssl=1 1x, https:\/\/i0.wp.com\/www.hoymercedes.com.ar\/principal\/wp-content\/uploads\/2019\/04\/quilmes.jpg.jpg?resize=525%2C300&ssl=1 1.5x, https:\/\/i0.wp.com\/www.hoymercedes.com.ar\/principal\/wp-content\/uploads\/2019\/04\/quilmes.jpg.jpg?resize=700%2C400&ssl=1 2x"},"classes":[]},{"id":93986,"url":"https:\/\/www.hoymercedes.com.ar\/principal\/2019\/05\/29\/autoservicio-marisol-rosario-plastico-goleo-y-sigue-primero-en-soledad\/","url_meta":{"origin":91080,"position":1},"title":"Autoservicio Marisol-Rosario Pl\u00e1stico gole\u00f3, y sigue primero en soledad","author":"hoymercedes","date":"29 mayo, 2019","format":false,"excerpt":"Fue una goleada avasallante contra Electromec\u00e1nica Zunino. Por el lado de los menores, se jug\u00f3 la final de la Copa de Campeones, y Verduler\u00eda Roc\u00edo festej\u00f3 ante Culebras. Nuevamente se vivi\u00f3 un espect\u00e1culo futbol\u00edstico en el predio del Sindicato de la Carne Mercedes, con todo lo que aportan los veteranos\u2026","rel":"","context":"En \u00abDeportes\u00bb","block_context":{"text":"Deportes","link":"https:\/\/www.hoymercedes.com.ar\/principal\/category\/deportes\/"},"img":{"alt_text":"","src":"https:\/\/i0.wp.com\/www.hoymercedes.com.ar\/principal\/wp-content\/uploads\/2019\/05\/verduler%C3%ADa-roc%C3%ADo-campe%C3%B3n.jpg.jpg?resize=350%2C200&ssl=1","width":350,"height":200,"srcset":"https:\/\/i0.wp.com\/www.hoymercedes.com.ar\/principal\/wp-content\/uploads\/2019\/05\/verduler%C3%ADa-roc%C3%ADo-campe%C3%B3n.jpg.jpg?resize=350%2C200&ssl=1 1x, https:\/\/i0.wp.com\/www.hoymercedes.com.ar\/principal\/wp-content\/uploads\/2019\/05\/verduler%C3%ADa-roc%C3%ADo-campe%C3%B3n.jpg.jpg?resize=525%2C300&ssl=1 1.5x, https:\/\/i0.wp.com\/www.hoymercedes.com.ar\/principal\/wp-content\/uploads\/2019\/05\/verduler%C3%ADa-roc%C3%ADo-campe%C3%B3n.jpg.jpg?resize=700%2C400&ssl=1 2x"},"classes":[]},{"id":93376,"url":"https:\/\/www.hoymercedes.com.ar\/principal\/2019\/05\/21\/sindicato-de-la-carne-verduleria-rocio-se-consagro-campeon\/","url_meta":{"origin":91080,"position":2},"title":"Sindicato de la Carne: Verduler\u00eda Roc\u00edo se consagr\u00f3 campe\u00f3n","author":"hoymercedes","date":"21 mayo, 2019","format":false,"excerpt":"En una s\u00faper final, fue verdugo del Barrio San Mart\u00edn. Todo se defini\u00f3 en la tanda de los penales. Sigue la acci\u00f3n en el certamen de veteranos. A pesar de algunas lluvias ca\u00eddas en la tarde del s\u00e1bado, dentro del complejo futbol\u00edstico, igualmente el f\u00fatbol tuvo su lugar, y fue\u2026","rel":"","context":"En \u00abDeportes\u00bb","block_context":{"text":"Deportes","link":"https:\/\/www.hoymercedes.com.ar\/principal\/category\/deportes\/"},"img":{"alt_text":"","src":"https:\/\/i0.wp.com\/www.hoymercedes.com.ar\/principal\/wp-content\/uploads\/2019\/05\/el-rejunte.jpg-2.jpg?resize=350%2C200&ssl=1","width":350,"height":200,"srcset":"https:\/\/i0.wp.com\/www.hoymercedes.com.ar\/principal\/wp-content\/uploads\/2019\/05\/el-rejunte.jpg-2.jpg?resize=350%2C200&ssl=1 1x, https:\/\/i0.wp.com\/www.hoymercedes.com.ar\/principal\/wp-content\/uploads\/2019\/05\/el-rejunte.jpg-2.jpg?resize=525%2C300&ssl=1 1.5x, https:\/\/i0.wp.com\/www.hoymercedes.com.ar\/principal\/wp-content\/uploads\/2019\/05\/el-rejunte.jpg-2.jpg?resize=700%2C400&ssl=1 2x"},"classes":[]},{"id":91755,"url":"https:\/\/www.hoymercedes.com.ar\/principal\/2019\/04\/23\/llego-la-hora-decisiva-en-el-certamen-en-el-sindicato\/","url_meta":{"origin":91080,"position":3},"title":"Lleg\u00f3 la hora decisiva en el certamen en el Sindicato","author":"hoymercedes","date":"23 abril, 2019","format":false,"excerpt":"Verduler\u00eda Roc\u00edo y Despensa El Cone ya tienen un lugar asegurado en la final. San Mart\u00edn empat\u00f3 su encuentro pero jug\u00f3 bajo protesta y podr\u00eda ser el tercer finalista. Comenz\u00f3 el torneo de los veteranos. Bajo la impecable organizaci\u00f3n de Walter Banega, el f\u00fatbol en el predio del Sindicato de\u2026","rel":"","context":"En \u00abDeportes\u00bb","block_context":{"text":"Deportes","link":"https:\/\/www.hoymercedes.com.ar\/principal\/category\/deportes\/"},"img":{"alt_text":"","src":"https:\/\/i0.wp.com\/www.hoymercedes.com.ar\/principal\/wp-content\/uploads\/2019\/04\/Despensa-El-Cone.jpg.jpg?resize=350%2C200&ssl=1","width":350,"height":200,"srcset":"https:\/\/i0.wp.com\/www.hoymercedes.com.ar\/principal\/wp-content\/uploads\/2019\/04\/Despensa-El-Cone.jpg.jpg?resize=350%2C200&ssl=1 1x, https:\/\/i0.wp.com\/www.hoymercedes.com.ar\/principal\/wp-content\/uploads\/2019\/04\/Despensa-El-Cone.jpg.jpg?resize=525%2C300&ssl=1 1.5x, https:\/\/i0.wp.com\/www.hoymercedes.com.ar\/principal\/wp-content\/uploads\/2019\/04\/Despensa-El-Cone.jpg.jpg?resize=700%2C400&ssl=1 2x"},"classes":[]},{"id":100475,"url":"https:\/\/www.hoymercedes.com.ar\/principal\/2019\/09\/27\/a-paso-firme-goodyear-neumaticos\/","url_meta":{"origin":91080,"position":4},"title":"A paso firme Goodyear Neum\u00e1ticos","author":"hoymercedes","date":"27 septiembre, 2019","format":false,"excerpt":"Cada vez causan m\u00e1s furor los dos torneos organizados por Walter Banega, quien con su impecable desempe\u00f1o dentro del predio mercedino, lleva adelante la Copa Goodyear Neum\u00e1ticos de mayores y la Copa Mercedes Deportes de los m\u00e1s chicos del complejo. En la tarde del s\u00e1bado, se concretaron los correspondientes partidos\u2026","rel":"","context":"En \u00abDeportes\u00bb","block_context":{"text":"Deportes","link":"https:\/\/www.hoymercedes.com.ar\/principal\/category\/deportes\/"},"img":{"alt_text":"","src":"https:\/\/i0.wp.com\/www.hoymercedes.com.ar\/principal\/wp-content\/uploads\/2019\/09\/consultorio.jpg.jpg?resize=350%2C200&ssl=1","width":350,"height":200,"srcset":"https:\/\/i0.wp.com\/www.hoymercedes.com.ar\/principal\/wp-content\/uploads\/2019\/09\/consultorio.jpg.jpg?resize=350%2C200&ssl=1 1x, https:\/\/i0.wp.com\/www.hoymercedes.com.ar\/principal\/wp-content\/uploads\/2019\/09\/consultorio.jpg.jpg?resize=525%2C300&ssl=1 1.5x, https:\/\/i0.wp.com\/www.hoymercedes.com.ar\/principal\/wp-content\/uploads\/2019\/09\/consultorio.jpg.jpg?resize=700%2C400&ssl=1 2x"},"classes":[]},{"id":88053,"url":"https:\/\/www.hoymercedes.com.ar\/principal\/2019\/02\/12\/comenzaron-a-conocerse-los-clasificados-de-cada-zona\/","url_meta":{"origin":91080,"position":5},"title":"Comenzaron a conocerse los clasificados de cada zona","author":"hoymercedes","date":"12 febrero, 2019","format":false,"excerpt":"Los dos l\u00edderes ya se aseguraron la primera colocaci\u00f3n y sellaron el boleto a la siguiente instancia. El pr\u00f3ximo s\u00e1bado tambi\u00e9n se disputar\u00e1n encuentros claves. Uno de los dos torneo organizados por Walter Banega, en este caso el certamen de menores en el predio del Sindicato de la Carne, tuvo\u2026","rel":"","context":"En \u00abDeportes\u00bb","block_context":{"text":"Deportes","link":"https:\/\/www.hoymercedes.com.ar\/principal\/category\/deportes\/"},"img":{"alt_text":"","src":"https:\/\/i0.wp.com\/www.hoymercedes.com.ar\/principal\/wp-content\/uploads\/2019\/02\/El-Rejunte.jpg-1.jpg?resize=350%2C200&ssl=1","width":350,"height":200,"srcset":"https:\/\/i0.wp.com\/www.hoymercedes.com.ar\/principal\/wp-content\/uploads\/2019\/02\/El-Rejunte.jpg-1.jpg?resize=350%2C200&ssl=1 1x, https:\/\/i0.wp.com\/www.hoymercedes.com.ar\/principal\/wp-content\/uploads\/2019\/02\/El-Rejunte.jpg-1.jpg?resize=525%2C300&ssl=1 1.5x, https:\/\/i0.wp.com\/www.hoymercedes.com.ar\/principal\/wp-content\/uploads\/2019\/02\/El-Rejunte.jpg-1.jpg?resize=700%2C400&ssl=1 2x"},"classes":[]}],"_links":{"self":[{"href":"https:\/\/www.hoymercedes.com.ar\/principal\/wp-json\/wp\/v2\/posts\/91080","targetHints":{"allow":["GET"]}}],"collection":[{"href":"https:\/\/www.hoymercedes.com.ar\/principal\/wp-json\/wp\/v2\/posts"}],"about":[{"href":"https:\/\/www.hoymercedes.com.ar\/principal\/wp-json\/wp\/v2\/types\/post"}],"author":[{"embeddable":true,"href":"https:\/\/www.hoymercedes.com.ar\/principal\/wp-json\/wp\/v2\/users\/1"}],"replies":[{"embeddable":true,"href":"https:\/\/www.hoymercedes.com.ar\/principal\/wp-json\/wp\/v2\/comments?post=91080"}],"version-history":[{"count":0,"href":"https:\/\/www.hoymercedes.com.ar\/principal\/wp-json\/wp\/v2\/posts\/91080\/revisions"}],"wp:featuredmedia":[{"embeddable":true,"href":"https:\/\/www.hoymercedes.com.ar\/principal\/wp-json\/wp\/v2\/media\/91081"}],"wp:attachment":[{"href":"https:\/\/www.hoymercedes.com.ar\/principal\/wp-json\/wp\/v2\/media?parent=91080"}],"wp:term":[{"taxonomy":"category","embeddable":true,"href":"https:\/\/www.hoymercedes.com.ar\/principal\/wp-json\/wp\/v2\/categories?post=91080"},{"taxonomy":"post_tag","embeddable":true,"href":"https:\/\/www.hoymercedes.com.ar\/principal\/wp-json\/wp\/v2\/tags?post=91080"}],"curies":[{"name":"wp","href":"https:\/\/api.w.org\/{rel}","templated":true}]}}