{"id":91085,"date":"2019-04-10T07:18:54","date_gmt":"2019-04-10T10:18:54","guid":{"rendered":"http:\/\/www.hoymercedes.com.ar\/principal\/?p=91085"},"modified":"2019-04-08T19:22:49","modified_gmt":"2019-04-08T22:22:49","slug":"excelente-actuacion-del-atleta-mercedino-lorenzo-deluca-en-el-cenard","status":"publish","type":"post","link":"https:\/\/www.hoymercedes.com.ar\/principal\/2019\/04\/10\/excelente-actuacion-del-atleta-mercedino-lorenzo-deluca-en-el-cenard\/","title":{"rendered":"Excelente actuaci\u00f3n del atleta Mercedino Lorenzo Deluca en el CENARD"},"content":{"rendered":"\n<p>El s\u00e1bado 6 de abril en la pista sint\u00e9tica del Cenard se disput\u00f3 la primer etapa del Campeonato Metropolitano de mayores y &nbsp;Sub20 . El mismo llevo el nombre del reconocido atleta Carlos Gats r\u00e9cord argentino de 100 y 200 mts de todos los tiempos .<\/p>\n\n\n\n<figure class=\"wp-block-image\"><img loading=\"lazy\" decoding=\"async\" width=\"683\" height=\"1024\" data-attachment-id=\"91086\" data-permalink=\"https:\/\/www.hoymercedes.com.ar\/principal\/2019\/04\/10\/excelente-actuacion-del-atleta-mercedino-lorenzo-deluca-en-el-cenard\/img-20190407-wa0008\/#main\" data-orig-file=\"https:\/\/www.hoymercedes.com.ar\/principal\/wp-content\/uploads\/2019\/04\/IMG-20190407-WA0008.jpg\" data-orig-size=\"854,1280\" data-comments-opened=\"0\" data-image-meta=\"{&quot;aperture&quot;:&quot;0&quot;,&quot;credit&quot;:&quot;&quot;,&quot;camera&quot;:&quot;&quot;,&quot;caption&quot;:&quot;&quot;,&quot;created_timestamp&quot;:&quot;0&quot;,&quot;copyright&quot;:&quot;&quot;,&quot;focal_length&quot;:&quot;0&quot;,&quot;iso&quot;:&quot;0&quot;,&quot;shutter_speed&quot;:&quot;0&quot;,&quot;title&quot;:&quot;&quot;,&quot;orientation&quot;:&quot;0&quot;}\" data-image-title=\"IMG-20190407-WA0008\" data-image-description=\"\" data-image-caption=\"\" data-large-file=\"https:\/\/www.hoymercedes.com.ar\/principal\/wp-content\/uploads\/2019\/04\/IMG-20190407-WA0008-683x1024.jpg\" src=\"https:\/\/www.hoymercedes.com.ar\/principal\/wp-content\/uploads\/2019\/04\/IMG-20190407-WA0008-683x1024.jpg\" alt=\"\" class=\"wp-image-91086\" srcset=\"https:\/\/www.hoymercedes.com.ar\/principal\/wp-content\/uploads\/2019\/04\/IMG-20190407-WA0008-683x1024.jpg 683w, https:\/\/www.hoymercedes.com.ar\/principal\/wp-content\/uploads\/2019\/04\/IMG-20190407-WA0008-100x150.jpg 100w, https:\/\/www.hoymercedes.com.ar\/principal\/wp-content\/uploads\/2019\/04\/IMG-20190407-WA0008-414x620.jpg 414w, https:\/\/www.hoymercedes.com.ar\/principal\/wp-content\/uploads\/2019\/04\/IMG-20190407-WA0008.jpg 854w\" sizes=\"auto, (max-width: 683px) 100vw, 683px\" \/><\/figure>\n\n\n\n<p>En la prueba de 1500 mts de la categor\u00eda Sub 20 fue de la partida el atleta Mercedino Lorenzo Deluca &nbsp;quien integra el equipo &nbsp;del reconocido &nbsp;recordman Argentino y Sudamericano de 800 mts&nbsp; Luis Migueles .<\/p>\n\n\n\n<p>El joven atleta &nbsp;se ubic\u00f3 2do obteniendo el subcampeonato Metropolitano y su mejor marca personal en esta distancia con un tiempo de 4&#8217;14&#8243;09 , lo que le da la posibilidad &nbsp;de formar parte del equipo de la Federaci\u00f3n metropolitana de atletismo que disputara el pr\u00f3ximo campeonato Nacional a realizarse &nbsp;en el mes de mayo en la ciudad de Mar del Plata .<\/p>\n\n\n\n<figure class=\"wp-block-image\"><img loading=\"lazy\" decoding=\"async\" width=\"683\" height=\"1024\" data-attachment-id=\"91087\" data-permalink=\"https:\/\/www.hoymercedes.com.ar\/principal\/2019\/04\/10\/excelente-actuacion-del-atleta-mercedino-lorenzo-deluca-en-el-cenard\/img-20190407-wa0010\/#main\" data-orig-file=\"https:\/\/www.hoymercedes.com.ar\/principal\/wp-content\/uploads\/2019\/04\/IMG-20190407-WA0010.jpg\" data-orig-size=\"854,1280\" data-comments-opened=\"0\" data-image-meta=\"{&quot;aperture&quot;:&quot;0&quot;,&quot;credit&quot;:&quot;&quot;,&quot;camera&quot;:&quot;&quot;,&quot;caption&quot;:&quot;&quot;,&quot;created_timestamp&quot;:&quot;0&quot;,&quot;copyright&quot;:&quot;&quot;,&quot;focal_length&quot;:&quot;0&quot;,&quot;iso&quot;:&quot;0&quot;,&quot;shutter_speed&quot;:&quot;0&quot;,&quot;title&quot;:&quot;&quot;,&quot;orientation&quot;:&quot;0&quot;}\" data-image-title=\"IMG-20190407-WA0010\" data-image-description=\"\" data-image-caption=\"\" data-large-file=\"https:\/\/www.hoymercedes.com.ar\/principal\/wp-content\/uploads\/2019\/04\/IMG-20190407-WA0010-683x1024.jpg\" src=\"https:\/\/www.hoymercedes.com.ar\/principal\/wp-content\/uploads\/2019\/04\/IMG-20190407-WA0010-683x1024.jpg\" alt=\"\" class=\"wp-image-91087\" srcset=\"https:\/\/www.hoymercedes.com.ar\/principal\/wp-content\/uploads\/2019\/04\/IMG-20190407-WA0010-683x1024.jpg 683w, https:\/\/www.hoymercedes.com.ar\/principal\/wp-content\/uploads\/2019\/04\/IMG-20190407-WA0010-100x150.jpg 100w, https:\/\/www.hoymercedes.com.ar\/principal\/wp-content\/uploads\/2019\/04\/IMG-20190407-WA0010-414x620.jpg 414w, https:\/\/www.hoymercedes.com.ar\/principal\/wp-content\/uploads\/2019\/04\/IMG-20190407-WA0010.jpg 854w\" sizes=\"auto, (max-width: 683px) 100vw, 683px\" \/><\/figure>\n\n\n\n<p>As\u00ed mismo el pr\u00f3ximo s\u00e1bado 13 se llevar\u00e1 a cabo la segunda etapa del Campeonato Metropolitano, all\u00ed Lorenzo participar\u00e1 en los 800 mts buscando mejorar su marca personal y otro lugar para los Nacionales.<\/p>\n","protected":false},"excerpt":{"rendered":"<p>El s\u00e1bado 6 de abril en la pista sint\u00e9tica del Cenard se disput\u00f3 la primer etapa del Campeonato Metropolitano de &#8230; <a title=\"Excelente actuaci\u00f3n del atleta Mercedino Lorenzo Deluca en el CENARD\" class=\"read-more\" href=\"https:\/\/www.hoymercedes.com.ar\/principal\/2019\/04\/10\/excelente-actuacion-del-atleta-mercedino-lorenzo-deluca-en-el-cenard\/\" aria-label=\"Leer m\u00e1s sobre Excelente actuaci\u00f3n del atleta Mercedino Lorenzo Deluca en el CENARD\">Leer m\u00e1s<\/a><\/p>\n","protected":false},"author":1,"featured_media":91086,"comment_status":"closed","ping_status":"open","sticky":false,"template":"","format":"standard","meta":{"_monsterinsights_skip_tracking":false,"_monsterinsights_sitenote_active":false,"_monsterinsights_sitenote_note":"","_monsterinsights_sitenote_category":0,"jetpack_post_was_ever_published":false,"_jetpack_newsletter_access":"","_jetpack_dont_email_post_to_subs":false,"_jetpack_newsletter_tier_id":0,"_jetpack_memberships_contains_paywalled_content":false,"_jetpack_memberships_contains_paid_content":false,"footnotes":"","jetpack_publicize_message":"","jetpack_publicize_feature_enabled":true,"jetpack_social_post_already_shared":true,"jetpack_social_options":{"image_generator_settings":{"template":"highway","default_image_id":0,"font":"","enabled":false},"version":2},"_wpas_customize_per_network":false},"categories":[21],"tags":[803,14830,13051],"class_list":["post-91085","post","type-post","status-publish","format-standard","has-post-thumbnail","hentry","category-deportes","tag-atletismo","tag-carlos-gats","tag-lorenzo-deluca","generate-columns","tablet-grid-50","mobile-grid-100","grid-parent","grid-50"],"jetpack_publicize_connections":[],"jetpack_featured_media_url":"https:\/\/www.hoymercedes.com.ar\/principal\/wp-content\/uploads\/2019\/04\/IMG-20190407-WA0008.jpg","wps_subtitle":"Atletismo","jetpack_sharing_enabled":true,"_links":{"self":[{"href":"https:\/\/www.hoymercedes.com.ar\/principal\/wp-json\/wp\/v2\/posts\/91085","targetHints":{"allow":["GET"]}}],"collection":[{"href":"https:\/\/www.hoymercedes.com.ar\/principal\/wp-json\/wp\/v2\/posts"}],"about":[{"href":"https:\/\/www.hoymercedes.com.ar\/principal\/wp-json\/wp\/v2\/types\/post"}],"author":[{"embeddable":true,"href":"https:\/\/www.hoymercedes.com.ar\/principal\/wp-json\/wp\/v2\/users\/1"}],"replies":[{"embeddable":true,"href":"https:\/\/www.hoymercedes.com.ar\/principal\/wp-json\/wp\/v2\/comments?post=91085"}],"version-history":[{"count":0,"href":"https:\/\/www.hoymercedes.com.ar\/principal\/wp-json\/wp\/v2\/posts\/91085\/revisions"}],"wp:featuredmedia":[{"embeddable":true,"href":"https:\/\/www.hoymercedes.com.ar\/principal\/wp-json\/wp\/v2\/media\/91086"}],"wp:attachment":[{"href":"https:\/\/www.hoymercedes.com.ar\/principal\/wp-json\/wp\/v2\/media?parent=91085"}],"wp:term":[{"taxonomy":"category","embeddable":true,"href":"https:\/\/www.hoymercedes.com.ar\/principal\/wp-json\/wp\/v2\/categories?post=91085"},{"taxonomy":"post_tag","embeddable":true,"href":"https:\/\/www.hoymercedes.com.ar\/principal\/wp-json\/wp\/v2\/tags?post=91085"}],"curies":[{"name":"wp","href":"https:\/\/api.w.org\/{rel}","templated":true}]}}