{"id":91099,"date":"2019-04-09T09:51:46","date_gmt":"2019-04-09T12:51:46","guid":{"rendered":"http:\/\/www.hoymercedes.com.ar\/principal\/?p=91099"},"modified":"2019-04-09T16:34:19","modified_gmt":"2019-04-09T19:34:19","slug":"los-vestidos-marcela-daff-suben-a-la-pasarela-madrilena","status":"publish","type":"post","link":"https:\/\/www.hoymercedes.com.ar\/principal\/2019\/04\/09\/los-vestidos-marcela-daff-suben-a-la-pasarela-madrilena\/","title":{"rendered":"Los vestidos Marcela Daff suben a la pasarela madrile\u00f1a"},"content":{"rendered":"\n<p>La dise\u00f1adora de moda Marcela Daffonchio, bragadiense de\norigen, pero mercedina desde hace m\u00e1s de dos d\u00e9cadas, por estos d\u00edas est\u00e1\ntransitando los pasillos de una de las pasarelas m\u00e1s importantes. Con su marca,\nMarcela Daff, estar\u00e1 el mi\u00e9rcoles 10 de abril en el Bridal Week de Madrid\npresentando la colecci\u00f3n de vestidos para casamiento inspirados en el poema de\nAlfonsina Storni, \u201cYo en el fondo del Mar\u201d. <\/p>\n\n\n\n<figure class=\"wp-block-image\"><img loading=\"lazy\" decoding=\"async\" width=\"750\" height=\"485\" data-attachment-id=\"91100\" data-permalink=\"https:\/\/www.hoymercedes.com.ar\/principal\/2019\/04\/09\/los-vestidos-marcela-daff-suben-a-la-pasarela-madrilena\/06-marcela-daff-1\/#main\" data-orig-file=\"https:\/\/www.hoymercedes.com.ar\/principal\/wp-content\/uploads\/2019\/04\/06-marcela-Daff-1.jpeg\" data-orig-size=\"750,485\" data-comments-opened=\"0\" data-image-meta=\"{&quot;aperture&quot;:&quot;6.3&quot;,&quot;credit&quot;:&quot;&quot;,&quot;camera&quot;:&quot;Canon EOS 6D&quot;,&quot;caption&quot;:&quot;&quot;,&quot;created_timestamp&quot;:&quot;1552743477&quot;,&quot;copyright&quot;:&quot;&quot;,&quot;focal_length&quot;:&quot;50&quot;,&quot;iso&quot;:&quot;1600&quot;,&quot;shutter_speed&quot;:&quot;0.01&quot;,&quot;title&quot;:&quot;&quot;,&quot;orientation&quot;:&quot;1&quot;}\" data-image-title=\"06 marcela Daff 1\" data-image-description=\"\" data-image-caption=\"\" data-large-file=\"https:\/\/www.hoymercedes.com.ar\/principal\/wp-content\/uploads\/2019\/04\/06-marcela-Daff-1.jpeg\" src=\"https:\/\/www.hoymercedes.com.ar\/principal\/wp-content\/uploads\/2019\/04\/06-marcela-Daff-1.jpeg\" alt=\"\" class=\"wp-image-91100\" srcset=\"https:\/\/www.hoymercedes.com.ar\/principal\/wp-content\/uploads\/2019\/04\/06-marcela-Daff-1.jpeg 750w, https:\/\/www.hoymercedes.com.ar\/principal\/wp-content\/uploads\/2019\/04\/06-marcela-Daff-1-150x97.jpeg 150w, https:\/\/www.hoymercedes.com.ar\/principal\/wp-content\/uploads\/2019\/04\/06-marcela-Daff-1-630x407.jpeg 630w\" sizes=\"auto, (max-width: 750px) 100vw, 750px\" \/><\/figure>\n\n\n\n<p>Marcela lleg\u00f3 a Mercedes por el trabajo de su marido. Aqu\u00ed\nfue docente en varias escuelas, pero la pasi\u00f3n por la confecci\u00f3n de ropa para\nella traspas\u00f3 los muros de su casa y empez\u00f3 a vender en distintos comercios,\nhasta que se especializ\u00f3 en vestidos de fiestas de alta costura dej\u00f3 atr\u00e1s la\ndocencia. <\/p>\n\n\n\n<p>En su af\u00e1n por perfeccionarse y aprender cada d\u00eda m\u00e1s, en el\n2018 viaj\u00f3 a Europa para estar presente en la semana de las colecciones para\nvestido de novias en Madrid y Barcelona. De curiosa, le pregunt\u00f3 a una persona\nque pasaba por ah\u00ed a qui\u00e9n deb\u00eda consultarle para hacer un curso. Esa persona\nera el coordinador del Bridal Week de Madrid. <\/p>\n\n\n\n<p>Ah\u00ed mismo le mostr\u00f3 muestra de los dise\u00f1os que ella realiza\npara sus clientes de Argentina y se los dej\u00f3 con su informaci\u00f3n. A principio de\neste a\u00f1o se comunicaron con ella invit\u00e1ndola para presentar una colecci\u00f3n de\nocho vestidos sobre las pasarelas ib\u00e9ricas. <\/p>\n\n\n\n<figure class=\"wp-block-image\"><img loading=\"lazy\" decoding=\"async\" width=\"750\" height=\"500\" data-attachment-id=\"91102\" data-permalink=\"https:\/\/www.hoymercedes.com.ar\/principal\/2019\/04\/09\/los-vestidos-marcela-daff-suben-a-la-pasarela-madrilena\/06-marcela-daff-3\/#main\" data-orig-file=\"https:\/\/www.hoymercedes.com.ar\/principal\/wp-content\/uploads\/2019\/04\/06-marcela-Daff-3.jpeg\" data-orig-size=\"750,500\" data-comments-opened=\"0\" data-image-meta=\"{&quot;aperture&quot;:&quot;6.3&quot;,&quot;credit&quot;:&quot;&quot;,&quot;camera&quot;:&quot;Canon EOS 6D&quot;,&quot;caption&quot;:&quot;&quot;,&quot;created_timestamp&quot;:&quot;1552743998&quot;,&quot;copyright&quot;:&quot;&quot;,&quot;focal_length&quot;:&quot;50&quot;,&quot;iso&quot;:&quot;2000&quot;,&quot;shutter_speed&quot;:&quot;0.01&quot;,&quot;title&quot;:&quot;&quot;,&quot;orientation&quot;:&quot;1&quot;}\" data-image-title=\"06 marcela Daff 3\" data-image-description=\"\" data-image-caption=\"\" data-large-file=\"https:\/\/www.hoymercedes.com.ar\/principal\/wp-content\/uploads\/2019\/04\/06-marcela-Daff-3.jpeg\" src=\"https:\/\/www.hoymercedes.com.ar\/principal\/wp-content\/uploads\/2019\/04\/06-marcela-Daff-3.jpeg\" alt=\"\" class=\"wp-image-91102\" srcset=\"https:\/\/www.hoymercedes.com.ar\/principal\/wp-content\/uploads\/2019\/04\/06-marcela-Daff-3.jpeg 750w, https:\/\/www.hoymercedes.com.ar\/principal\/wp-content\/uploads\/2019\/04\/06-marcela-Daff-3-150x100.jpeg 150w, https:\/\/www.hoymercedes.com.ar\/principal\/wp-content\/uploads\/2019\/04\/06-marcela-Daff-3-630x420.jpeg 630w, https:\/\/www.hoymercedes.com.ar\/principal\/wp-content\/uploads\/2019\/04\/06-marcela-Daff-3-720x480.jpeg 720w, https:\/\/www.hoymercedes.com.ar\/principal\/wp-content\/uploads\/2019\/04\/06-marcela-Daff-3-360x240.jpeg 360w\" sizes=\"auto, (max-width: 750px) 100vw, 750px\" \/><\/figure>\n\n\n\n<p>El desaf\u00edo m\u00e1s grande fue respetar las medidas solicitadas,\nmedidas que responden a las altas modelos de alta costura. Estuvo cuatro meses\ndise\u00f1ando y probando telas y juegos de transparencias con\ndetalles de apliques de canutillos, hilos bordados y pedrer\u00eda. Se destaca un\nconjunto de novia con pantal\u00f3n que quiebra con lo tradicional sin renunciar al\nromanticismo. Entre los colores abundan los blancos y nudes, como as\u00ed tambi\u00e9n\nel verde agua, rosado y coral.<\/p>\n\n\n\n<p>Adem\u00e1s, la propuesta de Marcela conlleva un\nmensaje sobre el compromiso de la moda con el medio ambiente, y m\u00e1s\nespec\u00edficamente, con la protecci\u00f3n de los oc\u00e9anos. Modelos frescos, con\ntexturas destacadas, son la marca registrada de la dise\u00f1adora. <\/p>\n\n\n\n<p>Del desfile de este 10 de abril Marcela participa con otros dise\u00f1adores de alta costura de Espa\u00f1a, Italia, M\u00e9xico, Argentina, Per\u00fa y Paraguay. Entre ellos los dise\u00f1adores como Ion Fiz, Ruben Perlotti, Javier Saiach, Carlos Burr\u00f3, Pol N\u00fa\u00f1ez, Antonia Italian Couture, Gmbyj, Paniculata, Pomeline, Diazar Atelier, Divina Godiva, Edna Salas y Cabur\u00e9 by Hugo V\u00e1zquez. <\/p>\n\n\n\n<p>Por TeCleArte<\/p>\n\n\n\n<div class=\"wp-block-image\"><figure class=\"aligncenter\"><img loading=\"lazy\" decoding=\"async\" width=\"427\" height=\"640\" data-attachment-id=\"91101\" data-permalink=\"https:\/\/www.hoymercedes.com.ar\/principal\/2019\/04\/09\/los-vestidos-marcela-daff-suben-a-la-pasarela-madrilena\/06-marcela-daff-2\/#main\" data-orig-file=\"https:\/\/www.hoymercedes.com.ar\/principal\/wp-content\/uploads\/2019\/04\/06-marcela-Daff-2.jpeg\" data-orig-size=\"427,640\" data-comments-opened=\"0\" data-image-meta=\"{&quot;aperture&quot;:&quot;5&quot;,&quot;credit&quot;:&quot;&quot;,&quot;camera&quot;:&quot;Canon EOS 6D&quot;,&quot;caption&quot;:&quot;&quot;,&quot;created_timestamp&quot;:&quot;1549708869&quot;,&quot;copyright&quot;:&quot;&quot;,&quot;focal_length&quot;:&quot;42&quot;,&quot;iso&quot;:&quot;500&quot;,&quot;shutter_speed&quot;:&quot;0.0125&quot;,&quot;title&quot;:&quot;&quot;,&quot;orientation&quot;:&quot;1&quot;}\" data-image-title=\"06 marcela Daff 2\" data-image-description=\"\" data-image-caption=\"\" data-large-file=\"https:\/\/www.hoymercedes.com.ar\/principal\/wp-content\/uploads\/2019\/04\/06-marcela-Daff-2.jpeg\" src=\"https:\/\/www.hoymercedes.com.ar\/principal\/wp-content\/uploads\/2019\/04\/06-marcela-Daff-2.jpeg\" alt=\"\" class=\"wp-image-91101\" srcset=\"https:\/\/www.hoymercedes.com.ar\/principal\/wp-content\/uploads\/2019\/04\/06-marcela-Daff-2.jpeg 427w, https:\/\/www.hoymercedes.com.ar\/principal\/wp-content\/uploads\/2019\/04\/06-marcela-Daff-2-100x150.jpeg 100w, https:\/\/www.hoymercedes.com.ar\/principal\/wp-content\/uploads\/2019\/04\/06-marcela-Daff-2-414x620.jpeg 414w\" sizes=\"auto, (max-width: 427px) 100vw, 427px\" \/><\/figure><\/div>\n","protected":false},"excerpt":{"rendered":"<p>La dise\u00f1adora de moda Marcela Daffonchio, bragadiense de origen, pero mercedina desde hace m\u00e1s de dos d\u00e9cadas, por estos d\u00edas &#8230; <a title=\"Los vestidos Marcela Daff suben a la pasarela madrile\u00f1a\" class=\"read-more\" href=\"https:\/\/www.hoymercedes.com.ar\/principal\/2019\/04\/09\/los-vestidos-marcela-daff-suben-a-la-pasarela-madrilena\/\" aria-label=\"Leer m\u00e1s sobre Los vestidos Marcela Daff suben a la pasarela madrile\u00f1a\">Leer m\u00e1s<\/a><\/p>\n","protected":false},"author":1,"featured_media":91102,"comment_status":"closed","ping_status":"open","sticky":false,"template":"","format":"standard","meta":{"_monsterinsights_skip_tracking":false,"_monsterinsights_sitenote_active":false,"_monsterinsights_sitenote_note":"","_monsterinsights_sitenote_category":0,"jetpack_post_was_ever_published":false,"_jetpack_newsletter_access":"","_jetpack_dont_email_post_to_subs":false,"_jetpack_newsletter_tier_id":0,"_jetpack_memberships_contains_paywalled_content":false,"_jetpack_memberships_contains_paid_content":false,"footnotes":"","jetpack_publicize_message":"","jetpack_publicize_feature_enabled":true,"jetpack_social_post_already_shared":true,"jetpack_social_options":{"image_generator_settings":{"template":"highway","default_image_id":0,"font":"","enabled":false},"version":2},"_wpas_customize_per_network":false},"categories":[104],"tags":[14832,14833],"class_list":["post-91099","post","type-post","status-publish","format-standard","has-post-thumbnail","hentry","category-cultura","tag-diseno-de-moda","tag-marcela-daff","generate-columns","tablet-grid-50","mobile-grid-100","grid-parent","grid-50"],"jetpack_publicize_connections":[],"jetpack_featured_media_url":"https:\/\/www.hoymercedes.com.ar\/principal\/wp-content\/uploads\/2019\/04\/06-marcela-Daff-3.jpeg","wps_subtitle":"Este mi\u00e9rcoles en el Bridal Week","jetpack_sharing_enabled":true,"_links":{"self":[{"href":"https:\/\/www.hoymercedes.com.ar\/principal\/wp-json\/wp\/v2\/posts\/91099","targetHints":{"allow":["GET"]}}],"collection":[{"href":"https:\/\/www.hoymercedes.com.ar\/principal\/wp-json\/wp\/v2\/posts"}],"about":[{"href":"https:\/\/www.hoymercedes.com.ar\/principal\/wp-json\/wp\/v2\/types\/post"}],"author":[{"embeddable":true,"href":"https:\/\/www.hoymercedes.com.ar\/principal\/wp-json\/wp\/v2\/users\/1"}],"replies":[{"embeddable":true,"href":"https:\/\/www.hoymercedes.com.ar\/principal\/wp-json\/wp\/v2\/comments?post=91099"}],"version-history":[{"count":0,"href":"https:\/\/www.hoymercedes.com.ar\/principal\/wp-json\/wp\/v2\/posts\/91099\/revisions"}],"wp:featuredmedia":[{"embeddable":true,"href":"https:\/\/www.hoymercedes.com.ar\/principal\/wp-json\/wp\/v2\/media\/91102"}],"wp:attachment":[{"href":"https:\/\/www.hoymercedes.com.ar\/principal\/wp-json\/wp\/v2\/media?parent=91099"}],"wp:term":[{"taxonomy":"category","embeddable":true,"href":"https:\/\/www.hoymercedes.com.ar\/principal\/wp-json\/wp\/v2\/categories?post=91099"},{"taxonomy":"post_tag","embeddable":true,"href":"https:\/\/www.hoymercedes.com.ar\/principal\/wp-json\/wp\/v2\/tags?post=91099"}],"curies":[{"name":"wp","href":"https:\/\/api.w.org\/{rel}","templated":true}]}}