{"id":911,"date":"2010-12-06T05:26:02","date_gmt":"2010-12-06T05:26:02","guid":{"rendered":"http:\/\/www.hoymercedes.com.ar\/principal\/?p=911"},"modified":"2010-12-06T05:26:02","modified_gmt":"2010-12-06T05:26:02","slug":"pavimentacion-el-ejecutivo-no-definio-cuales-seran-prioridad","status":"publish","type":"post","link":"https:\/\/www.hoymercedes.com.ar\/principal\/2010\/12\/06\/pavimentacion-el-ejecutivo-no-definio-cuales-seran-prioridad\/","title":{"rendered":"Pavimentaci\u00f3n: el ejecutivo no defini\u00f3 cu\u00e1les ser\u00e1n prioridad"},"content":{"rendered":"<figure id=\"attachment_913\" aria-describedby=\"caption-attachment-913\" style=\"width: 270px\" class=\"wp-caption alignleft\"><a href=\"https:\/\/www.hoymercedes.com.ar\/principal\/wp-content\/uploads\/2010\/12\/salomone.jpg\"><img loading=\"lazy\" decoding=\"async\" data-attachment-id=\"913\" data-permalink=\"https:\/\/www.hoymercedes.com.ar\/principal\/2010\/12\/06\/pavimentacion-el-ejecutivo-no-definio-cuales-seran-prioridad\/salomone\/#main\" data-orig-file=\"https:\/\/www.hoymercedes.com.ar\/principal\/wp-content\/uploads\/2010\/12\/salomone.jpg\" data-orig-size=\"400,352\" data-comments-opened=\"1\" data-image-meta=\"{&quot;aperture&quot;:&quot;0&quot;,&quot;credit&quot;:&quot;&quot;,&quot;camera&quot;:&quot;&quot;,&quot;caption&quot;:&quot;&quot;,&quot;created_timestamp&quot;:&quot;0&quot;,&quot;copyright&quot;:&quot;&quot;,&quot;focal_length&quot;:&quot;0&quot;,&quot;iso&quot;:&quot;0&quot;,&quot;shutter_speed&quot;:&quot;0&quot;,&quot;title&quot;:&quot;&quot;}\" data-image-title=\"salomone\" data-image-description=\"\" data-image-caption=\"\" data-large-file=\"https:\/\/www.hoymercedes.com.ar\/principal\/wp-content\/uploads\/2010\/12\/salomone.jpg\" class=\"size-full wp-image-913\" title=\"salomone\" src=\"https:\/\/www.hoymercedes.com.ar\/principal\/wp-content\/uploads\/2010\/12\/salomone.jpg\" alt=\"\" width=\"280\" height=\"246\" \/><\/a><figcaption id=\"caption-attachment-913\" class=\"wp-caption-text\">Gustavo Salomone<\/figcaption><\/figure>\n<p style=\"text-align: justify;\">El Secretario de Obras y Servicios P\u00fablicos, Gustavo Salomone sostuvo al dialogar con el Diario LA HORA que \u201cde acuerdo a lo manifestado por la se\u00f1ora presidente el lunes en un plazo de treinta d\u00eda tendremos toda la documentaci\u00f3n necesaria para poder comenzar con la pavimentaci\u00f3n de las 61 cuadras, es decir que tendr\u00edamos el denominado anticipo financiero para la empresa que se encargue de los trabajos.<\/p>\n<p style=\"text-align: justify;\">Por el momento no hay una definici\u00f3n concreta de cuales ser\u00e1n las cuadras a pavimentar, y en tal sentido el intendente dio precisas instrucciones para que sean aquellas que cumplan con un fin netamente social como por ejemplo permitir el acceso sin dificultades a colegios en los barrios, a las Salas de atenci\u00f3n M\u00e9dicas, o como en el caso del barrio Calvillo seguir una cuadra m\u00e1s por la 15 hasta la 52 y por la misma hasta la 9 donde se encuentra el Jard\u00edn Maternal.<\/p>\n<p style=\"text-align: justify;\">Por otra parte quienes circulan por el barrio San Mart\u00edn se pueden dar cuenta que se est\u00e1 concluyendo la construcci\u00f3n del cord\u00f3n cuneta ya que el gobierno de la provincia le ha entregado al intendente un subsidio que se har\u00e1 efectivo antes de fin de a\u00f1o para poder colocar a la calle 61 bis desde la calle 10 hasta las v\u00edas una carpeta asf\u00e1ltica con lo cual se soluciona el problema del ingreso a un bario con numerosos habitantes\u201d.<\/p>\n<p style=\"text-align: justify;\">El pago de los frentistas beneficiados<\/p>\n<p style=\"text-align: justify;\">M\u00e1s adelante el funcionario municipal precis\u00f3 \u201csi bien el dinero que nos entregar\u00e1 la presidencia forma parte de un subsidio no retornable, por el convenio firmado entre las partes se autoriza a la Municipalidad de Mercedes a proceder al cobro a los frentistas beneficiados por el pavimento construido, por lo cual para pavimentar una calle hace falta contar con la firma de setenta por ciento de los vecinos que residen en la misma, de esta manera en nuestra ciudad se podr\u00e1 formar un fondo permanente para efectuar obras de pavimento y no tener que estar siempre dependiendo de la provincia o la naci\u00f3n.<\/p>\n<p style=\"text-align: justify;\">Esta pr\u00e1ctica ya se iba a comenzar a realizar con la pavimentaci\u00f3n de la prolongaci\u00f3n de las 29 y en la calle 11 pero en dicha oportunidad los se\u00f1ores concejales no aprobaron la ordenanza.<\/p>\n<p style=\"text-align: justify;\">Por eso ahora para poder pavimentar una cuadra necesitamos la\u00a0 correspondiente firma\u00a0 adhiriendo al cobro determinado del por lo menos el setenta por ciento de los vecinos afectados,, eso hace que en muchos casos si bien hab\u00eda alguna calle ya elegida para pavimentar se la debi\u00f3 cambiar porque no se junt\u00f3 el porcentaje de firmas correspondiente.<\/p>\n<p style=\"text-align: justify;\">Ahora esperamos que con esta nueva propuesta si se pueda comenzar a tener nuestro fondo propio que para que tengan un ejemplo, entre la 29 y la 11 eran caso cuatro millones de pesos, no digo que se hubiese cobrado todo, pero ya al menos casi con seguridad tendr\u00edamos dos millones guardados.<\/p>\n<p style=\"text-align: justify;\">Diferente es el caso de la ex rep\u00fablica de Chile que si se autoriz\u00f3 el cobro pero lamentablemente son muy pocos los vecinos que lo est\u00e1n haciendo\u201d.<\/p>\n<p style=\"text-align: justify;\">\n","protected":false},"excerpt":{"rendered":"<p>El Secretario de Obras y Servicios P\u00fablicos, Gustavo Salomone sostuvo al dialogar con el Diario LA HORA que \u201cde acuerdo &#8230; <a title=\"Pavimentaci\u00f3n: el ejecutivo no defini\u00f3 cu\u00e1les ser\u00e1n prioridad\" class=\"read-more\" href=\"https:\/\/www.hoymercedes.com.ar\/principal\/2010\/12\/06\/pavimentacion-el-ejecutivo-no-definio-cuales-seran-prioridad\/\" aria-label=\"Leer m\u00e1s sobre Pavimentaci\u00f3n: el ejecutivo no defini\u00f3 cu\u00e1les ser\u00e1n prioridad\">Leer m\u00e1s<\/a><\/p>\n","protected":false},"author":1,"featured_media":0,"comment_status":"open","ping_status":"open","sticky":false,"template":"","format":"standard","meta":{"_monsterinsights_skip_tracking":false,"_monsterinsights_sitenote_active":false,"_monsterinsights_sitenote_note":"","_monsterinsights_sitenote_category":0,"jetpack_post_was_ever_published":false,"_jetpack_newsletter_access":"","_jetpack_dont_email_post_to_subs":false,"_jetpack_newsletter_tier_id":0,"_jetpack_memberships_contains_paywalled_content":false,"_jetpack_memberships_contains_paid_content":false,"footnotes":"","jetpack_publicize_message":"","jetpack_publicize_feature_enabled":true,"jetpack_social_post_already_shared":false,"jetpack_social_options":{"image_generator_settings":{"template":"highway","default_image_id":0,"font":"","enabled":false},"version":2},"_wpas_customize_per_network":false},"categories":[30,8],"tags":[229,230],"class_list":["post-911","post","type-post","status-publish","format-standard","hentry","category-municipio","category-sociedad","tag-gustavo-salomone","tag-pavimento-mercedes","generate-columns","tablet-grid-50","mobile-grid-100","grid-parent","grid-50"],"jetpack_publicize_connections":[],"jetpack_featured_media_url":"","wps_subtitle":"","jetpack_sharing_enabled":true,"_links":{"self":[{"href":"https:\/\/www.hoymercedes.com.ar\/principal\/wp-json\/wp\/v2\/posts\/911","targetHints":{"allow":["GET"]}}],"collection":[{"href":"https:\/\/www.hoymercedes.com.ar\/principal\/wp-json\/wp\/v2\/posts"}],"about":[{"href":"https:\/\/www.hoymercedes.com.ar\/principal\/wp-json\/wp\/v2\/types\/post"}],"author":[{"embeddable":true,"href":"https:\/\/www.hoymercedes.com.ar\/principal\/wp-json\/wp\/v2\/users\/1"}],"replies":[{"embeddable":true,"href":"https:\/\/www.hoymercedes.com.ar\/principal\/wp-json\/wp\/v2\/comments?post=911"}],"version-history":[{"count":0,"href":"https:\/\/www.hoymercedes.com.ar\/principal\/wp-json\/wp\/v2\/posts\/911\/revisions"}],"wp:attachment":[{"href":"https:\/\/www.hoymercedes.com.ar\/principal\/wp-json\/wp\/v2\/media?parent=911"}],"wp:term":[{"taxonomy":"category","embeddable":true,"href":"https:\/\/www.hoymercedes.com.ar\/principal\/wp-json\/wp\/v2\/categories?post=911"},{"taxonomy":"post_tag","embeddable":true,"href":"https:\/\/www.hoymercedes.com.ar\/principal\/wp-json\/wp\/v2\/tags?post=911"}],"curies":[{"name":"wp","href":"https:\/\/api.w.org\/{rel}","templated":true}]}}