{"id":9111,"date":"2011-11-15T02:14:41","date_gmt":"2011-11-15T02:14:41","guid":{"rendered":"http:\/\/www.hoymercedes.com.ar\/principal\/?p=9111"},"modified":"2011-11-15T02:14:41","modified_gmt":"2011-11-15T02:14:41","slug":"bomberos-mercedes-vende-camion-por-licitacion","status":"publish","type":"post","link":"https:\/\/www.hoymercedes.com.ar\/principal\/2011\/11\/15\/bomberos-mercedes-vende-camion-por-licitacion\/","title":{"rendered":"Bomberos Mercedes vende cami\u00f3n por licitaci\u00f3n"},"content":{"rendered":"<p>La Asociaci\u00f3n de Bomberos Voluntarios de Mercedes Vende por licitaci\u00f3n 1 cami\u00f3n<\/p>\n<p>Mercedes Benz 1114\/36 A\u00f1o 1971 dominio WPJ-511(desarmado con faltantes, motor fundido), siendo el valor base de $ 20.000,00. Como as\u00ed tambien una camioneta Chevrolet Pick Up Blazer DLX 2.2 A\u00f1o1996 dominio BDB-303 (motor desarmado N\u00ba B22NZ31050739P fundido), siendo el valor base de $ 20.000,00.<\/p>\n<p>El d\u00eda 25 de Noviembre a las 21:00 hs se realizara la apertura de los sobres, ante la presencia de Directivos de esta Instituci\u00f3n y de los licitantes.<\/p>\n<p>Para ver la camioneta se podr\u00e1 pasar por la instituci\u00f3n a partir del d\u00eda de la fecha de Lunes a S\u00e1bado en el horario de 08:30 hs. hasta 20:30 hs.<\/p>\n<p>Alfredo Armando BORSALINO O<\/p>\n<p>Secretario Gral.<\/p>\n<p>H\u00e9ctor Pedro DI CECCO<\/p>\n<p>Presidente<\/p>\n","protected":false},"excerpt":{"rendered":"<p>La Asociaci\u00f3n de Bomberos Voluntarios de Mercedes Vende por licitaci\u00f3n 1 cami\u00f3n Mercedes Benz 1114\/36 A\u00f1o 1971 dominio WPJ-511(desarmado con &#8230; <a title=\"Bomberos Mercedes vende cami\u00f3n por licitaci\u00f3n\" class=\"read-more\" href=\"https:\/\/www.hoymercedes.com.ar\/principal\/2011\/11\/15\/bomberos-mercedes-vende-camion-por-licitacion\/\" aria-label=\"Leer m\u00e1s sobre Bomberos Mercedes vende cami\u00f3n por licitaci\u00f3n\">Leer m\u00e1s<\/a><\/p>\n","protected":false},"author":1,"featured_media":0,"comment_status":"open","ping_status":"open","sticky":false,"template":"","format":"standard","meta":{"_monsterinsights_skip_tracking":false,"_monsterinsights_sitenote_active":false,"_monsterinsights_sitenote_note":"","_monsterinsights_sitenote_category":0,"jetpack_post_was_ever_published":false,"_jetpack_newsletter_access":"","_jetpack_dont_email_post_to_subs":false,"_jetpack_newsletter_tier_id":0,"_jetpack_memberships_contains_paywalled_content":false,"_jetpack_memberships_contains_paid_content":false,"footnotes":"","jetpack_publicize_message":"","jetpack_publicize_feature_enabled":true,"jetpack_social_post_already_shared":false,"jetpack_social_options":{"image_generator_settings":{"template":"highway","default_image_id":0,"font":"","enabled":false},"version":2},"_wpas_customize_per_network":false},"categories":[8],"tags":[287],"class_list":["post-9111","post","type-post","status-publish","format-standard","hentry","category-sociedad","tag-bomberos-mercedes","generate-columns","tablet-grid-50","mobile-grid-100","grid-parent","grid-50"],"jetpack_publicize_connections":[],"jetpack_featured_media_url":"","wps_subtitle":"","jetpack_sharing_enabled":true,"_links":{"self":[{"href":"https:\/\/www.hoymercedes.com.ar\/principal\/wp-json\/wp\/v2\/posts\/9111","targetHints":{"allow":["GET"]}}],"collection":[{"href":"https:\/\/www.hoymercedes.com.ar\/principal\/wp-json\/wp\/v2\/posts"}],"about":[{"href":"https:\/\/www.hoymercedes.com.ar\/principal\/wp-json\/wp\/v2\/types\/post"}],"author":[{"embeddable":true,"href":"https:\/\/www.hoymercedes.com.ar\/principal\/wp-json\/wp\/v2\/users\/1"}],"replies":[{"embeddable":true,"href":"https:\/\/www.hoymercedes.com.ar\/principal\/wp-json\/wp\/v2\/comments?post=9111"}],"version-history":[{"count":0,"href":"https:\/\/www.hoymercedes.com.ar\/principal\/wp-json\/wp\/v2\/posts\/9111\/revisions"}],"wp:attachment":[{"href":"https:\/\/www.hoymercedes.com.ar\/principal\/wp-json\/wp\/v2\/media?parent=9111"}],"wp:term":[{"taxonomy":"category","embeddable":true,"href":"https:\/\/www.hoymercedes.com.ar\/principal\/wp-json\/wp\/v2\/categories?post=9111"},{"taxonomy":"post_tag","embeddable":true,"href":"https:\/\/www.hoymercedes.com.ar\/principal\/wp-json\/wp\/v2\/tags?post=9111"}],"curies":[{"name":"wp","href":"https:\/\/api.w.org\/{rel}","templated":true}]}}