{"id":91125,"date":"2019-04-10T00:14:31","date_gmt":"2019-04-10T03:14:31","guid":{"rendered":"http:\/\/www.hoymercedes.com.ar\/principal\/?p=91125"},"modified":"2019-04-09T17:33:38","modified_gmt":"2019-04-09T20:33:38","slug":"construyen-dos-nuevos-centros-de-transformacion-de-energia-electrica","status":"publish","type":"post","link":"https:\/\/www.hoymercedes.com.ar\/principal\/2019\/04\/10\/construyen-dos-nuevos-centros-de-transformacion-de-energia-electrica\/","title":{"rendered":"Construyen dos nuevos centros de transformaci\u00f3n de energ\u00eda el\u00e9ctrica"},"content":{"rendered":"\n<p>En el marco de su Plan de Inversiones, la empresa EDEN comunic\u00f3 que est\u00e1 realizando la construcci\u00f3n de dos nuevos Centros de Transformaci\u00f3n. Una en las calles 24 y 111 y el otro, en las calles 2 y 77. Adem\u00e1s est\u00e1n haciendo \u00abla repotenciaci\u00f3n\u00bb del transformador de calles 104 y 77. Como parte de estas tareas, tambi\u00e9n se procedi\u00f3 al tendido de nueva l\u00ednea a\u00e9rea de baja tensi\u00f3n.<\/p>\n\n\n\n<figure class=\"wp-block-image\"><img loading=\"lazy\" decoding=\"async\" width=\"680\" height=\"750\" data-attachment-id=\"91126\" data-permalink=\"https:\/\/www.hoymercedes.com.ar\/principal\/2019\/04\/10\/construyen-dos-nuevos-centros-de-transformacion-de-energia-electrica\/10-eden-transforma-1\/#main\" data-orig-file=\"https:\/\/www.hoymercedes.com.ar\/principal\/wp-content\/uploads\/2019\/04\/10-eden-transforma-1.jpg\" data-orig-size=\"680,750\" data-comments-opened=\"0\" data-image-meta=\"{&quot;aperture&quot;:&quot;1.9&quot;,&quot;credit&quot;:&quot;&quot;,&quot;camera&quot;:&quot;SM-J710MN&quot;,&quot;caption&quot;:&quot;&quot;,&quot;created_timestamp&quot;:&quot;1551090166&quot;,&quot;copyright&quot;:&quot;&quot;,&quot;focal_length&quot;:&quot;3.7&quot;,&quot;iso&quot;:&quot;40&quot;,&quot;shutter_speed&quot;:&quot;0.00071377587437545&quot;,&quot;title&quot;:&quot;&quot;,&quot;orientation&quot;:&quot;1&quot;}\" data-image-title=\"10 eden transforma 1\" data-image-description=\"\" data-image-caption=\"\" data-large-file=\"https:\/\/www.hoymercedes.com.ar\/principal\/wp-content\/uploads\/2019\/04\/10-eden-transforma-1.jpg\" src=\"https:\/\/www.hoymercedes.com.ar\/principal\/wp-content\/uploads\/2019\/04\/10-eden-transforma-1.jpg\" alt=\"\" class=\"wp-image-91126\" srcset=\"https:\/\/www.hoymercedes.com.ar\/principal\/wp-content\/uploads\/2019\/04\/10-eden-transforma-1.jpg 680w, https:\/\/www.hoymercedes.com.ar\/principal\/wp-content\/uploads\/2019\/04\/10-eden-transforma-1-136x150.jpg 136w, https:\/\/www.hoymercedes.com.ar\/principal\/wp-content\/uploads\/2019\/04\/10-eden-transforma-1-562x620.jpg 562w\" sizes=\"auto, (max-width: 680px) 100vw, 680px\" \/><\/figure>\n\n\n\n<p>Asimismo, se instalaron nuevos reconectadores sobre los Alimentadores 1 y 10 (zona Parque Industrial), mejorando as\u00ed la calidad del servicio para los vecinos de la zona y empresas del Parque Industrial.<\/p>\n\n\n\n<p>Sergio Mej\u00edas, Gerente de \u00c1rea de EDEN, expres\u00f3:\u00a0\u201cDesde el inicio de este a\u00f1o venimos invirtiendo en estas obras que otorgan mayor potencia y se traducen en mejor calidad de servicio para la comunidad de Mercedes\u201d.<\/p>\n\n\n\n<figure class=\"wp-block-image\"><img loading=\"lazy\" decoding=\"async\" width=\"750\" height=\"568\" data-attachment-id=\"91127\" data-permalink=\"https:\/\/www.hoymercedes.com.ar\/principal\/2019\/04\/10\/construyen-dos-nuevos-centros-de-transformacion-de-energia-electrica\/10-eden-transforma-2\/#main\" data-orig-file=\"https:\/\/www.hoymercedes.com.ar\/principal\/wp-content\/uploads\/2019\/04\/10-eden-transforma-2.jpg\" data-orig-size=\"750,568\" data-comments-opened=\"0\" data-image-meta=\"{&quot;aperture&quot;:&quot;1.9&quot;,&quot;credit&quot;:&quot;&quot;,&quot;camera&quot;:&quot;SM-J710MN&quot;,&quot;caption&quot;:&quot;&quot;,&quot;created_timestamp&quot;:&quot;1551088490&quot;,&quot;copyright&quot;:&quot;&quot;,&quot;focal_length&quot;:&quot;3.7&quot;,&quot;iso&quot;:&quot;40&quot;,&quot;shutter_speed&quot;:&quot;0.00069108500345542&quot;,&quot;title&quot;:&quot;&quot;,&quot;orientation&quot;:&quot;1&quot;}\" data-image-title=\"10 eden transforma 2\" data-image-description=\"\" data-image-caption=\"\" data-large-file=\"https:\/\/www.hoymercedes.com.ar\/principal\/wp-content\/uploads\/2019\/04\/10-eden-transforma-2.jpg\" src=\"https:\/\/www.hoymercedes.com.ar\/principal\/wp-content\/uploads\/2019\/04\/10-eden-transforma-2.jpg\" alt=\"\" class=\"wp-image-91127\" srcset=\"https:\/\/www.hoymercedes.com.ar\/principal\/wp-content\/uploads\/2019\/04\/10-eden-transforma-2.jpg 750w, https:\/\/www.hoymercedes.com.ar\/principal\/wp-content\/uploads\/2019\/04\/10-eden-transforma-2-150x114.jpg 150w, https:\/\/www.hoymercedes.com.ar\/principal\/wp-content\/uploads\/2019\/04\/10-eden-transforma-2-630x477.jpg 630w, https:\/\/www.hoymercedes.com.ar\/principal\/wp-content\/uploads\/2019\/04\/10-eden-transforma-2-100x75.jpg 100w\" sizes=\"auto, (max-width: 750px) 100vw, 750px\" \/><\/figure>\n","protected":false},"excerpt":{"rendered":"<p>En el marco de su Plan de Inversiones, la empresa EDEN comunic\u00f3 que est\u00e1 realizando la construcci\u00f3n de dos nuevos &#8230; <a title=\"Construyen dos nuevos centros de transformaci\u00f3n de energ\u00eda el\u00e9ctrica\" class=\"read-more\" href=\"https:\/\/www.hoymercedes.com.ar\/principal\/2019\/04\/10\/construyen-dos-nuevos-centros-de-transformacion-de-energia-electrica\/\" aria-label=\"Leer m\u00e1s sobre Construyen dos nuevos centros de transformaci\u00f3n de energ\u00eda el\u00e9ctrica\">Leer m\u00e1s<\/a><\/p>\n","protected":false},"author":1,"featured_media":91126,"comment_status":"closed","ping_status":"open","sticky":false,"template":"","format":"standard","meta":{"_monsterinsights_skip_tracking":false,"_monsterinsights_sitenote_active":false,"_monsterinsights_sitenote_note":"","_monsterinsights_sitenote_category":0,"jetpack_post_was_ever_published":false,"_jetpack_newsletter_access":"","_jetpack_dont_email_post_to_subs":false,"_jetpack_newsletter_tier_id":0,"_jetpack_memberships_contains_paywalled_content":false,"_jetpack_memberships_contains_paid_content":false,"footnotes":"","jetpack_publicize_message":"","jetpack_publicize_feature_enabled":true,"jetpack_social_post_already_shared":true,"jetpack_social_options":{"image_generator_settings":{"template":"highway","default_image_id":0,"font":"","enabled":false},"version":2},"_wpas_customize_per_network":false},"categories":[8],"tags":[1023,8808,14837],"class_list":["post-91125","post","type-post","status-publish","format-standard","has-post-thumbnail","hentry","category-sociedad","tag-eden","tag-energia-electrica","tag-transformadores","generate-columns","tablet-grid-50","mobile-grid-100","grid-parent","grid-50"],"jetpack_publicize_connections":[],"jetpack_featured_media_url":"https:\/\/www.hoymercedes.com.ar\/principal\/wp-content\/uploads\/2019\/04\/10-eden-transforma-1.jpg","wps_subtitle":"Servicio de alumbrado p\u00fablico","jetpack_sharing_enabled":true,"_links":{"self":[{"href":"https:\/\/www.hoymercedes.com.ar\/principal\/wp-json\/wp\/v2\/posts\/91125","targetHints":{"allow":["GET"]}}],"collection":[{"href":"https:\/\/www.hoymercedes.com.ar\/principal\/wp-json\/wp\/v2\/posts"}],"about":[{"href":"https:\/\/www.hoymercedes.com.ar\/principal\/wp-json\/wp\/v2\/types\/post"}],"author":[{"embeddable":true,"href":"https:\/\/www.hoymercedes.com.ar\/principal\/wp-json\/wp\/v2\/users\/1"}],"replies":[{"embeddable":true,"href":"https:\/\/www.hoymercedes.com.ar\/principal\/wp-json\/wp\/v2\/comments?post=91125"}],"version-history":[{"count":0,"href":"https:\/\/www.hoymercedes.com.ar\/principal\/wp-json\/wp\/v2\/posts\/91125\/revisions"}],"wp:featuredmedia":[{"embeddable":true,"href":"https:\/\/www.hoymercedes.com.ar\/principal\/wp-json\/wp\/v2\/media\/91126"}],"wp:attachment":[{"href":"https:\/\/www.hoymercedes.com.ar\/principal\/wp-json\/wp\/v2\/media?parent=91125"}],"wp:term":[{"taxonomy":"category","embeddable":true,"href":"https:\/\/www.hoymercedes.com.ar\/principal\/wp-json\/wp\/v2\/categories?post=91125"},{"taxonomy":"post_tag","embeddable":true,"href":"https:\/\/www.hoymercedes.com.ar\/principal\/wp-json\/wp\/v2\/tags?post=91125"}],"curies":[{"name":"wp","href":"https:\/\/api.w.org\/{rel}","templated":true}]}}