{"id":91131,"date":"2019-04-10T12:14:39","date_gmt":"2019-04-10T15:14:39","guid":{"rendered":"http:\/\/www.hoymercedes.com.ar\/principal\/?p=91131"},"modified":"2019-04-10T15:54:57","modified_gmt":"2019-04-10T18:54:57","slug":"entregaron-premios-a-los-participantes-de-carnavales-2019","status":"publish","type":"post","link":"https:\/\/www.hoymercedes.com.ar\/principal\/2019\/04\/10\/entregaron-premios-a-los-participantes-de-carnavales-2019\/","title":{"rendered":"Entregaron premios a los participantes de Carnavales 2019"},"content":{"rendered":"\n<p>En horas del mediod\u00eda de este martes, las atracciones que participaron de los Carnavales recibieron los subsidios y premios de la edici\u00f3n de este a\u00f1o. <\/p>\n\n\n\n<p>\u201cNuestro objetivo es que a\u00f1o tras a\u00f1o estos carnales crezcan\u201d expres\u00f3 el Jefe Comunal Juan Ignacio Ustarroz y agreg\u00f3 \u00aba pesar de nuestras limitaciones y dificultades, tenemos la idea de apoyar a todos, dentro de las normas y requisitos que el Estado tiene\u201d.<\/p>\n\n\n\n<p>Sin decir el monto total entregado en la comunicaci\u00f3n oficial, el Intendente y la Directora de Cultura, Luc\u00eda Capaccio felicitaron a los participantes que trabajan a lo largo del a\u00f1o. <\/p>\n","protected":false},"excerpt":{"rendered":"<p>En horas del mediod\u00eda de este martes, las atracciones que participaron de los Carnavales recibieron los subsidios y premios de &#8230; <a title=\"Entregaron premios a los participantes de Carnavales 2019\" class=\"read-more\" href=\"https:\/\/www.hoymercedes.com.ar\/principal\/2019\/04\/10\/entregaron-premios-a-los-participantes-de-carnavales-2019\/\" aria-label=\"Leer m\u00e1s sobre Entregaron premios a los participantes de Carnavales 2019\">Leer m\u00e1s<\/a><\/p>\n","protected":false},"author":1,"featured_media":91132,"comment_status":"closed","ping_status":"open","sticky":false,"template":"","format":"standard","meta":{"_monsterinsights_skip_tracking":false,"_monsterinsights_sitenote_active":false,"_monsterinsights_sitenote_note":"","_monsterinsights_sitenote_category":0,"jetpack_post_was_ever_published":false,"_jetpack_newsletter_access":"","_jetpack_dont_email_post_to_subs":false,"_jetpack_newsletter_tier_id":0,"_jetpack_memberships_contains_paywalled_content":false,"_jetpack_memberships_contains_paid_content":false,"footnotes":"","jetpack_publicize_message":"","jetpack_publicize_feature_enabled":true,"jetpack_social_post_already_shared":true,"jetpack_social_options":{"image_generator_settings":{"template":"highway","default_image_id":0,"font":"","enabled":false},"version":2},"_wpas_customize_per_network":false},"categories":[104],"tags":[7805,244,14851],"class_list":["post-91131","post","type-post","status-publish","format-standard","has-post-thumbnail","hentry","category-cultura","tag-cultura","tag-municipio-2","tag-premios-carnavales","generate-columns","tablet-grid-50","mobile-grid-100","grid-parent","grid-50"],"jetpack_publicize_connections":[],"jetpack_featured_media_url":"https:\/\/www.hoymercedes.com.ar\/principal\/wp-content\/uploads\/2019\/04\/10-PremiosCarnaval1.jpg","wps_subtitle":"","jetpack_sharing_enabled":true,"_links":{"self":[{"href":"https:\/\/www.hoymercedes.com.ar\/principal\/wp-json\/wp\/v2\/posts\/91131","targetHints":{"allow":["GET"]}}],"collection":[{"href":"https:\/\/www.hoymercedes.com.ar\/principal\/wp-json\/wp\/v2\/posts"}],"about":[{"href":"https:\/\/www.hoymercedes.com.ar\/principal\/wp-json\/wp\/v2\/types\/post"}],"author":[{"embeddable":true,"href":"https:\/\/www.hoymercedes.com.ar\/principal\/wp-json\/wp\/v2\/users\/1"}],"replies":[{"embeddable":true,"href":"https:\/\/www.hoymercedes.com.ar\/principal\/wp-json\/wp\/v2\/comments?post=91131"}],"version-history":[{"count":0,"href":"https:\/\/www.hoymercedes.com.ar\/principal\/wp-json\/wp\/v2\/posts\/91131\/revisions"}],"wp:featuredmedia":[{"embeddable":true,"href":"https:\/\/www.hoymercedes.com.ar\/principal\/wp-json\/wp\/v2\/media\/91132"}],"wp:attachment":[{"href":"https:\/\/www.hoymercedes.com.ar\/principal\/wp-json\/wp\/v2\/media?parent=91131"}],"wp:term":[{"taxonomy":"category","embeddable":true,"href":"https:\/\/www.hoymercedes.com.ar\/principal\/wp-json\/wp\/v2\/categories?post=91131"},{"taxonomy":"post_tag","embeddable":true,"href":"https:\/\/www.hoymercedes.com.ar\/principal\/wp-json\/wp\/v2\/tags?post=91131"}],"curies":[{"name":"wp","href":"https:\/\/api.w.org\/{rel}","templated":true}]}}