{"id":91141,"date":"2019-04-10T11:00:39","date_gmt":"2019-04-10T14:00:39","guid":{"rendered":"http:\/\/www.hoymercedes.com.ar\/principal\/?p=91141"},"modified":"2019-04-10T09:26:17","modified_gmt":"2019-04-10T12:26:17","slug":"el-mercedes-rugby-club-gano-su-primer-partido-y-salio-del-fondo-de-la-tabla","status":"publish","type":"post","link":"https:\/\/www.hoymercedes.com.ar\/principal\/2019\/04\/10\/el-mercedes-rugby-club-gano-su-primer-partido-y-salio-del-fondo-de-la-tabla\/","title":{"rendered":"El Mercedes Rugby Club gan\u00f3 su primer partido y sali\u00f3 del fondo de la tabla"},"content":{"rendered":"\n<p>Luego de dos ca\u00eddas en su debut, el MRC logr\u00f3 el primer triunfo en la Segunda Divisi\u00f3n de la URBA al vencer a Atl\u00e9tico Chascom\u00fas por 32 a 10 y lo hizo en condici\u00f3n de visitante. En la Intermedia, fue derrota por 33 a 5 y la Pre Intermedia empat\u00f3 en 24<\/p>\n\n\n\n<p>El encuentro se jug\u00f3 el s\u00e1bado por la tarde en la vecina localidad y la supremac\u00eda mercedina se vio en todas las l\u00edneas, marcando cuatro trys. La delegaci\u00f3n del MRC estuvo compuesta por mas de 60 jugadores, integrantes de los tres planteles de competici\u00f3n.<\/p>\n\n\n\n<p><strong>Chascom\u00fas 10 (1):<\/strong>&nbsp;Mitchel, Cherstia, Aguilera; Carosio, Andia; V\u00e1zquez, Rodr\u00edguez, Gorzynski; Yezza, Vicario; Vel\u00e1zquez, Molinero, Ibieta (C), L\u00f3pez; Molinero.<\/p>\n\n\n\n<p><strong>Mercedes 32 (4):<\/strong>\u00a0Dziurdzia, T. Barsotti, Vallejo; Cazenave, Bartolomeo; Rotelli, Desapalanques, Martino; Paladino, Taverne; E. Reynoso, S. Barsotti, J. Reynoso, Sukich; Lagrenade.<\/p>\n\n\n\n<p><strong>Otros Resultados&nbsp;<\/strong><\/p>\n\n\n\n<p>El Retiro 39 \u2013 7 GEI<\/p>\n\n\n\n<p>Las Ca\u00f1as 25 \u2013 29 Virreyes<\/p>\n\n\n\n<p>Del Sur Rugby 14 \u2013 29 Varela Jr.<\/p>\n\n\n\n<p>Campana 24 \u2013 28 Argentino<\/p>\n\n\n\n<p>Los Cedros 36 \u2013&nbsp; 25 La Salle<\/p>\n\n\n\n<p>Tiro Federal (SP) 34 \u2013 0 San Miguel<\/p>\n\n\n\n<p><strong>Pr\u00f3xima Fecha<\/strong><\/p>\n\n\n\n<p>San Miguel vs. Los Cedros<\/p>\n\n\n\n<p>La Salle vs. Campana<\/p>\n\n\n\n<p>Argentino vs. Del Sur Rugby<\/p>\n\n\n\n<p>Varela Jr. vs.&nbsp; Las Ca\u00f1as<\/p>\n\n\n\n<p>Virreyes vs. El Retiro<\/p>\n\n\n\n<p>GEI vs. Mercedes<\/p>\n\n\n\n<div class=\"wp-block-image\"><figure class=\"aligncenter\"><img loading=\"lazy\" decoding=\"async\" width=\"486\" height=\"458\" data-attachment-id=\"91142\" data-permalink=\"https:\/\/www.hoymercedes.com.ar\/principal\/2019\/04\/10\/el-mercedes-rugby-club-gano-su-primer-partido-y-salio-del-fondo-de-la-tabla\/captura-de-pantalla-2019-04-10-09-12-01\/#main\" data-orig-file=\"https:\/\/www.hoymercedes.com.ar\/principal\/wp-content\/uploads\/2019\/04\/Captura-de-pantalla-2019-04-10-09.12.01.png\" data-orig-size=\"486,458\" data-comments-opened=\"0\" data-image-meta=\"{&quot;aperture&quot;:&quot;0&quot;,&quot;credit&quot;:&quot;&quot;,&quot;camera&quot;:&quot;&quot;,&quot;caption&quot;:&quot;&quot;,&quot;created_timestamp&quot;:&quot;0&quot;,&quot;copyright&quot;:&quot;&quot;,&quot;focal_length&quot;:&quot;0&quot;,&quot;iso&quot;:&quot;0&quot;,&quot;shutter_speed&quot;:&quot;0&quot;,&quot;title&quot;:&quot;&quot;,&quot;orientation&quot;:&quot;0&quot;}\" data-image-title=\"Captura de pantalla 2019-04-10 09.12.01\" data-image-description=\"\" data-image-caption=\"\" data-large-file=\"https:\/\/www.hoymercedes.com.ar\/principal\/wp-content\/uploads\/2019\/04\/Captura-de-pantalla-2019-04-10-09.12.01.png\" src=\"https:\/\/www.hoymercedes.com.ar\/principal\/wp-content\/uploads\/2019\/04\/Captura-de-pantalla-2019-04-10-09.12.01.png\" alt=\"\" class=\"wp-image-91142\" srcset=\"https:\/\/www.hoymercedes.com.ar\/principal\/wp-content\/uploads\/2019\/04\/Captura-de-pantalla-2019-04-10-09.12.01.png 486w, https:\/\/www.hoymercedes.com.ar\/principal\/wp-content\/uploads\/2019\/04\/Captura-de-pantalla-2019-04-10-09.12.01-150x141.png 150w\" sizes=\"auto, (max-width: 486px) 100vw, 486px\" \/><\/figure><\/div>\n","protected":false},"excerpt":{"rendered":"<p>Luego de dos ca\u00eddas en su debut, el MRC logr\u00f3 el primer triunfo en la Segunda Divisi\u00f3n de la URBA &#8230; <a title=\"El Mercedes Rugby Club gan\u00f3 su primer partido y sali\u00f3 del fondo de la tabla\" class=\"read-more\" href=\"https:\/\/www.hoymercedes.com.ar\/principal\/2019\/04\/10\/el-mercedes-rugby-club-gano-su-primer-partido-y-salio-del-fondo-de-la-tabla\/\" aria-label=\"Leer m\u00e1s sobre El Mercedes Rugby Club gan\u00f3 su primer partido y sali\u00f3 del fondo de la tabla\">Leer m\u00e1s<\/a><\/p>\n","protected":false},"author":1,"featured_media":91142,"comment_status":"closed","ping_status":"open","sticky":false,"template":"","format":"standard","meta":{"_monsterinsights_skip_tracking":false,"_monsterinsights_sitenote_active":false,"_monsterinsights_sitenote_note":"","_monsterinsights_sitenote_category":0,"jetpack_post_was_ever_published":false,"_jetpack_newsletter_access":"","_jetpack_dont_email_post_to_subs":false,"_jetpack_newsletter_tier_id":0,"_jetpack_memberships_contains_paywalled_content":false,"_jetpack_memberships_contains_paid_content":false,"footnotes":"","jetpack_publicize_message":"","jetpack_publicize_feature_enabled":true,"jetpack_social_post_already_shared":true,"jetpack_social_options":{"image_generator_settings":{"template":"highway","default_image_id":0,"font":"","enabled":false},"version":2},"_wpas_customize_per_network":false},"categories":[21],"tags":[7084],"class_list":["post-91141","post","type-post","status-publish","format-standard","has-post-thumbnail","hentry","category-deportes","tag-mercedes-rugby-club","generate-columns","tablet-grid-50","mobile-grid-100","grid-parent","grid-50"],"jetpack_publicize_connections":[],"jetpack_featured_media_url":"https:\/\/www.hoymercedes.com.ar\/principal\/wp-content\/uploads\/2019\/04\/Captura-de-pantalla-2019-04-10-09.12.01.png","wps_subtitle":"","jetpack_sharing_enabled":true,"_links":{"self":[{"href":"https:\/\/www.hoymercedes.com.ar\/principal\/wp-json\/wp\/v2\/posts\/91141","targetHints":{"allow":["GET"]}}],"collection":[{"href":"https:\/\/www.hoymercedes.com.ar\/principal\/wp-json\/wp\/v2\/posts"}],"about":[{"href":"https:\/\/www.hoymercedes.com.ar\/principal\/wp-json\/wp\/v2\/types\/post"}],"author":[{"embeddable":true,"href":"https:\/\/www.hoymercedes.com.ar\/principal\/wp-json\/wp\/v2\/users\/1"}],"replies":[{"embeddable":true,"href":"https:\/\/www.hoymercedes.com.ar\/principal\/wp-json\/wp\/v2\/comments?post=91141"}],"version-history":[{"count":0,"href":"https:\/\/www.hoymercedes.com.ar\/principal\/wp-json\/wp\/v2\/posts\/91141\/revisions"}],"wp:featuredmedia":[{"embeddable":true,"href":"https:\/\/www.hoymercedes.com.ar\/principal\/wp-json\/wp\/v2\/media\/91142"}],"wp:attachment":[{"href":"https:\/\/www.hoymercedes.com.ar\/principal\/wp-json\/wp\/v2\/media?parent=91141"}],"wp:term":[{"taxonomy":"category","embeddable":true,"href":"https:\/\/www.hoymercedes.com.ar\/principal\/wp-json\/wp\/v2\/categories?post=91141"},{"taxonomy":"post_tag","embeddable":true,"href":"https:\/\/www.hoymercedes.com.ar\/principal\/wp-json\/wp\/v2\/tags?post=91141"}],"curies":[{"name":"wp","href":"https:\/\/api.w.org\/{rel}","templated":true}]}}