{"id":91149,"date":"2019-04-10T18:52:00","date_gmt":"2019-04-10T21:52:00","guid":{"rendered":"http:\/\/www.hoymercedes.com.ar\/principal\/?p=91149"},"modified":"2019-04-10T09:54:04","modified_gmt":"2019-04-10T12:54:04","slug":"dos-podios-para-el-centro-ecuestre-maria-silvina-en-el-inicio-de-la-ahdo","status":"publish","type":"post","link":"https:\/\/www.hoymercedes.com.ar\/principal\/2019\/04\/10\/dos-podios-para-el-centro-ecuestre-maria-silvina-en-el-inicio-de-la-ahdo\/","title":{"rendered":"Dos podios para el Centro Ecuestre Mar\u00eda Silvina en el inicio de la AHDO"},"content":{"rendered":"\n<p>El pasado domingo 7 de abril se realizo en las instalaciones del Campo Hipico La Candela de Chivilcoy la primera fecha del torneo Amistosos Hipicos del Oeste. En el se hicieron presentes amazonas y jinetes de Azul, Bragado, 9 de Julio, Jun\u00edn, Lujan y Mercedes.<\/p>\n\n\n\n<figure class=\"wp-block-image\"><img loading=\"lazy\" decoding=\"async\" width=\"800\" height=\"574\" data-attachment-id=\"91150\" data-permalink=\"https:\/\/www.hoymercedes.com.ar\/principal\/2019\/04\/10\/dos-podios-para-el-centro-ecuestre-maria-silvina-en-el-inicio-de-la-ahdo\/dequi\/#main\" data-orig-file=\"https:\/\/www.hoymercedes.com.ar\/principal\/wp-content\/uploads\/2019\/04\/dequi.jpg\" data-orig-size=\"800,574\" data-comments-opened=\"0\" data-image-meta=\"{&quot;aperture&quot;:&quot;0&quot;,&quot;credit&quot;:&quot;&quot;,&quot;camera&quot;:&quot;&quot;,&quot;caption&quot;:&quot;&quot;,&quot;created_timestamp&quot;:&quot;0&quot;,&quot;copyright&quot;:&quot;&quot;,&quot;focal_length&quot;:&quot;0&quot;,&quot;iso&quot;:&quot;0&quot;,&quot;shutter_speed&quot;:&quot;0&quot;,&quot;title&quot;:&quot;&quot;,&quot;orientation&quot;:&quot;0&quot;}\" data-image-title=\"dequi\" data-image-description=\"\" data-image-caption=\"\" data-large-file=\"https:\/\/www.hoymercedes.com.ar\/principal\/wp-content\/uploads\/2019\/04\/dequi.jpg\" src=\"https:\/\/www.hoymercedes.com.ar\/principal\/wp-content\/uploads\/2019\/04\/dequi.jpg\" alt=\"\" class=\"wp-image-91150\" srcset=\"https:\/\/www.hoymercedes.com.ar\/principal\/wp-content\/uploads\/2019\/04\/dequi.jpg 800w, https:\/\/www.hoymercedes.com.ar\/principal\/wp-content\/uploads\/2019\/04\/dequi-150x108.jpg 150w, https:\/\/www.hoymercedes.com.ar\/principal\/wp-content\/uploads\/2019\/04\/dequi-630x452.jpg 630w\" sizes=\"auto, (max-width: 800px) 100vw, 800px\" \/><\/figure>\n\n\n\n<p>El Centro Ecuestre Mar\u00eda Silvina se hizo presente y sus clasificados fueron:<\/p>\n\n\n\n<ul class=\"wp-block-list\"><li><strong>En 30 cm:<\/strong><\/li><\/ul>\n\n\n\n<p>5\u00ba puesto para Luisina Martinelli con Euro<\/p>\n\n\n\n<p>7\u00ba puesto para Manuela Campos con Elegida. Recibi\u00f3 cucarda de debutante Clementina Renaldo con Elegida.<\/p>\n\n\n\n<ul class=\"wp-block-list\"><li><strong>En 40 cm:<\/strong><\/li><\/ul>\n\n\n\n<p>4\u00ba puesto para F\u00e1tima Averame con Euro.<\/p>\n\n\n\n<p>Tambi\u00e9n particip\u00f3 Agust\u00edn Ciollaro con Zeus.<\/p>\n\n\n\n<ul class=\"wp-block-list\"><li><strong>En 50 cm:<\/strong><\/li><\/ul>\n\n\n\n<p>3\u00ba puesto Bel\u00e9n Arocena con Elegida<\/p>\n\n\n\n<p>4\u00ba puesto Cloe Guardines con Ulises II<\/p>\n\n\n\n<p>Participaron Lucia Mitarotonda y Abril Guardines.<\/p>\n\n\n\n<ul class=\"wp-block-list\"><li><strong>En 60 cm:<\/strong><\/li><\/ul>\n\n\n\n<p>Participo Luciana Ju\u00e1rez Nasso con Talisman.<\/p>\n\n\n\n<ul class=\"wp-block-list\"><li><strong>En 70 cm:<\/strong><\/li><\/ul>\n\n\n\n<p>Participo Catalina Revello con Don Pablo.<\/p>\n\n\n\n<ul class=\"wp-block-list\"><li><strong>En 80 cm:<\/strong><\/li><\/ul>\n\n\n\n<p>1\u00ba puesto para Maria Paz Rey Pruzzo con BP Jofre.<\/p>\n\n\n\n<p>2\u00ba puesto para Joaquina Dellafontana con Electra.<\/p>\n\n\n\n<ul class=\"wp-block-list\"><li><strong>En 90 cm:<\/strong><\/li><\/ul>\n\n\n\n<p>5\u00ba puesto para Joaquina Dellafontana con Electra.<\/p>\n\n\n\n<ul class=\"wp-block-list\"><li><strong>En 1 metro:<\/strong><\/li><\/ul>\n\n\n\n<p>4\u00ba puesto para Maria Belen Rey Pruzzo con Kings Eagle.<\/p>\n\n\n\n<p>El Centro Ecuestre Mar\u00eda Silvina felicita a todos los alumnos y al profesor Lucas Rey, que d\u00eda a d\u00eda sigue demostrando que con esfuerzo y compromiso, todo el trabajo diario da sus frutos. Adem\u00e1s, tambi\u00e9n se hace extensivo el saludo a todas las familias de Mar\u00eda Silvina por el apoyo incondicional.<\/p>\n","protected":false},"excerpt":{"rendered":"<p>El pasado domingo 7 de abril se realizo en las instalaciones del Campo Hipico La Candela de Chivilcoy la primera &#8230; <a title=\"Dos podios para el Centro Ecuestre Mar\u00eda Silvina en el inicio de la AHDO\" class=\"read-more\" href=\"https:\/\/www.hoymercedes.com.ar\/principal\/2019\/04\/10\/dos-podios-para-el-centro-ecuestre-maria-silvina-en-el-inicio-de-la-ahdo\/\" aria-label=\"Leer m\u00e1s sobre Dos podios para el Centro Ecuestre Mar\u00eda Silvina en el inicio de la AHDO\">Leer m\u00e1s<\/a><\/p>\n","protected":false},"author":1,"featured_media":91150,"comment_status":"closed","ping_status":"open","sticky":false,"template":"","format":"standard","meta":{"_monsterinsights_skip_tracking":false,"_monsterinsights_sitenote_active":false,"_monsterinsights_sitenote_note":"","_monsterinsights_sitenote_category":0,"jetpack_post_was_ever_published":false,"_jetpack_newsletter_access":"","_jetpack_dont_email_post_to_subs":false,"_jetpack_newsletter_tier_id":0,"_jetpack_memberships_contains_paywalled_content":false,"_jetpack_memberships_contains_paid_content":false,"footnotes":"","jetpack_publicize_message":"","jetpack_publicize_feature_enabled":true,"jetpack_social_post_already_shared":true,"jetpack_social_options":{"image_generator_settings":{"template":"highway","default_image_id":0,"font":"","enabled":false},"version":2},"_wpas_customize_per_network":false},"categories":[21],"tags":[13447,1821],"class_list":["post-91149","post","type-post","status-publish","format-standard","has-post-thumbnail","hentry","category-deportes","tag-centro-ecuestre-maria-silvina","tag-equitacion","generate-columns","tablet-grid-50","mobile-grid-100","grid-parent","grid-50"],"jetpack_publicize_connections":[],"jetpack_featured_media_url":"https:\/\/www.hoymercedes.com.ar\/principal\/wp-content\/uploads\/2019\/04\/dequi.jpg","wps_subtitle":"Equitaci\u00f3n","jetpack_sharing_enabled":true,"_links":{"self":[{"href":"https:\/\/www.hoymercedes.com.ar\/principal\/wp-json\/wp\/v2\/posts\/91149","targetHints":{"allow":["GET"]}}],"collection":[{"href":"https:\/\/www.hoymercedes.com.ar\/principal\/wp-json\/wp\/v2\/posts"}],"about":[{"href":"https:\/\/www.hoymercedes.com.ar\/principal\/wp-json\/wp\/v2\/types\/post"}],"author":[{"embeddable":true,"href":"https:\/\/www.hoymercedes.com.ar\/principal\/wp-json\/wp\/v2\/users\/1"}],"replies":[{"embeddable":true,"href":"https:\/\/www.hoymercedes.com.ar\/principal\/wp-json\/wp\/v2\/comments?post=91149"}],"version-history":[{"count":0,"href":"https:\/\/www.hoymercedes.com.ar\/principal\/wp-json\/wp\/v2\/posts\/91149\/revisions"}],"wp:featuredmedia":[{"embeddable":true,"href":"https:\/\/www.hoymercedes.com.ar\/principal\/wp-json\/wp\/v2\/media\/91150"}],"wp:attachment":[{"href":"https:\/\/www.hoymercedes.com.ar\/principal\/wp-json\/wp\/v2\/media?parent=91149"}],"wp:term":[{"taxonomy":"category","embeddable":true,"href":"https:\/\/www.hoymercedes.com.ar\/principal\/wp-json\/wp\/v2\/categories?post=91149"},{"taxonomy":"post_tag","embeddable":true,"href":"https:\/\/www.hoymercedes.com.ar\/principal\/wp-json\/wp\/v2\/tags?post=91149"}],"curies":[{"name":"wp","href":"https:\/\/api.w.org\/{rel}","templated":true}]}}